{"id":421376,"date":"2025-09-27T12:30:15","date_gmt":"2025-09-27T12:30:15","guid":{"rendered":"https:\/\/www.europesays.com\/fr\/421376\/"},"modified":"2025-09-27T12:30:15","modified_gmt":"2025-09-27T12:30:15","slug":"en-direct-coupe-du-monde-feminine-de-rugby-impuissantes-les-bleus-subissent-la-loi-des-black-ferns","status":"publish","type":"post","link":"https:\/\/www.europesays.com\/fr\/421376\/","title":{"rendered":"EN DIRECT &#8211; Coupe du monde f\u00e9minine de rugby : impuissantes, les Bleus subissent la loi des Black Ferns"},"content":{"rendered":"<p class=\"fig-paragraph\">L\u2019explosive troisi\u00e8me-ligne aile Jorja Miller est de retour dans une \u00e9quipe ayant subi deux changements par rapport \u00e0 celle battue par le Canada en demi-finale . Absente \u00e0 cause d\u2019une blessure lors du match de la d\u00e9sillusion (34-19) contre les Canadiennes, Jorja Miller, d\u00e9j\u00e0 quatre essais \u00e0 son actif, effectue son retour alors que la co-capitaine Kennedy Tukuafu sort du groupe des 23.<\/p>\n<p class=\"fig-paragraph\">L\u2019autre changement d\u00e9cid\u00e9 par le s\u00e9lectionneur Allan Bunting concerne la deuxi\u00e8me ligne avec la titularisation de Laura Bayfield \u00e0 la place d\u2019Alana Bremner, qui glisse sur le banc. Le reste de l\u2019\u00e9quipe charg\u00e9e de sauver l\u2019honneur des sextuples championnes du monde et doubles championnes du monde en titre est sans surprise, avec notamment \u00e0 l\u2019aile droite la r\u00e9v\u00e9lation Braxton Sorensen-McGee, 18 ans, meilleure marqueuse de cette comp\u00e9tition avec neuf essais.<\/p>\n<p class=\"fig-paragraph\">Sur l\u2019autre aile, Portia Woodman-Wickliffe, devenue la meilleure scoreuse du rugby n\u00e9o-z\u00e9landais durant ce Mondial, devant la l\u00e9gende Doug Howlett, avec 50 essais contre 49, le tout en seulement 30 s\u00e9lections contre 63 pour l\u2019ancien ailier All Black, tentera d\u2019am\u00e9liorer son record.<\/p>\n<p class=\"fig-paragraph\"><strong>Le XV de d\u00e9part\u00a0: <\/strong>Holmes &#8211; Sorensen-Mcgee, Waaka, Brunt, Woodman-Wickliffe &#8211; Demant (cap.), Pouri-Lane &#8211; Olsen-Baker, Miller, Mikaele-Tu\u2019u &#8211; Bayfield, Roos &#8211; Kalounivale, Ponsonby, Viliko.<\/p>\n<p class=\"fig-paragraph\"><strong>Rempla\u00e7antes\u00a0:<\/strong> Green, Tangen-Wainohu, Rule, Bremner, Sae, Joseph, Setefano, Vahaakolo.<\/p>\n","protected":false},"excerpt":{"rendered":"L\u2019explosive troisi\u00e8me-ligne aile Jorja Miller est de retour dans une \u00e9quipe ayant subi deux changements par rapport \u00e0&hellip;\n","protected":false},"author":2,"featured_media":421377,"comment_status":"","ping_status":"","sticky":false,"template":"","format":"standard","meta":{"footnotes":""},"categories":[9],"tags":[2306,47,525,3984,451,13070,64,1011,27,1922,9414,1980,479,2259,2307,60,513],"class_list":{"0":"post-421376","1":"post","2":"type-post","3":"status-publish","4":"format-standard","5":"has-post-thumbnail","7":"category-sports","8":"tag-6-nations","9":"tag-actualite","10":"tag-calendrier","11":"tag-composition","12":"tag-coupe-du-monde","13":"tag-coupe-du-monde-de-rugby-feminine","14":"tag-equipe-de-france","15":"tag-fr","16":"tag-france","17":"tag-info","18":"tag-marcoussis","19":"tag-resultats","20":"tag-rugby","21":"tag-score","22":"tag-six-nations","23":"tag-sports","24":"tag-xv-de-france"},"share_on_mastodon":{"url":"https:\/\/pubeurope.com\/@fr\/115276272394223649","error":""},"_links":{"self":[{"href":"https:\/\/www.europesays.com\/fr\/wp-json\/wp\/v2\/posts\/421376","targetHints":{"allow":["GET"]}}],"collection":[{"href":"https:\/\/www.europesays.com\/fr\/wp-json\/wp\/v2\/posts"}],"about":[{"href":"https:\/\/www.europesays.com\/fr\/wp-json\/wp\/v2\/types\/post"}],"author":[{"embeddable":true,"href":"https:\/\/www.europesays.com\/fr\/wp-json\/wp\/v2\/users\/2"}],"replies":[{"embeddable":true,"href":"https:\/\/www.europesays.com\/fr\/wp-json\/wp\/v2\/comments?post=421376"}],"version-history":[{"count":0,"href":"https:\/\/www.europesays.com\/fr\/wp-json\/wp\/v2\/posts\/421376\/revisions"}],"wp:featuredmedia":[{"embeddable":true,"href":"https:\/\/www.europesays.com\/fr\/wp-json\/wp\/v2\/media\/421377"}],"wp:attachment":[{"href":"https:\/\/www.europesays.com\/fr\/wp-json\/wp\/v2\/media?parent=421376"}],"wp:term":[{"taxonomy":"category","embeddable":true,"href":"https:\/\/www.europesays.com\/fr\/wp-json\/wp\/v2\/categories?post=421376"},{"taxonomy":"post_tag","embeddable":true,"href":"https:\/\/www.europesays.com\/fr\/wp-json\/wp\/v2\/tags?post=421376"}],"curies":[{"name":"wp","href":"https:\/\/api.w.org\/{rel}","templated":true}]}}