{"id":421381,"date":"2025-09-27T12:33:10","date_gmt":"2025-09-27T12:33:10","guid":{"rendered":"https:\/\/www.europesays.com\/fr\/421381\/"},"modified":"2025-09-27T12:33:10","modified_gmt":"2025-09-27T12:33:10","slug":"choc-sur-la-fiche-de-paie-ce-qui-attend-les-hommes-en-couple-des-la-rentree-2025","status":"publish","type":"post","link":"https:\/\/www.europesays.com\/fr\/421381\/","title":{"rendered":"Choc sur la fiche de paie : ce qui attend les hommes en couple d\u00e8s la rentr\u00e9e 2025"},"content":{"rendered":"<p>La rentr\u00e9e 2025 promet son lot de surprises, mais celle-ci risque bien de faire couler de l&rsquo;encre. D\u00e9but septembre, nombre d&rsquo;hommes en couple vont constater un choc en consultant leur fiche de paie : un pr\u00e9l\u00e8vement \u00e0 la source en hausse nette, moins de salaire disponible\u2026 et pas franchement de compensation imm\u00e9diate \u00e0 esp\u00e9rer. \u00c0 l&rsquo;heure o\u00f9 le pouvoir d&rsquo;achat est sur toutes les l\u00e8vres, cette mesure issue d&rsquo;une r\u00e9forme de la fiscalit\u00e9, discr\u00e8te en surface mais majeure en profondeur, se concentre sur des ajustements jusqu&rsquo;alors m\u00e9connus du grand public. Non, il ne s&rsquo;agit pas d&rsquo;une simple augmentation d&rsquo;imp\u00f4t g\u00e9n\u00e9ralis\u00e9e, mais d&rsquo;un <strong>bouleversement bien cibl\u00e9<\/strong>, qui vient bousculer les habitudes financi\u00e8res de nombreux couples. Voici pourquoi, comment et surtout ce qu&rsquo;il est possible d&rsquo;anticiper pour ne pas avoir de mauvaises surprises au c\u0153ur de l&rsquo;automne.<\/p>\n<p>Nouvelle r\u00e8gle fiscale : pourquoi les hommes en couple vont y perdre d\u00e8s la rentr\u00e9e 2025<\/p>\n<p>La fiscalit\u00e9 fran\u00e7aise n&rsquo;est jamais avare de rebondissements, mais celui-ci risque v\u00e9ritablement de secouer les foyers. D\u00e8s le mois de septembre 2025, la <strong>g\u00e9n\u00e9ralisation du taux de pr\u00e9l\u00e8vement \u00e0 la source individualis\u00e9<\/strong> va bouleverser la donne pour les couples mari\u00e9s ou pacs\u00e9s.<\/p>\n<p>Jusqu&rsquo;\u00e0 pr\u00e9sent, c&rsquo;\u00e9tait le taux commun \u2013 le fameux taux foyer \u2013 qui s&rsquo;appliquait par d\u00e9faut sur les salaires. En clair, les conjoints voyaient leur imp\u00f4t pr\u00e9lev\u00e9 au m\u00eame pourcentage, peu importe l&rsquo;\u00e9cart de leurs revenus. Ce syst\u00e8me avait ses soutiens et ses d\u00e9tracteurs, mais il laissait une marge de man\u0153uvre \u00e0 certains&#8230;<\/p>\n<p>Or, \u00e0 la rentr\u00e9e 2025, place au taux individualis\u00e9 par d\u00e9faut : dor\u00e9navant, chaque conjoint sera pr\u00e9lev\u00e9 en fonction de ses propres revenus. L&rsquo;objectif affich\u00e9 ? Corriger une vieille iniquit\u00e9\u2026 qui au passage va, concr\u00e8tement, augmenter le PAS (pr\u00e9l\u00e8vement \u00e0 la source) sur la fiche de paie du mieux pay\u00e9 du couple \u2013 autrement dit, statistiquement, de l&rsquo;homme dans trois cas sur quatre.<\/p>\n<p>Alors, <strong>\u00e0 qui profite r\u00e9ellement ce changement<\/strong> ? Si certains y voient une forme d&rsquo;\u00e9quit\u00e9 retrouv\u00e9e, d&rsquo;autres d\u00e9noncent une mesure qui risque d&rsquo;alourdir la charge mentale et financi\u00e8re de nombreuses familles. Le d\u00e9bat est loin d&rsquo;\u00eatre clos.<\/p>\n<p>Salaire net en baisse : comment la fiche de paie va r\u00e9v\u00e9ler la diff\u00e9rence<\/p>\n<p>La surprise risque d&rsquo;\u00eatre de taille lors de la r\u00e9ception de la premi\u00e8re paie de septembre. Changement de taux, changement de vie ? Pas tout \u00e0 fait, mais pour une partie des m\u00e9nages, la baisse du salaire net sera <strong>imm\u00e9diatement visible<\/strong>, g\u00e9n\u00e9rant forc\u00e9ment crispations et questionnements.<\/p>\n<p>Imaginons un couple, sans enfant, o\u00f9 le premier conjoint gagne 1 600 \u20ac net mensuels et l&rsquo;autre 3 500 \u20ac \u2013 une configuration fr\u00e9quente en France. Avec un imp\u00f4t annuel global de 3 574 \u20ac, le taux commun appliqu\u00e9 jusque-l\u00e0 \u00e9tait de 5,8 % : chacun voyait donc une somme identique pr\u00e9lev\u00e9e, soit 93 \u20ac pour l&rsquo;un, 203 \u20ac pour l&rsquo;autre.<\/p>\n<p>D\u00e9sormais, la donne change radicalement : avec le taux individualis\u00e9, le pr\u00e9l\u00e8vement mensuel de l&rsquo;\u00e9pouse tombe \u00e0 6 \u20ac, celui de son conjoint bondit \u00e0 290 \u20ac. Le tableau ci-dessous illustre ce <strong>grand \u00e9cart financier<\/strong> :<\/p>\n<tr>\nSituation<br \/>\nConjoint aux revenus faibles<br \/>\nConjoint aux revenus \u00e9lev\u00e9s<br \/>\nMontant Total du PAS<br \/>\n<\/tr>\n<tr>\n<td>Ancien Taux Commun (5,8%)<\/td>\n<td>93 \u20ac \/ mois<\/td>\n<td>203 \u20ac \/ mois<\/td>\n<td>296 \u20ac \/ mois<\/td>\n<\/tr>\n<tr>\n<td>Nouveau Taux Individualis\u00e9<\/td>\n<td>6 \u20ac \/ mois (0,4%)<\/td>\n<td>290 \u20ac \/ mois (8,3%)<\/td>\n<td>296 \u20ac \/ mois<\/td>\n<\/tr>\n<p>C&rsquo;est donc 87 \u20ac de moins sur la fiche de paie mensuelle du conjoint le mieux pay\u00e9\u2026 Autant d&rsquo;euros en plus pour l&rsquo;autre membre du foyer, et un budget familial \u00e0 repenser en profondeur. Les simulateurs en ligne commencent d\u00e9j\u00e0 \u00e0 s&rsquo;activer, r\u00e9v\u00e9lant que, pour beaucoup, l&rsquo;impact sera tout sauf marginal.<\/p>\n<p>Au final, le montant d&rsquo;imp\u00f4t \u00e0 l&rsquo;ann\u00e9e ne change pas d&rsquo;un centime : seule la r\u00e9partition mensuelle \u00e9volue. Mais dans un contexte o\u00f9 les \u00e9carts de revenus sont souvent un sujet sensible, cette <strong>modification pourrait bien rebattre les cartes<\/strong> dans la gestion du foyer, de la r\u00e9partition des d\u00e9penses \u00e0 la perception du pouvoir d&rsquo;achat individuel.<\/p>\n<p>Les hommes en couple en premi\u00e8re ligne : injustice fiscale ou ajustement \u00e9quitable ?<\/p>\n<p>Pourquoi les hommes en couple sont-ils particuli\u00e8rement concern\u00e9s ? Tout simplement parce que le taux commun profitait, dans de nombreux cas, au conjoint ayant les plus hauts revenus\u2026 qui restait pr\u00e9lev\u00e9 \u00e0 un taux inf\u00e9rieur \u00e0 celui qui correspondrait \u00e0 sa situation s&rsquo;il \u00e9tait c\u00e9libataire. Un <strong>avantage discret mais bien r\u00e9el<\/strong>, souvent pass\u00e9 inaper\u00e7u\u2026 jusqu&rsquo;\u00e0 aujourd&rsquo;hui.<\/p>\n<p>La r\u00e9forme vient donc corriger ce que beaucoup qualifiaient d&rsquo;iniquit\u00e9 : le conjoint le moins r\u00e9mun\u00e9r\u00e9, majoritairement la femme, supportait jusqu&rsquo;\u00e0 pr\u00e9sent un effort fiscal disproportionn\u00e9. Le choc ressenti concerne donc surtout le conjoint le mieux pay\u00e9, contraint enfin de supporter sa juste part du pr\u00e9l\u00e8vement \u00e0 la source.<\/p>\n<p>En cette rentr\u00e9e, nombreux sont ceux qui s&rsquo;interrogent : s&rsquo;agit-il d&rsquo;une injustice pour les hommes, soudain frapp\u00e9s d&rsquo;une taxe suppl\u00e9mentaire, ou d&rsquo;une \u00e9volution salutaire pour une gestion plus \u00e9quitable du budget ? Les syndicats expriment des inqui\u00e9tudes sur l&rsquo;impact psychologique et l&rsquo;organisation des d\u00e9penses, pendant que dans les bureaux, le sujet promet d&rsquo;animer vivement les conversations.<\/p>\n<p>Si la mesure cherche \u00e0 r\u00e9concilier \u00e9quit\u00e9 et efficacit\u00e9, elle n&rsquo;est pas exempte de critiques. Elle questionne aussi sur la bonne fa\u00e7on de maintenir l&rsquo;\u00e9quilibre au sein du couple, alors que la soci\u00e9t\u00e9 \u00e9volue vers plus de transparence financi\u00e8re, mais reste attach\u00e9e \u00e0 certaines logiques de <strong>solidarit\u00e9 conjugale<\/strong>.<\/p>\n<p> Ce que les couples doivent anticiper pour limiter la casse<\/p>\n<p>La rentr\u00e9e 2025 arrive \u00e0 grands pas : il est donc temps de passer \u00e0 la pratique. Premi\u00e8re r\u00e8gle : anticiper l&rsquo;impact budg\u00e9taire d\u00e8s \u00e0 pr\u00e9sent, et reconsid\u00e9rer la r\u00e9partition des charges, au sein du couple, pour \u00e9viter toute incompr\u00e9hension \u2013 ou tout sentiment d&rsquo;injustice.<\/p>\n<p>Quelques conseils simples \u00e0 appliquer : <strong>revoir le partage des d\u00e9penses courantes<\/strong> (loyer, cr\u00e9dits, courses\u2026), ajuster les virements ou participations en commun, et surtout, \u00e9tudier l&rsquo;option de conserver le taux de pr\u00e9l\u00e8vement commun. Car m\u00eame si le taux individualis\u00e9 est d\u00e9sormais la r\u00e8gle par d\u00e9faut, il reste possible de revenir au mode historique, en effectuant une d\u00e9marche expresse aupr\u00e8s de l&rsquo;administration fiscale via impots.gouv.fr ou sur la d\u00e9claration de revenus papier.<\/p>\n<p>Ce moment peut aussi \u00eatre l&rsquo;occasion, pour les couples, d&rsquo;engager un vrai dialogue sur les finances du m\u00e9nage. Mieux vaut aborder le sujet sereinement en septembre que sur le ton de la surprise devant la fiche de paie !<\/p>\n<p>Enfin, il sera utile de garder un \u0153il sur d&rsquo;autres r\u00e9formes susceptibles d&rsquo;impacter le budget familial, des nouveaux bar\u00e8mes fiscaux \u00e0 la revalorisation de certaines aides, en passant par la <strong>hausse potentielle des prix de l&rsquo;\u00e9nergie<\/strong> \u00e0 la veille de l&rsquo;hiver. L\u00e0 encore, l&rsquo;anticipation reste la cl\u00e9 d&rsquo;une rentr\u00e9e r\u00e9ussie !<\/p>\n<p> Tout ce qu&rsquo;il faut retenir sur la fin des taux individualis\u00e9s avantageux pour les hommes en couple<\/p>\n<p>D\u00e8s septembre 2025, la fiscalit\u00e9 fran\u00e7aise fait peau neuve pour les couples. L&rsquo;instauration du taux individualis\u00e9 par d\u00e9faut au pr\u00e9l\u00e8vement \u00e0 la source promet plus d&rsquo;\u00e9quit\u00e9 sur la fiche de paie, mais aussi, pour bon nombre d&rsquo;hommes en couple, une <strong>ponction mensuelle plus forte<\/strong> et un salaire net en recul \u2013 sans augmentation de l&rsquo;imp\u00f4t total \u00e0 la cl\u00e9, mais avec un r\u00e9el impact sur la gestion du quotidien.<\/p>\n<p>Loin d&rsquo;\u00eatre une simple formalit\u00e9 administrative, cette r\u00e9forme transforme subtilement la dynamique financi\u00e8re du foyer, redistribue l&rsquo;effort fiscal, et questionne la notion m\u00eame de justice budg\u00e9taire au sein du couple. Pour traverser ce changement sereinement, la meilleure strat\u00e9gie reste encore de dialoguer, d&rsquo;anticiper, et d&rsquo;explorer toutes les options propos\u00e9es par l&rsquo;administration. Apr\u00e8s tout, la gestion budg\u00e9taire est aussi une affaire d&rsquo;\u00e9quilibre, de compromis et d&rsquo;adaptation, m\u00eame face aux \u00e9volutions fiscales les plus significatives.<\/p>\n","protected":false},"excerpt":{"rendered":"La rentr\u00e9e 2025 promet son lot de surprises, mais celle-ci risque bien de faire couler de l&rsquo;encre. D\u00e9but&hellip;\n","protected":false},"author":2,"featured_media":421382,"comment_status":"","ping_status":"","sticky":false,"template":"","format":"standard","meta":{"footnotes":""},"categories":[6],"tags":[35,33,34,1011,27,56],"class_list":{"0":"post-421381","1":"post","2":"type-post","3":"status-publish","4":"format-standard","5":"has-post-thumbnail","7":"category-economie","8":"tag-business","9":"tag-economie","10":"tag-economy","11":"tag-fr","12":"tag-france","13":"tag-push"},"share_on_mastodon":{"url":"https:\/\/pubeurope.com\/@fr\/115276284191364923","error":""},"_links":{"self":[{"href":"https:\/\/www.europesays.com\/fr\/wp-json\/wp\/v2\/posts\/421381","targetHints":{"allow":["GET"]}}],"collection":[{"href":"https:\/\/www.europesays.com\/fr\/wp-json\/wp\/v2\/posts"}],"about":[{"href":"https:\/\/www.europesays.com\/fr\/wp-json\/wp\/v2\/types\/post"}],"author":[{"embeddable":true,"href":"https:\/\/www.europesays.com\/fr\/wp-json\/wp\/v2\/users\/2"}],"replies":[{"embeddable":true,"href":"https:\/\/www.europesays.com\/fr\/wp-json\/wp\/v2\/comments?post=421381"}],"version-history":[{"count":0,"href":"https:\/\/www.europesays.com\/fr\/wp-json\/wp\/v2\/posts\/421381\/revisions"}],"wp:featuredmedia":[{"embeddable":true,"href":"https:\/\/www.europesays.com\/fr\/wp-json\/wp\/v2\/media\/421382"}],"wp:attachment":[{"href":"https:\/\/www.europesays.com\/fr\/wp-json\/wp\/v2\/media?parent=421381"}],"wp:term":[{"taxonomy":"category","embeddable":true,"href":"https:\/\/www.europesays.com\/fr\/wp-json\/wp\/v2\/categories?post=421381"},{"taxonomy":"post_tag","embeddable":true,"href":"https:\/\/www.europesays.com\/fr\/wp-json\/wp\/v2\/tags?post=421381"}],"curies":[{"name":"wp","href":"https:\/\/api.w.org\/{rel}","templated":true}]}}