{"id":421388,"date":"2025-09-27T12:37:12","date_gmt":"2025-09-27T12:37:12","guid":{"rendered":"https:\/\/www.europesays.com\/fr\/421388\/"},"modified":"2025-09-27T12:37:12","modified_gmt":"2025-09-27T12:37:12","slug":"lisa-smoczek-couronnee-apres-une-belle-et-longue-soiree","status":"publish","type":"post","link":"https:\/\/www.europesays.com\/fr\/421388\/","title":{"rendered":"Lisa Smoczek couronn\u00e9e apr\u00e8s une belle et longue soir\u00e9e"},"content":{"rendered":"<p class=\"insetTitle\">R\u00e9actions<\/p>\n<p class=\"txt\">La soir\u00e9e a \u00e9t\u00e9 magique<\/p>\n<p>Lisa Smoczek (Miss Corso 2025)<\/p>\n<p>\u00ab\u00a0Mes deux s\u0153urs avaient d\u00e9j\u00e0 particip\u00e9 et il fallait bien que je rel\u00e8ve le d\u00e9fi \u00e0 mon tour. La soir\u00e9e a vraiment \u00e9t\u00e9 magique. On s\u2019est toutes bien entendues. Je suis tr\u00e8s contente d\u2019\u00eatre l\u00e0. Quand on a dit mon nom, \u00e7a m\u2019a fait un choc, je ne m\u2019y attendais pas, c\u2019est du pur bonheur. J\u2019ai toujours voulu participer, depuis toute petite, je n\u2019ai pas rat\u00e9 un Corso et dimanche, j\u2019ai eu mes 18 ans, \u00e7a m\u2019a permis de participer cette ann\u00e9e.\u00a0\u00bb<\/p>\n<p class=\"txt\">Je vais enfin pouvoir \u00eatre sur le char<\/p>\n<p>Marine Baccaglioni, 1re \u00a0dauphine<\/p>\n<p>\u00ab\u00a0Je me suis pr\u00e9sent\u00e9e cette ann\u00e9e \u00e0 Miss Corso suite \u00e0 une d\u00e9ception. J\u2019ai \u00e9t\u00e9 \u00e9lue en 2019 premi\u00e8re Dauphine, d\u00e9j\u00e0, mais c\u2019\u00e9tait l\u2019ann\u00e9e de l\u2019accident et le Corso a \u00e9t\u00e9 annul\u00e9. L\u2019ann\u00e9e suivante, on a \u00e9t\u00e9 s\u00e9lectionn\u00e9 \u00e0 nouveau, mais c\u2019\u00e9tait le COVID et il a \u00e9t\u00e9 \u00e0 nouveau annul\u00e9. Je n\u2019ai donc pas connu le Corso. Je suis contente car je vais enfin pouvoir \u00eatre sur le char et saluer la foule. Toutes les filles \u00e9taient tr\u00e8s belles, c\u2019est une fiert\u00e9 et je suis super contente de retrouver ma couronne et je serai avec plaisir pr\u00e9sente sur les \u00e9v\u00e9nements, toute l\u2019ann\u00e9e.\u00a0\u00bb<\/p>\n<p class=\"txt\">J\u2019en r\u00eavais depuis toute petite<\/p>\n<p>L\u00e9a Tinoco, 2e\u00a0 dauphine<\/p>\n<p>\u00ab\u00a0C\u2019est une affaire familiale. Depuis toute petite, je viens avec ma m\u00e8re et ma grand-m\u00e8re, c\u2019\u00e9tait un r\u00eave de petite fille. \u00c7a a \u00e9t\u00e9 un grand honneur de participer. C\u2019est incroyable. J\u2019ai ador\u00e9 participer. \u00c7a provoque beaucoup d\u2019\u00e9motions. Je suis super contente et je recommande \u00e0 toutes les filles de participer. C\u2019est rest\u00e9 un jeu, on s\u2019est amus\u00e9, l\u2019ambiance \u00e9tait incroyable.\u00a0\u00bb<\/p>\n","protected":false},"excerpt":{"rendered":"R\u00e9actions La soir\u00e9e a \u00e9t\u00e9 magique Lisa Smoczek (Miss Corso 2025) \u00ab\u00a0Mes deux s\u0153urs avaient d\u00e9j\u00e0 particip\u00e9 et&hellip;\n","protected":false},"author":2,"featured_media":421389,"comment_status":"","ping_status":"","sticky":false,"template":"","format":"standard","meta":{"footnotes":""},"categories":[9653],"tags":[1111,11,2430,1687,7539,1777,674,3326,10282,10283,1011,27,12,25,4001],"class_list":{"0":"post-421388","1":"post","2":"type-post","3":"status-publish","4":"format-standard","5":"has-post-thumbnail","7":"category-saint-etienne","8":"tag-actu","9":"tag-actualites","10":"tag-auvergne-rhone-alpes","11":"tag-culture-loisirs","12":"tag-edition-loire-sud","13":"tag-eu","14":"tag-europe","15":"tag-fete-locale","16":"tag-firminy","17":"tag-firminy-ville","18":"tag-fr","19":"tag-france","20":"tag-news","21":"tag-republique-francaise","22":"tag-saint-etienne"},"share_on_mastodon":{"url":"https:\/\/pubeurope.com\/@fr\/115276300143356948","error":""},"_links":{"self":[{"href":"https:\/\/www.europesays.com\/fr\/wp-json\/wp\/v2\/posts\/421388","targetHints":{"allow":["GET"]}}],"collection":[{"href":"https:\/\/www.europesays.com\/fr\/wp-json\/wp\/v2\/posts"}],"about":[{"href":"https:\/\/www.europesays.com\/fr\/wp-json\/wp\/v2\/types\/post"}],"author":[{"embeddable":true,"href":"https:\/\/www.europesays.com\/fr\/wp-json\/wp\/v2\/users\/2"}],"replies":[{"embeddable":true,"href":"https:\/\/www.europesays.com\/fr\/wp-json\/wp\/v2\/comments?post=421388"}],"version-history":[{"count":0,"href":"https:\/\/www.europesays.com\/fr\/wp-json\/wp\/v2\/posts\/421388\/revisions"}],"wp:featuredmedia":[{"embeddable":true,"href":"https:\/\/www.europesays.com\/fr\/wp-json\/wp\/v2\/media\/421389"}],"wp:attachment":[{"href":"https:\/\/www.europesays.com\/fr\/wp-json\/wp\/v2\/media?parent=421388"}],"wp:term":[{"taxonomy":"category","embeddable":true,"href":"https:\/\/www.europesays.com\/fr\/wp-json\/wp\/v2\/categories?post=421388"},{"taxonomy":"post_tag","embeddable":true,"href":"https:\/\/www.europesays.com\/fr\/wp-json\/wp\/v2\/tags?post=421388"}],"curies":[{"name":"wp","href":"https:\/\/api.w.org\/{rel}","templated":true}]}}