{"id":42139,"date":"2025-04-21T18:44:20","date_gmt":"2025-04-21T18:44:20","guid":{"rendered":"https:\/\/www.europesays.com\/fr\/42139\/"},"modified":"2025-04-21T18:44:20","modified_gmt":"2025-04-21T18:44:20","slug":"hommage-aux-marocains-du-monde-lors-du-salon-du-livre-a-rabat","status":"publish","type":"post","link":"https:\/\/www.europesays.com\/fr\/42139\/","title":{"rendered":"hommage aux \u00abMarocains du monde\u00bb lors du salon du livre \u00e0 Rabat"},"content":{"rendered":"<p>AFP Videos &#8211; France<\/p>\n<p><a class=\"Td(n) C($inherit) LineClamp(2,45px) D(f) rapidnofollow\" data-uuid=\"d193d07e-9199-38b9-9ed7-3163edf9bd57\" href=\"https:\/\/fr.news.yahoo.com\/mort-pape-dame-paris-croyants-130427268.html\" data-ylk=\"elm:hdln;itc:0;pos:1;sec:strm;subsec:moreforyou;cpos:22;ct:video;g:d193d07e-9199-38b9-9ed7-3163edf9bd57\" data-hosted-type=\"HOSTED\" target=\"_blank\" rel=\"noopener\">Mort du pape: A Notre-Dame de Paris, croyants et touristes choqu\u00e9s et attrist\u00e9s<\/a><\/p>\n<p class=\"M(0) C($summaryColor) Fz(14px) Lh(1.43em) LineClamp(3,60px)\">REVOICI pour clients multim\u00e9dia\u00a0\u00bbDifficile de trouver quelqu&rsquo;un d&rsquo;autre aussi humain\u00a0\u00bb: sur le parvis de Notre-Dame, touristes et fid\u00e8les disaient leur tristesse, en ce lundi de P\u00e2ques, \u00e0 l&rsquo;annonce de la mort du pape Fran\u00e7ois.Sur le parvis bond\u00e9 de touristes faisant la queue, vers 11H00, pour entrer dans la cath\u00e9drale r\u00e9cemment rouverte au public apr\u00e8s son terrible incendie d&rsquo;avril 2019, beaucoup ne sont pas encore au courant de la mort de Fran\u00e7ois. D&rsquo;autres apprennent la mort du pape sur leur smartphone. \u00a0Croyants ou non, ils se disent \u00ab\u00a0tristes et choqu\u00e9s\u00a0\u00bb, \u00e0 l&rsquo;instar de Patricia, qui ne souhaite pas donner son nom de famille, compatriote argentine de Jorge Mario Bergoglio.\u00a0\u00bbIl repr\u00e9sentait la paix\u00a0\u00bb, affirme Martin, un jeune Fran\u00e7ais de 15 ans. \u00ab\u00a0Il \u00e9tait un exemple \u00e0 suivre\u00a0\u00bb, rend hommage Thomas Presley, Am\u00e9ricain venu de Caroline du Nord.\u00a0\u00bbCa va \u00eatre dur de travailler aujourd&rsquo;hui!\u00a0\u00bb affirme Renato Bustamente, guide colombien, qui soupire: \u00ab\u00a0\u00e7a faisait longtemps qu&rsquo;on n&rsquo;avait pas eu un pape latino-am\u00e9ricain, qui parle espagnol\u00a0\u00bb. Tr\u00e8s \u00e9mu, ce catholique ne parvient \u00e0 retenir ses larmes en \u00e9voquant un homme qui \u00ab\u00a0a fait beaucoup pour int\u00e9grer tout le monde a l&rsquo;Eglise, les pauvres, les discrimin\u00e9s\u00a0\u00bb.\u00a0\u00bbCa me touche, il avait propos\u00e9 des choses int\u00e9ressantes. J&rsquo;esp\u00e8re que ce sera suivi et qu&rsquo;on gardera certaines valeurs. Je l&rsquo;ai trouv\u00e9 moderne parce qu&rsquo;il a parl\u00e9 \u00e0 tout le monde\u00a0\u00bb, t\u00e9moigne Guillaume Georget, chef d&rsquo;entreprise.\u00a0Johanne Turgeon, Canadienne aux cheveux blancs, se dit \u00ab\u00a0triste\u00a0\u00bb et estime \u00ab\u00a0difficile de trouver quelqu&rsquo;un d&rsquo;autre aussi humain\u00a0\u00bb.\u00a0&#8211; Messes et veill\u00e9e -A 11H00 pr\u00e9cises, les cloches de la cath\u00e9drale sonnent 88 coups en hommage au pape d\u00e9c\u00e9d\u00e9 \u00e0 l&rsquo;\u00e2ge de 88 ans. La s\u00e9rie est conclue par une grande vol\u00e9e sous un ciel d&rsquo;\u00e9pais nuages gris.\u00a0\u00bbJe demande aux cur\u00e9s de Paris de faire sonner \u00e0 12h les cloches des \u00e9glises paroissiales de tout notre dioc\u00e8se\u00a0\u00bb, a affirm\u00e9 dans un communiqu\u00e9 l&rsquo;archev\u00eaque de Paris Laurent Ulrich, en rendant hommage \u00e0 un pape \u00ab\u00a0aussi libre dans sa parole que dans ses d\u00e9cisions\u00a0\u00bb.A l&rsquo;int\u00e9rieur de l&rsquo;\u00e9difice religieux embl\u00e9matique de Paris, un grand portrait de Fran\u00e7ois tr\u00f4ne d\u00e9j\u00e0 \u00e0 c\u00f4t\u00e9 du cierge pascal allum\u00e9 samedi soir pendant la vigie. Une messe \u00e0 l&rsquo;intention du pape a commenc\u00e9 \u00e0 midi.\u00a0\u00ab\u00a0Aujourd&rsquo;hui cette action de gr\u00e2ce prend un caract\u00e8re particulier\u00a0\u00bb, lance l&rsquo;abb\u00e9 Bertrand Dufour, chapelain de la cath\u00e9drale, en rappelant l'\u00a0\u00bbesp\u00e9rance pr\u00f4n\u00e9e par le pape Fran\u00e7ois qui a fait le th\u00e8me du jubil\u00e9\u00a0\u00bb, une c\u00e9l\u00e9bration ayant lieu tous les 25 ans dans l&rsquo;Eglise catholique.Une autre messe est pr\u00e9vue \u00e0 18H00 en pr\u00e9sence d&rsquo;officiels. A ce titre, la cath\u00e9drale sera ferm\u00e9e d\u00e8s 16H00. Vers 19H00 lundi, un chapelet, s\u00e9rie de pri\u00e8res, sera dit \u00e0 Notre-Dame puis \u00e0 20H00 une veill\u00e9e sera organis\u00e9e sans dur\u00e9e fix\u00e9e.La messe de 8H30 mardi sera \u00e9galement dite \u00e0 l&rsquo;intention du souverain pontife.La mort de Fran\u00e7ois, survenue au lendemain du dimanche de P\u00e2ques qui marque pour les catholiques la r\u00e9surrection de J\u00e9sus, prend une r\u00e9sonance particuli\u00e8re pour les fid\u00e8les sur le parvis.\u00a0\u00bbJe regardais encore hier la messe qui aurait d\u00fb \u00eatre dite par le pape. Il n&rsquo;avait pas l&rsquo;air en grande forme!\u00a0\u00bb, commente Myriam Dupuis, guide conf\u00e9renci\u00e8re.\u00a0\u00ab\u00a0Il a essay\u00e9 de faire avancer certaines choses au niveau de l&rsquo;Eglise,\u00a0c&rsquo;est plus difficile qu&rsquo;on ne le pense. Il y avait une tentative d&rsquo;\u00e9volution pour aller vers un monde plus moderne\u00a0\u00bb mais \u00ab\u00a0on ne sait pas ce qui va se passer, il va y avoir une lutte pour le pouvoir&#8230;\u00a0\u00bb, pronostique-t-elle avant d&rsquo;ajouter: \u00ab\u00a0Ca se passe un jour de P\u00e2ques, c&rsquo;est peut-\u00eatre un message divin !\u00a0\u00bbFranck Sauvaget-Sidon \u00e9coute les 88 coups de cloches. \u00ab\u00a0La f\u00eate de P\u00e2ques c&rsquo;est la r\u00e9surrection, il a tenu p\u00e9niblement jusqu&rsquo;\u00e0 cette date. (&#8230;) Il savait ses jours compt\u00e9s, pour lui la pression est retomb\u00e9e\u00a0\u00bb apr\u00e8s le dimanche de P\u00e2ques, observe le Mayennais.cg\/grd\/vk<\/p>\n","protected":false},"excerpt":{"rendered":"AFP Videos &#8211; France Mort du pape: A Notre-Dame de Paris, croyants et touristes choqu\u00e9s et attrist\u00e9s REVOICI&hellip;\n","protected":false},"author":2,"featured_media":42140,"comment_status":"","ping_status":"","sticky":false,"template":"","format":"standard","meta":{"footnotes":""},"categories":[1357],"tags":[1379,12805,58,59,1011,27,7243,1380,2223,12803,12802,12804],"class_list":{"0":"post-42139","1":"post","2":"type-post","3":"status-publish","4":"format-standard","5":"has-post-thumbnail","7":"category-livres","8":"tag-books","9":"tag-capitale-mondiale-du-livre","10":"tag-divertissement","11":"tag-entertainment","12":"tag-fr","13":"tag-france","14":"tag-le-monde","15":"tag-livres","16":"tag-maroc","17":"tag-marocains","18":"tag-rabat","19":"tag-siel"},"share_on_mastodon":{"url":"https:\/\/pubeurope.com\/@fr\/114377435644363955","error":""},"_links":{"self":[{"href":"https:\/\/www.europesays.com\/fr\/wp-json\/wp\/v2\/posts\/42139","targetHints":{"allow":["GET"]}}],"collection":[{"href":"https:\/\/www.europesays.com\/fr\/wp-json\/wp\/v2\/posts"}],"about":[{"href":"https:\/\/www.europesays.com\/fr\/wp-json\/wp\/v2\/types\/post"}],"author":[{"embeddable":true,"href":"https:\/\/www.europesays.com\/fr\/wp-json\/wp\/v2\/users\/2"}],"replies":[{"embeddable":true,"href":"https:\/\/www.europesays.com\/fr\/wp-json\/wp\/v2\/comments?post=42139"}],"version-history":[{"count":0,"href":"https:\/\/www.europesays.com\/fr\/wp-json\/wp\/v2\/posts\/42139\/revisions"}],"wp:featuredmedia":[{"embeddable":true,"href":"https:\/\/www.europesays.com\/fr\/wp-json\/wp\/v2\/media\/42140"}],"wp:attachment":[{"href":"https:\/\/www.europesays.com\/fr\/wp-json\/wp\/v2\/media?parent=42139"}],"wp:term":[{"taxonomy":"category","embeddable":true,"href":"https:\/\/www.europesays.com\/fr\/wp-json\/wp\/v2\/categories?post=42139"},{"taxonomy":"post_tag","embeddable":true,"href":"https:\/\/www.europesays.com\/fr\/wp-json\/wp\/v2\/tags?post=42139"}],"curies":[{"name":"wp","href":"https:\/\/api.w.org\/{rel}","templated":true}]}}