{"id":421402,"date":"2025-09-27T12:47:11","date_gmt":"2025-09-27T12:47:11","guid":{"rendered":"https:\/\/www.europesays.com\/fr\/421402\/"},"modified":"2025-09-27T12:47:11","modified_gmt":"2025-09-27T12:47:11","slug":"autoroute-a28-entre-rouen-et-le-mans-lechangeur-dalencon-sud-sera-ferme-pendant-une","status":"publish","type":"post","link":"https:\/\/www.europesays.com\/fr\/421402\/","title":{"rendered":"Autoroute A28\u00a0entre Rouen et Le Mans\u00a0: l\u2019\u00e9changeur d\u2019Alen\u00e7on sud sera ferm\u00e9 pendant une"},"content":{"rendered":"<p>Si vous circulez sur l\u2019autoroute entre Le Mans (Sarthe) et Alen\u00e7on (Orne) la semaine charni\u00e8re entre septembre et octobre, il faudra prendre vos dispositions. Vinci Autoroutes annonce que l\u2019\u00e9changeur n\u00b0\u00a019 d\u2019Alen\u00e7on sud sera ferm\u00e9 du lundi 29\u00a0septembre \u00e0 9\u00a0heures au vendredi 3\u00a0octobre \u00e0 18\u00a0heures.<\/p>\n<p>Des travaux et des op\u00e9rations de nettoyage vont \u00eatre men\u00e9s au niveau de cet \u00e9changeur situ\u00e9 en Sarthe et\u00a0n\u00e9cessiteront sa fermeture compl\u00e8te. Des itin\u00e9raires de d\u00e9viation seront mis en place pour\u00a0accompagner les conducteurs.<\/p>\n<p>Quels impacts sur vos conditions de circulation\u00a0?<\/p>\n<p><strong>Dans le sens sud-nord (Le Mans Rouen)<\/strong>, la bretelle de sortie en direction\u00a0d\u2019Alen\u00e7on et Mamers sera ferm\u00e9e et les conducteurs seront invit\u00e9s \u00e0 emprunter les routes d\u00e9partementales RD310, RD338, RD438.\u00a0La bretelle d\u2019entr\u00e9e \u00e0 l\u2019autoroute via l\u2019\u00e9changeur n\u00b0\u00a019 d\u2019Alen\u00e7on sud et en direction de Rouen sera ferm\u00e9e et les conducteurs seront invit\u00e9s \u00e0 rejoindre l\u2019\u00e9changeur n\u00b0\u00a018 d\u2019Alen\u00e7on nord par les routes d\u00e9partementales RD338\u00a0bis, RD438, RD112.<\/p>\n<p>+ <a href=\"https:\/\/rennes.maville.com\/actu\/actudet_-a-t-on-le-droit-de-doubler-un-convoi-exceptionnel-_53511-6992121_actu.Htm\" target=\"_blank\" rel=\"noopener\">A-t-on le droit de doubler un convoi exceptionnel\u00a0?<\/a> <\/p>\n<p><strong>Dans le sens nord-sud (Rouen Le Mans)<\/strong>, la bretelle de sortie en direction\u00a0d\u2019Alen\u00e7on sud et Mamers sera ferm\u00e9e et les conducteurs seront invit\u00e9s \u00e0 sortir \u00e0 l\u2019\u00e9changeur n\u00b0\u00a018 d\u2019Alen\u00e7on nord.\u00a0La bretelle d\u2019entr\u00e9e \u00e0 l\u2019autoroute via l\u2019\u00e9changeur n\u00b0\u00a019 d\u2019Alen\u00e7on sud et en direction du Mans sera ferm\u00e9e et les conducteurs seront invit\u00e9s \u00e0 rejoindre l\u2019\u00e9changeur n\u00b0\u00a020 en suivant les routes d\u00e9partementales RD338\u00a0bis, RD338, RD310.<\/p>\n<p>Changement pour les camions<\/p>\n<p>Vinci Autoroutes indique que la mise en place des d\u00e9viations aura pour cons\u00e9quence de lever l\u2019interdiction de circulation\u00a0des poids lourds pour la travers\u00e9e de la ville d\u2019Alen\u00e7on pendant les travaux.<\/p>\n<p>\u00a0<\/p>\n","protected":false},"excerpt":{"rendered":"Si vous circulez sur l\u2019autoroute entre Le Mans (Sarthe) et Alen\u00e7on (Orne) la semaine charni\u00e8re entre septembre et&hellip;\n","protected":false},"author":2,"featured_media":421403,"comment_status":"","ping_status":"","sticky":false,"template":"","format":"standard","meta":{"footnotes":""},"categories":[9587],"tags":[55064,1111,11,14015,6955,55065,1777,674,9095,1011,27,2047,12,5161,25,9590,5572,7053],"class_list":{"0":"post-421402","1":"post","2":"type-post","3":"status-publish","4":"format-standard","5":"has-post-thumbnail","7":"category-rouen","8":"tag-a28","9":"tag-actu","10":"tag-actualites","11":"tag-alencon","12":"tag-autoroute","13":"tag-echangeur","14":"tag-eu","15":"tag-europe","16":"tag-ferme","17":"tag-fr","18":"tag-france","19":"tag-mans","20":"tag-news","21":"tag-normandie","22":"tag-republique-francaise","23":"tag-rouen","24":"tag-semaine","25":"tag-sud"},"share_on_mastodon":{"url":"https:\/\/pubeurope.com\/@fr\/115276339239267581","error":""},"_links":{"self":[{"href":"https:\/\/www.europesays.com\/fr\/wp-json\/wp\/v2\/posts\/421402","targetHints":{"allow":["GET"]}}],"collection":[{"href":"https:\/\/www.europesays.com\/fr\/wp-json\/wp\/v2\/posts"}],"about":[{"href":"https:\/\/www.europesays.com\/fr\/wp-json\/wp\/v2\/types\/post"}],"author":[{"embeddable":true,"href":"https:\/\/www.europesays.com\/fr\/wp-json\/wp\/v2\/users\/2"}],"replies":[{"embeddable":true,"href":"https:\/\/www.europesays.com\/fr\/wp-json\/wp\/v2\/comments?post=421402"}],"version-history":[{"count":0,"href":"https:\/\/www.europesays.com\/fr\/wp-json\/wp\/v2\/posts\/421402\/revisions"}],"wp:featuredmedia":[{"embeddable":true,"href":"https:\/\/www.europesays.com\/fr\/wp-json\/wp\/v2\/media\/421403"}],"wp:attachment":[{"href":"https:\/\/www.europesays.com\/fr\/wp-json\/wp\/v2\/media?parent=421402"}],"wp:term":[{"taxonomy":"category","embeddable":true,"href":"https:\/\/www.europesays.com\/fr\/wp-json\/wp\/v2\/categories?post=421402"},{"taxonomy":"post_tag","embeddable":true,"href":"https:\/\/www.europesays.com\/fr\/wp-json\/wp\/v2\/tags?post=421402"}],"curies":[{"name":"wp","href":"https:\/\/api.w.org\/{rel}","templated":true}]}}