{"id":421404,"date":"2025-09-27T12:48:17","date_gmt":"2025-09-27T12:48:17","guid":{"rendered":"https:\/\/www.europesays.com\/fr\/421404\/"},"modified":"2025-09-27T12:48:17","modified_gmt":"2025-09-27T12:48:17","slug":"la-veuve-noire-condamnee-a-grenoble-a-25-ans-de-prison","status":"publish","type":"post","link":"https:\/\/www.europesays.com\/fr\/421404\/","title":{"rendered":"la veuve noire condamn\u00e9e \u00e0 Grenoble \u00e0 25 ans de prison"},"content":{"rendered":"<p itemprop=\"description\"><strong>Le verdict est tomb\u00e9 vendredi soir.<\/strong><\/p>\n<p>Conform\u00e9ment aux r\u00e9quisitions, la cour d&rsquo;assises de l&rsquo;Is\u00e8re a condamn\u00e9 M\u00e9lissa Bouasker \u00e0 25 ans de r\u00e9clusion criminelle pour le meurtre de son compagnon et la tentative de meurtre sur son pr\u00e9c\u00e9dent conjoint.<\/p>\n<p>Cette femme transgenre de 29 ans avait tu\u00e9 son compagnon en 2022 \u00e0 Corenc. Le corps du trentenaire avait \u00e9t\u00e9 retrouv\u00e9 dans leur appartement, lard\u00e9 de 41 coups de couteau. Il venait d&rsquo;annoncer \u00e0 son compagne qu&rsquo;il la quittait.<\/p>\n<p>Un an et demi plus t\u00f4t, elle ass\u00e9nait d\u00e9j\u00e0 six coups de couteau \u00e0 son pr\u00e9c\u00e9dent compagnon \u00e0 Fontaine.<\/p>\n<p>N\u00e9e Achref en Tunisie, la transgenre avait fui son pays o\u00f9 elle se disait pers\u00e9cut\u00e9e, notamment par sa famille.<\/p>\n<p>M\u00e9lissa Bouasker va faire appel de sa condamnation \u00e0 Grenoble.<\/p>\n","protected":false},"excerpt":{"rendered":"Le verdict est tomb\u00e9 vendredi soir. Conform\u00e9ment aux r\u00e9quisitions, la cour d&rsquo;assises de l&rsquo;Is\u00e8re a condamn\u00e9 M\u00e9lissa Bouasker&hellip;\n","protected":false},"author":2,"featured_media":421405,"comment_status":"","ping_status":"","sticky":false,"template":"","format":"standard","meta":{"footnotes":""},"categories":[9566],"tags":[1111,11,7733,8279,2430,7736,650,7734,2889,2263,1777,674,1011,27,2731,8280,6417,1114,108,4662,12,3725,1825,25,7737],"class_list":{"0":"post-421404","1":"post","2":"type-post","3":"status-publish","4":"format-standard","5":"has-post-thumbnail","7":"category-grenoble","8":"tag-actu","9":"tag-actualites","10":"tag-alpes","11":"tag-alpes1","12":"tag-auvergne-rhone-alpes","13":"tag-cds","14":"tag-cinema","15":"tag-ecoute","16":"tag-emission","17":"tag-equipe","18":"tag-eu","19":"tag-europe","20":"tag-fr","21":"tag-france","22":"tag-grenoble","23":"tag-haute","24":"tag-information","25":"tag-infos","26":"tag-isere","27":"tag-journal","28":"tag-news","29":"tag-podcast","30":"tag-radio","31":"tag-republique-francaise","32":"tag-winamp"},"share_on_mastodon":{"url":"https:\/\/pubeurope.com\/@fr\/115276343196162102","error":""},"_links":{"self":[{"href":"https:\/\/www.europesays.com\/fr\/wp-json\/wp\/v2\/posts\/421404","targetHints":{"allow":["GET"]}}],"collection":[{"href":"https:\/\/www.europesays.com\/fr\/wp-json\/wp\/v2\/posts"}],"about":[{"href":"https:\/\/www.europesays.com\/fr\/wp-json\/wp\/v2\/types\/post"}],"author":[{"embeddable":true,"href":"https:\/\/www.europesays.com\/fr\/wp-json\/wp\/v2\/users\/2"}],"replies":[{"embeddable":true,"href":"https:\/\/www.europesays.com\/fr\/wp-json\/wp\/v2\/comments?post=421404"}],"version-history":[{"count":0,"href":"https:\/\/www.europesays.com\/fr\/wp-json\/wp\/v2\/posts\/421404\/revisions"}],"wp:featuredmedia":[{"embeddable":true,"href":"https:\/\/www.europesays.com\/fr\/wp-json\/wp\/v2\/media\/421405"}],"wp:attachment":[{"href":"https:\/\/www.europesays.com\/fr\/wp-json\/wp\/v2\/media?parent=421404"}],"wp:term":[{"taxonomy":"category","embeddable":true,"href":"https:\/\/www.europesays.com\/fr\/wp-json\/wp\/v2\/categories?post=421404"},{"taxonomy":"post_tag","embeddable":true,"href":"https:\/\/www.europesays.com\/fr\/wp-json\/wp\/v2\/tags?post=421404"}],"curies":[{"name":"wp","href":"https:\/\/api.w.org\/{rel}","templated":true}]}}