{"id":421406,"date":"2025-09-27T12:49:17","date_gmt":"2025-09-27T12:49:17","guid":{"rendered":"https:\/\/www.europesays.com\/fr\/421406\/"},"modified":"2025-09-27T12:49:17","modified_gmt":"2025-09-27T12:49:17","slug":"je-suis-content-de-ce-quont-fait-les-joueurs-et-je-suis-fier-deux","status":"publish","type":"post","link":"https:\/\/www.europesays.com\/fr\/421406\/","title":{"rendered":"\u00ab je suis content de ce qu\u2019ont fait les joueurs et je suis fier d\u2019eux \u00bb"},"content":{"rendered":"<p>\t\t\t\t\t Un point pris \u00e0 l\u2019ext\u00e9rieur, c\u2019est toujours un point. Surtout quand on est dans la situation du Sporting Club de Bastia, toujours dernier de Ligue 2 apr\u00e8s huit journ\u00e9es avec trois points et z\u00e9ro victoire. Mais pour le coach bastiais, il faut pour l\u2019instant \u00e9luder la question du classement : \u00ab Il ne faut pas regarder le classement, il faut se lancer sur le moyen terme et garder la consistance qu\u2019on a pu avoir sur les derniers matchs. \u00bb <br \/>  Le bilan comptable viendra en temps voulu durant les prochains mois. Ce qui compte pour Beno\u00eet Tavenot, c\u2019est ce qu\u2019ont montr\u00e9 les Bastiais sur le terrain. Face \u00e0 Grenoble, le coach est satisfait : \u00ab Beaucoup de don de soi, et beaucoup d\u2019implication dans l\u2019animation d\u00e9fensive pour contrer l\u2019inf\u00e9riorit\u00e9 num\u00e9rique \u00bb apr\u00e8s l\u2019expulsion de J\u00e9r\u00e9my Sebas. <\/p>\n<p>En conf\u00e9rence de presse, un point de regret tout de m\u00eame pour Beno\u00eet Tavenot, qui estime que le vent des Alpes aurait pu tourner en faveur des siens : \u00ab On a des situations, si on les joue un peu mieux, on peut punir Grenoble. Sur le poteau d\u2019Aiki, on n\u2019est pas en r\u00e9ussite. \u00bb <br \/>L\u2019entra\u00eeneur bastiais a \u00e9galement salu\u00e9 \u00ab la solidit\u00e9 de ses joueurs \u00bb apr\u00e8s un tr\u00e8s long mois de septembre marqu\u00e9 par cinq rencontres disput\u00e9es \u00e0 intervalle rapproch\u00e9 et pas de tout repos, notamment sur le plan mental : \u00ab Les joueurs ont fait un gros travail, malgr\u00e9 des joueurs comme Ducrocq et Ariss qui ont fait cinq matchs pleins. \u00bb D\u2019o\u00f9 son choix d\u2019aligner une d\u00e9fense \u00e0 cinq d\u00e8s le d\u00e9but de la rencontre pour pr\u00e9server les ressources. <\/p>\n<p>D\u00e9sormais, Beno\u00eet Tavenot veut capitaliser sur cette \u00e9nergie pour enfin gagner : \u00ab J\u2019esp\u00e8re que \u00e7a a tourn\u00e9 un peu ce soir et que \u00e7a tournera d\u00e9finitivement la semaine prochaine face \u00e0 Dunkerque. Mais \u00e7a ne suffira pas. Nous n\u2019avons pas gagn\u00e9 un match en huit journ\u00e9es. On le tra\u00eene depuis de longs mois. Mais je sens tout le monde pr\u00eat, et je suis convaincu qu\u2019on va faire une s\u00e9rie \u00e0 un moment donn\u00e9. \u00bb <\/p>\n<p>Pour le coach bastiais, il faut d\u00e9sormais garder cette consistance, et il en est persuad\u00e9 : \u00ab On va r\u00e9cup\u00e9rer, faire une bonne semaine pour enfin go\u00fbter \u00e0 la victoire contre Dunkerque. On est dans un combat sur le moyen terme. \u00bb <\/p>\n<p>Le Sporting Club de Bastia affrontera Dunkerque le vendredi 3 octobre \u00e0 20 heures \u00e0 Furiani. <br \/>\u00a0\n\t\t\t\t <\/p>\n","protected":false},"excerpt":{"rendered":"Un point pris \u00e0 l\u2019ext\u00e9rieur, c\u2019est toujours un point. Surtout quand on est dans la situation du Sporting&hellip;\n","protected":false},"author":2,"featured_media":421407,"comment_status":"","ping_status":"","sticky":false,"template":"","format":"standard","meta":{"footnotes":""},"categories":[9566],"tags":[1111,55066,11,2430,55067,55068,1153,2517,11050,920,1777,674,63,55069,1011,27,13252,2731,55070,446,55071,55072,12,25,5628,55073,55074],"class_list":{"0":"post-421406","1":"post","2":"type-post","3":"status-publish","4":"format-standard","5":"has-post-thumbnail","7":"category-grenoble","8":"tag-actu","9":"tag-actualite-sportive-corse","10":"tag-actualites","11":"tag-auvergne-rhone-alpes","12":"tag-benoit-tavenot","13":"tag-championnat-ligue-2","14":"tag-conference-de-presse","15":"tag-corse","16":"tag-corse-net-infos","17":"tag-dunkerque","18":"tag-eu","19":"tag-europe","20":"tag-football","21":"tag-football-corse","22":"tag-fr","23":"tag-france","24":"tag-furiani","25":"tag-grenoble","26":"tag-grenoble-f38","27":"tag-ligue-2","28":"tag-ligue2-bkt","29":"tag-match-nul","30":"tag-news","31":"tag-republique-francaise","32":"tag-sc-bastia","33":"tag-sporting-club-de-bastia","34":"tag-supporters-bastiais"},"share_on_mastodon":{"url":"https:\/\/pubeurope.com\/@fr\/115276347718275273","error":""},"_links":{"self":[{"href":"https:\/\/www.europesays.com\/fr\/wp-json\/wp\/v2\/posts\/421406","targetHints":{"allow":["GET"]}}],"collection":[{"href":"https:\/\/www.europesays.com\/fr\/wp-json\/wp\/v2\/posts"}],"about":[{"href":"https:\/\/www.europesays.com\/fr\/wp-json\/wp\/v2\/types\/post"}],"author":[{"embeddable":true,"href":"https:\/\/www.europesays.com\/fr\/wp-json\/wp\/v2\/users\/2"}],"replies":[{"embeddable":true,"href":"https:\/\/www.europesays.com\/fr\/wp-json\/wp\/v2\/comments?post=421406"}],"version-history":[{"count":0,"href":"https:\/\/www.europesays.com\/fr\/wp-json\/wp\/v2\/posts\/421406\/revisions"}],"wp:featuredmedia":[{"embeddable":true,"href":"https:\/\/www.europesays.com\/fr\/wp-json\/wp\/v2\/media\/421407"}],"wp:attachment":[{"href":"https:\/\/www.europesays.com\/fr\/wp-json\/wp\/v2\/media?parent=421406"}],"wp:term":[{"taxonomy":"category","embeddable":true,"href":"https:\/\/www.europesays.com\/fr\/wp-json\/wp\/v2\/categories?post=421406"},{"taxonomy":"post_tag","embeddable":true,"href":"https:\/\/www.europesays.com\/fr\/wp-json\/wp\/v2\/tags?post=421406"}],"curies":[{"name":"wp","href":"https:\/\/api.w.org\/{rel}","templated":true}]}}