{"id":421411,"date":"2025-09-27T12:53:19","date_gmt":"2025-09-27T12:53:19","guid":{"rendered":"https:\/\/www.europesays.com\/fr\/421411\/"},"modified":"2025-09-27T12:53:19","modified_gmt":"2025-09-27T12:53:19","slug":"comment-la-fete-de-la-choucroute-a-evolue-au-fil-des-ans","status":"publish","type":"post","link":"https:\/\/www.europesays.com\/fr\/421411\/","title":{"rendered":"comment la F\u00eate de la choucroute a \u00e9volu\u00e9 au fil des ans"},"content":{"rendered":"<p>La F\u00eate de la choucroute, \u00e9v\u00e9nement incontournable en Alsace, c\u00e9l\u00e8bre cette ann\u00e9e ses 50 ans. Cette manifestation attire des milliers de visiteurs. Depuis sa cr\u00e9ation en 1974, elle s\u2019est impos\u00e9e comme un v\u00e9ritable succ\u00e8s populaire.<\/p>\n<p>Retour sur l\u2019origine de cet \u00e9v\u00e9nement, son \u00e9volution au fil des d\u00e9cennies et les raisons de son succ\u00e8s, qui s\u00e9duit autant les Alsaciens que les touristes.<\/p>\n<p>Comment est n\u00e9e l\u2019id\u00e9e d\u2019une F\u00eate de la choucroute<\/p>\n<p>Berceau de la choucroute depuis des si\u00e8cles, Krautergersheim n\u2019a pourtant pas \u00e9t\u00e9 la premi\u00e8re commune \u00e0 organiser une f\u00eate en son honneur. D\u2019autres existaient d\u00e9j\u00e0 en Alsace, notamment \u00e0 Geispolsheim. \u00ab\u00a0C\u2019est le technicien de la Chambre d\u2019agriculture qui a sugg\u00e9r\u00e9 que Krautergersheim aussi ait sa f\u00eate\u00a0\u00bb, se souvient Andr\u00e9 Meyer, qui a contribu\u00e9 \u00e0 l\u2019organisation de la premi\u00e8re \u00e9dition, en 1974.<\/p>\n<p>L\u2019\u00e9v\u00e9nement \u00e9tait alors port\u00e9 par le comit\u00e9 interprofessionnel du chou \u00e0 choucroute d\u2019Alsace, les choucroutiers locaux et quatre associations du village\u00a0: la p\u00eache, la&#8230;<\/p>\n","protected":false},"excerpt":{"rendered":"La F\u00eate de la choucroute, \u00e9v\u00e9nement incontournable en Alsace, c\u00e9l\u00e8bre cette ann\u00e9e ses 50 ans. Cette manifestation attire&hellip;\n","protected":false},"author":2,"featured_media":421412,"comment_status":"","ping_status":"","sticky":false,"template":"","format":"standard","meta":{"footnotes":""},"categories":[2820],"tags":[1111,11,2649,1687,24625,1777,674,3326,107,1011,27,775,48442,20065,12,25862,25,640],"class_list":{"0":"post-421411","1":"post","2":"type-post","3":"status-publish","4":"format-standard","5":"has-post-thumbnail","7":"category-strasbourg","8":"tag-actu","9":"tag-actualites","10":"tag-bas-rhin","11":"tag-culture-loisirs","12":"tag-edition-molsheim-obernai","13":"tag-eu","14":"tag-europe","15":"tag-fete-locale","16":"tag-fil-info","17":"tag-fr","18":"tag-france","19":"tag-grand-est","20":"tag-krautergersheim","21":"tag-magazine-tourisme-et-patrimoine","22":"tag-news","23":"tag-obernai-rosheim","24":"tag-republique-francaise","25":"tag-strasbourg"},"share_on_mastodon":{"url":"https:\/\/pubeurope.com\/@fr\/115276362820198603","error":""},"_links":{"self":[{"href":"https:\/\/www.europesays.com\/fr\/wp-json\/wp\/v2\/posts\/421411","targetHints":{"allow":["GET"]}}],"collection":[{"href":"https:\/\/www.europesays.com\/fr\/wp-json\/wp\/v2\/posts"}],"about":[{"href":"https:\/\/www.europesays.com\/fr\/wp-json\/wp\/v2\/types\/post"}],"author":[{"embeddable":true,"href":"https:\/\/www.europesays.com\/fr\/wp-json\/wp\/v2\/users\/2"}],"replies":[{"embeddable":true,"href":"https:\/\/www.europesays.com\/fr\/wp-json\/wp\/v2\/comments?post=421411"}],"version-history":[{"count":0,"href":"https:\/\/www.europesays.com\/fr\/wp-json\/wp\/v2\/posts\/421411\/revisions"}],"wp:featuredmedia":[{"embeddable":true,"href":"https:\/\/www.europesays.com\/fr\/wp-json\/wp\/v2\/media\/421412"}],"wp:attachment":[{"href":"https:\/\/www.europesays.com\/fr\/wp-json\/wp\/v2\/media?parent=421411"}],"wp:term":[{"taxonomy":"category","embeddable":true,"href":"https:\/\/www.europesays.com\/fr\/wp-json\/wp\/v2\/categories?post=421411"},{"taxonomy":"post_tag","embeddable":true,"href":"https:\/\/www.europesays.com\/fr\/wp-json\/wp\/v2\/tags?post=421411"}],"curies":[{"name":"wp","href":"https:\/\/api.w.org\/{rel}","templated":true}]}}