{"id":421419,"date":"2025-09-27T12:57:22","date_gmt":"2025-09-27T12:57:22","guid":{"rendered":"https:\/\/www.europesays.com\/fr\/421419\/"},"modified":"2025-09-27T12:57:22","modified_gmt":"2025-09-27T12:57:22","slug":"quatre-vingt-dix-voies-descalade-et-une-via-ferrata-en-plein-centre-de-nantes-sport","status":"publish","type":"post","link":"https:\/\/www.europesays.com\/fr\/421419\/","title":{"rendered":"Quatre-vingt-dix voies d\u2019escalade et une via ferrata en plein centre de Nantes . Sport"},"content":{"rendered":"<p>\u00a0Avec 90\u00a0parcours d\u2019escalade, <a href=\"https:\/\/nantes.maville.com\/actu\/actudet_-la-seconde-phase-du-jardin-extraordinaire-bien-lancee-_8-6596018_actu.Htm\" target=\"_self\" rel=\"noopener\">les falaises du Jardin extraordinaire<\/a>\u00a0deviennent un des plus gros sites d\u2019escalade de la r\u00e9gion. Surtout en centre-ville, cela n\u2019existe pas ailleurs aujourd\u2019hui\u00a0, souligne C\u00e9cile Bir, adjointe au maire de Nantes, d\u00e9l\u00e9gu\u00e9e aux parcs et jardins.<\/p>\n<p>In\u00e9dit en centre-ville<\/p>\n<p>Au total, cent vingt voies, &#8230;<\/p>\n<p>\u00a0<\/p>\n","protected":false},"excerpt":{"rendered":"\u00a0Avec 90\u00a0parcours d\u2019escalade, les falaises du Jardin extraordinaire\u00a0deviennent un des plus gros sites d\u2019escalade de la r\u00e9gion. Surtout&hellip;\n","protected":false},"author":2,"featured_media":421420,"comment_status":"","ping_status":"","sticky":false,"template":"","format":"standard","meta":{"footnotes":""},"categories":[2818],"tags":[1111,11,3809,1465,1777,674,63,1011,27,1792,1922,766,12,2636,25,479,517,1470],"class_list":{"0":"post-421419","1":"post","2":"type-post","3":"status-publish","4":"format-standard","5":"has-post-thumbnail","7":"category-nantes","8":"tag-actu","9":"tag-actualites","10":"tag-ball","11":"tag-basket","12":"tag-eu","13":"tag-europe","14":"tag-football","15":"tag-fr","16":"tag-france","17":"tag-handball","18":"tag-info","19":"tag-nantes","20":"tag-news","21":"tag-pays-de-la-loire","22":"tag-republique-francaise","23":"tag-rugby","24":"tag-sport","25":"tag-volley"},"share_on_mastodon":{"url":"https:\/\/pubeurope.com\/@fr\/115276378538668257","error":""},"_links":{"self":[{"href":"https:\/\/www.europesays.com\/fr\/wp-json\/wp\/v2\/posts\/421419","targetHints":{"allow":["GET"]}}],"collection":[{"href":"https:\/\/www.europesays.com\/fr\/wp-json\/wp\/v2\/posts"}],"about":[{"href":"https:\/\/www.europesays.com\/fr\/wp-json\/wp\/v2\/types\/post"}],"author":[{"embeddable":true,"href":"https:\/\/www.europesays.com\/fr\/wp-json\/wp\/v2\/users\/2"}],"replies":[{"embeddable":true,"href":"https:\/\/www.europesays.com\/fr\/wp-json\/wp\/v2\/comments?post=421419"}],"version-history":[{"count":0,"href":"https:\/\/www.europesays.com\/fr\/wp-json\/wp\/v2\/posts\/421419\/revisions"}],"wp:featuredmedia":[{"embeddable":true,"href":"https:\/\/www.europesays.com\/fr\/wp-json\/wp\/v2\/media\/421420"}],"wp:attachment":[{"href":"https:\/\/www.europesays.com\/fr\/wp-json\/wp\/v2\/media?parent=421419"}],"wp:term":[{"taxonomy":"category","embeddable":true,"href":"https:\/\/www.europesays.com\/fr\/wp-json\/wp\/v2\/categories?post=421419"},{"taxonomy":"post_tag","embeddable":true,"href":"https:\/\/www.europesays.com\/fr\/wp-json\/wp\/v2\/tags?post=421419"}],"curies":[{"name":"wp","href":"https:\/\/api.w.org\/{rel}","templated":true}]}}