{"id":421423,"date":"2025-09-27T12:59:12","date_gmt":"2025-09-27T12:59:12","guid":{"rendered":"https:\/\/www.europesays.com\/fr\/421423\/"},"modified":"2025-09-27T12:59:12","modified_gmt":"2025-09-27T12:59:12","slug":"capdenac-gare-une-nouvelle-soiree-cine-conference","status":"publish","type":"post","link":"https:\/\/www.europesays.com\/fr\/421423\/","title":{"rendered":"Capdenac-Gare. Une nouvelle soir\u00e9e cin\u00e9-conf\u00e9rence"},"content":{"rendered":"<p>La saison Unipop, propos\u00e9e par l\u2019Astrolabe en partenariat avec le cin\u00e9ma Jean Eustache de Pessac, a repris le 15 septembre dernier avec la projection du documentaire \u00ab\u00a0Put your soul on your hand and walk\u00a0\u00bb, film franco-palestinien est n\u00e9 de la rencontre entre la cin\u00e9aste et Fatma Hassona, journaliste gazaouie tu\u00e9e le 16 avril dernier lors d\u2019une attaque isra\u00e9lienne. Une ouverture de saison engag\u00e9e, pour un public qui s\u2019est d\u00e9plac\u00e9 en nombre.<\/p>\n<p>\u00ab\u00a0Le cin\u00e9ma de Capdenac a \u00e9t\u00e9 celui avec la plus importante fr\u00e9quentation parmi tous ceux dans lesquels \u00e9taient retransmis documentaire et conf\u00e9rence\u00a0\u00bb, a confi\u00e9 l\u2019une des projectionnistes de l\u2019Astrolabe. Unipop se poursuit donc ce lundi 29 septembre \u00e0 18 h 30 au cin\u00e9ma Atmosph\u00e8re. Le public pourra d\u00e9couvrir en avant-premi\u00e8re \u00ab\u00a0L\u2019inconnu de la Grande Arche\u00a0\u00bb, film fran\u00e7ais r\u00e9alis\u00e9 par St\u00e9phane Demoustier, avec Claes Bang, Sidse Babett Knudsen, Xavier Dolan, Swann Arlaud et Michel Fau. Le r\u00e9cit plonge dans les ann\u00e9es 1980 : Fran\u00e7ois Mitterrand lance un concours d\u2019architecture pour b\u00e2tir un \u00e9difice embl\u00e9matique dans l\u2019axe du Louvre et de l\u2019Arc de Triomphe. \u00c0 la surprise g\u00e9n\u00e9rale, c\u2019est un architecte danois, Johan Otto von Spreckelsen, jusque-l\u00e0 inconnu en France, qui remporte le projet.<\/p>\n<p>Propuls\u00e9 \u00e0 la t\u00eate du plus grand chantier de l\u2019\u00e9poque, il va devoir affronter la complexit\u00e9 du r\u00e9el et les al\u00e9as de la politique. La projection sera suivie \u00e0 20 h 15 d\u2019une rencontre retransmise en direct avec le r\u00e9alisateur St\u00e9phane Demoustier, depuis le cin\u00e9ma de Pessac. Dipl\u00f4m\u00e9 de HEC et Sciences Po, il a d\u00e9but\u00e9 sa carri\u00e8re au minist\u00e8re de la Culture avant de se consacrer au cin\u00e9ma. On lui doit notamment Terre battue (2014), La fille au bracelet (C\u00e9sar de la meilleure adaptation en 2019) et Borgo (2024). La soir\u00e9e durera environ 2 h 45.<\/p>\n<p>Tarifs : 5,50 \u20ac, r\u00e9servations possibles en ligne sur le site de l\u2019Astrolabe.<\/p>\n","protected":false},"excerpt":{"rendered":"La saison Unipop, propos\u00e9e par l\u2019Astrolabe en partenariat avec le cin\u00e9ma Jean Eustache de Pessac, a repris le&hellip;\n","protected":false},"author":2,"featured_media":421424,"comment_status":"","ping_status":"","sticky":false,"template":"","format":"standard","meta":{"footnotes":""},"categories":[2817],"tags":[1111,11,1997,1777,674,1011,27,12,2219,25],"class_list":{"0":"post-421423","1":"post","2":"type-post","3":"status-publish","4":"format-standard","5":"has-post-thumbnail","7":"category-bordeaux","8":"tag-actu","9":"tag-actualites","10":"tag-bordeaux","11":"tag-eu","12":"tag-europe","13":"tag-fr","14":"tag-france","15":"tag-news","16":"tag-nouvelle-aquitaine","17":"tag-republique-francaise"},"share_on_mastodon":{"url":"https:\/\/pubeurope.com\/@fr\/115276386450792525","error":""},"_links":{"self":[{"href":"https:\/\/www.europesays.com\/fr\/wp-json\/wp\/v2\/posts\/421423","targetHints":{"allow":["GET"]}}],"collection":[{"href":"https:\/\/www.europesays.com\/fr\/wp-json\/wp\/v2\/posts"}],"about":[{"href":"https:\/\/www.europesays.com\/fr\/wp-json\/wp\/v2\/types\/post"}],"author":[{"embeddable":true,"href":"https:\/\/www.europesays.com\/fr\/wp-json\/wp\/v2\/users\/2"}],"replies":[{"embeddable":true,"href":"https:\/\/www.europesays.com\/fr\/wp-json\/wp\/v2\/comments?post=421423"}],"version-history":[{"count":0,"href":"https:\/\/www.europesays.com\/fr\/wp-json\/wp\/v2\/posts\/421423\/revisions"}],"wp:featuredmedia":[{"embeddable":true,"href":"https:\/\/www.europesays.com\/fr\/wp-json\/wp\/v2\/media\/421424"}],"wp:attachment":[{"href":"https:\/\/www.europesays.com\/fr\/wp-json\/wp\/v2\/media?parent=421423"}],"wp:term":[{"taxonomy":"category","embeddable":true,"href":"https:\/\/www.europesays.com\/fr\/wp-json\/wp\/v2\/categories?post=421423"},{"taxonomy":"post_tag","embeddable":true,"href":"https:\/\/www.europesays.com\/fr\/wp-json\/wp\/v2\/tags?post=421423"}],"curies":[{"name":"wp","href":"https:\/\/api.w.org\/{rel}","templated":true}]}}