{"id":421425,"date":"2025-09-27T13:00:12","date_gmt":"2025-09-27T13:00:12","guid":{"rendered":"https:\/\/www.europesays.com\/fr\/421425\/"},"modified":"2025-09-27T13:00:12","modified_gmt":"2025-09-27T13:00:12","slug":"direct-stade-francais-bordeaux-begles-les-parisiens-a-la-relance-suivez-le-match-de-la-4eme-journee-de-top-14","status":"publish","type":"post","link":"https:\/\/www.europesays.com\/fr\/421425\/","title":{"rendered":"Direct. Stade fran\u00e7ais &#8211; Bordeaux-B\u00e8gles : les Parisiens \u00e0 la relance ? Suivez le match de la 4\u00e8me journ\u00e9e de Top 14"},"content":{"rendered":"<p>\n                Bonjour et bienvenue sur Rugbyrama pour suivre en direct le match d&rsquo;ouverture de cette quatri\u00e8me journ\u00e9e de Top 14 opposant le Stade fran\u00e7ais \u00e0 Bordeaux-B\u00e8gles.\n            <\/p>\n<p>Apr\u00e8s deux d\u00e9faites en d\u00e9placement, le Stade fran\u00e7ais doit se relever dans son antre de Jean-Bouin.<\/p>\n<p>\u00c0 l&rsquo;inverse, les Bordelais esp\u00e8rent surfer sur leur orgie d&rsquo;essais face \u00e0 Montauban la semaine pass\u00e9e.<\/p>\n<p>La rencontre se d\u00e9roule au stade Jean-Bouin de Paris et est arbitr\u00e9e par M. Ramos.<\/p>\n","protected":false},"excerpt":{"rendered":"Bonjour et bienvenue sur Rugbyrama pour suivre en direct le match d&rsquo;ouverture de cette quatri\u00e8me journ\u00e9e de Top&hellip;\n","protected":false},"author":2,"featured_media":421426,"comment_status":"","ping_status":"","sticky":false,"template":"","format":"standard","meta":{"footnotes":""},"categories":[2817],"tags":[1111,11,1997,1777,674,1011,27,12,2219,25],"class_list":{"0":"post-421425","1":"post","2":"type-post","3":"status-publish","4":"format-standard","5":"has-post-thumbnail","7":"category-bordeaux","8":"tag-actu","9":"tag-actualites","10":"tag-bordeaux","11":"tag-eu","12":"tag-europe","13":"tag-fr","14":"tag-france","15":"tag-news","16":"tag-nouvelle-aquitaine","17":"tag-republique-francaise"},"share_on_mastodon":{"url":"https:\/\/pubeurope.com\/@fr\/115276390395591605","error":""},"_links":{"self":[{"href":"https:\/\/www.europesays.com\/fr\/wp-json\/wp\/v2\/posts\/421425","targetHints":{"allow":["GET"]}}],"collection":[{"href":"https:\/\/www.europesays.com\/fr\/wp-json\/wp\/v2\/posts"}],"about":[{"href":"https:\/\/www.europesays.com\/fr\/wp-json\/wp\/v2\/types\/post"}],"author":[{"embeddable":true,"href":"https:\/\/www.europesays.com\/fr\/wp-json\/wp\/v2\/users\/2"}],"replies":[{"embeddable":true,"href":"https:\/\/www.europesays.com\/fr\/wp-json\/wp\/v2\/comments?post=421425"}],"version-history":[{"count":0,"href":"https:\/\/www.europesays.com\/fr\/wp-json\/wp\/v2\/posts\/421425\/revisions"}],"wp:featuredmedia":[{"embeddable":true,"href":"https:\/\/www.europesays.com\/fr\/wp-json\/wp\/v2\/media\/421426"}],"wp:attachment":[{"href":"https:\/\/www.europesays.com\/fr\/wp-json\/wp\/v2\/media?parent=421425"}],"wp:term":[{"taxonomy":"category","embeddable":true,"href":"https:\/\/www.europesays.com\/fr\/wp-json\/wp\/v2\/categories?post=421425"},{"taxonomy":"post_tag","embeddable":true,"href":"https:\/\/www.europesays.com\/fr\/wp-json\/wp\/v2\/tags?post=421425"}],"curies":[{"name":"wp","href":"https:\/\/api.w.org\/{rel}","templated":true}]}}