{"id":421431,"date":"2025-09-27T13:04:15","date_gmt":"2025-09-27T13:04:15","guid":{"rendered":"https:\/\/www.europesays.com\/fr\/421431\/"},"modified":"2025-09-27T13:04:15","modified_gmt":"2025-09-27T13:04:15","slug":"fonseca-raconte-son-emotion-avant-son-retour-a-lille-avec-lol","status":"publish","type":"post","link":"https:\/\/www.europesays.com\/fr\/421431\/","title":{"rendered":"Fonseca raconte son \u00e9motion avant son retour \u00e0 Lille avec l&rsquo;OL"},"content":{"rendered":"<p class=\"mb-4 text-lg md:leading-8 break-words\"><a href=\"https:\/\/fr.news.yahoo.com\/sport\/200-jours-apr%C3%A8s-retour-paulo-093309009.html\" data-ylk=\"slk:Paulo Fonseca;elm:context_link;itc:0;sec:content-canvas;outcm:mb_qualified_link;_E:mb_qualified_link;ct:story;\" class=\"link  yahoo-link\" target=\"_blank\" rel=\"noopener\">Paulo Fonseca<\/a> le reconna\u00eet lui-m\u00eame : il y aura \u00ab\u00a0beaucoup d\u2019\u00e9motion\u00a0\u00bb de son c\u00f4t\u00e9 au moment de prendre place dans les tribunes de Pierre-Mauroy, ce dimanche, pour le choc de la 6e journ\u00e9e de Ligue 1 entre Lille et l\u2019OL (17h15). Le technicien portugais, toujours priv\u00e9 de banc de touche, peut s\u2019attendre \u00e0 un bel accueil de la part de son ancien public, qu\u2019il a quitt\u00e9 il y a un peu plus d\u2019un an apr\u00e8s deux saisons chez les Dogues.<\/p>\n<p class=\"mb-4 text-lg md:leading-8 break-words\">\u00ab\u00a0Je vis ce retour \u00e0 Lille avec \u00e9motion. J\u2019y ai pass\u00e9 des ann\u00e9es merveilleuses. Revenir \u00e0 Pierre-Mauroy est toujours particulier. J\u2019ai beaucoup d\u2019amis \u00e0 Lille, mais maintenant nous sommes adversaires\u00a0\u00bb, a-t-il confi\u00e9 ce samedi en conf\u00e9rence de presse. Arriv\u00e9 dans le Nord \u00e0 l\u2019\u00e9t\u00e9 2022 en remplacement de Jocelyn Gourvennec, Fonseca a d\u2019abord guid\u00e9 le Losc \u00e0 la 5e place du championnat en 2023, puis au 4e rang en 2024. Parti ensuite \u00e0 l\u2019AC Milan, il a fait son retour en France en janvier dernier pour succ\u00e9der \u00e0 Pierre Sage du c\u00f4t\u00e9 de l\u2019OL.<\/p>\n<p>Un respect r\u00e9ciproque entre Fonseca et Genesio<\/p>\n<p class=\"mb-4 text-lg md:leading-8 break-words\">\u00ab\u00a0Demain, il y aura une grande \u00e9quipe en face. Lille a perdu des joueurs mais en a aussi r\u00e9cup\u00e9r\u00e9 d\u2019autres de grande qualit\u00e9. J\u2019admire beaucoup <a href=\"https:\/\/fr.news.yahoo.com\/sport\/ne-vais-faire-pleureuse-genesio-152926035.html\" data-ylk=\"slk:Bruno Genesio;elm:context_link;itc:0;sec:content-canvas;outcm:mb_qualified_link;_E:mb_qualified_link;ct:story;\" class=\"link  yahoo-link\" target=\"_blank\" rel=\"noopener\">Bruno Genesio<\/a>, un grand entra\u00eeneur. Peut-\u00eatre que ce sera un sentiment partag\u00e9 par Bruno, qui a aussi \u00e9t\u00e9 entra\u00eeneur ici. D\u2019un c\u00f4t\u00e9 je suis content de revoir mes amis, mais une fois le match commenc\u00e9, ce sera comme face \u00e0 n\u2019importe quel autre adversaire\u00a0\u00bb, a-t-il soulign\u00e9.<\/p>\n<p class=\"mb-4 text-lg md:leading-8 break-words\">De son propre aveu, le match sera au moins aussi \u00ab\u00a0sp\u00e9cial\u00a0\u00bb pour Genesio, ancien joueur puis entra\u00eeneur de l\u2019OL, ravi d\u2019affronter cette \u00ab\u00a0tr\u00e8s bonne \u00e9quipe\u00a0\u00bb man\u0153uvr\u00e9e par un coach qu\u2019il \u00ab\u00a0respecte \u00e9norm\u00e9ment\u00a0\u00bb. \u00ab\u00a0C\u2019est un tr\u00e8s bon entra\u00eeneur. C\u2019est aussi une personne que j\u2019aime beaucoup. On ne se conna\u00eet pas beaucoup mais c\u2019est toujours un plaisir d\u2019\u00e9changer avec lui. Je l\u2019avais vu l\u2019an dernier, il \u00e9tait venu ici apr\u00e8s son passage \u00e0 Milan. Je pense qu\u2019il y a un grand respect de chaque c\u00f4t\u00e9\u00a0\u00bb, a d\u00e9velopp\u00e9 Genesio, convaincu que Fonseca aura droit \u00e0 des applaudissements nourris des supporters lillois.<\/p>\n<p class=\"mb-4 text-lg md:leading-8 break-words\">\u00ab\u00a0Tant mieux s\u2019il est ovationn\u00e9, \u00e7a montrera que le public a de la m\u00e9moire et il faut avoir de la m\u00e9moire dans le football vis-\u00e0-vis des gens qui ont bien travaill\u00e9. Je n\u2019ai aucun probl\u00e8me avec \u00e7a\u00a0\u00bb, a-t-il conclu, avec l\u2019espoir d\u2019enfin battre un entra\u00eeneur contre qui il affiche un bilan de quatre nuls pour deux d\u00e9faites en six confrontations. \u00ab\u00a0Oui j&rsquo;ai souvent eu des probl\u00e8mes contre Lille quand j\u2019\u00e9tais \u00e0 l\u2019OL. Maintenant que je suis \u00e0 Lille, j\u2019esp\u00e8re que \u00e7a va s\u2019inverser !\u00a0\u00bb<\/p>\n<p class=\"mb-4 text-lg md:leading-8 break-words\"><a href=\"https:\/\/rmcsport.bfmtv.com\/football\/ligue-1\/des-annees-merveilleuses-fonseca-raconte-son-emotion-avant-son-retour-a-lille-avec-l-ol_AV-202509270244.html#xtor=AL-68\" rel=\"nofollow noopener\" target=\"_blank\" data-ylk=\"slk:Article original publi\u00e9 sur RMC Sport;elm:context_link;itc:0;sec:content-canvas\" class=\"link \">Article original publi\u00e9 sur RMC Sport<\/a><\/p>\n","protected":false},"excerpt":{"rendered":"Paulo Fonseca le reconna\u00eet lui-m\u00eame : il y aura \u00ab\u00a0beaucoup d\u2019\u00e9motion\u00a0\u00bb de son c\u00f4t\u00e9 au moment de prendre&hellip;\n","protected":false},"author":2,"featured_media":421432,"comment_status":"","ping_status":"","sticky":false,"template":"","format":"standard","meta":{"footnotes":""},"categories":[2815],"tags":[1111,11,1153,1777,674,1011,27,811,55075,4671,1307,8628,12,3278,25,27289],"class_list":{"0":"post-421431","1":"post","2":"type-post","3":"status-publish","4":"format-standard","5":"has-post-thumbnail","7":"category-lille","8":"tag-actu","9":"tag-actualites","10":"tag-conference-de-presse","11":"tag-eu","12":"tag-europe","13":"tag-fr","14":"tag-france","15":"tag-hauts-de-france","16":"tag-jocelyn-gourvennec","17":"tag-lol","18":"tag-lille","19":"tag-milan","20":"tag-news","21":"tag-paulo-fonseca","22":"tag-republique-francaise","23":"tag-retour-en-france"},"share_on_mastodon":{"url":"https:\/\/pubeurope.com\/@fr\/115276406294469273","error":""},"_links":{"self":[{"href":"https:\/\/www.europesays.com\/fr\/wp-json\/wp\/v2\/posts\/421431","targetHints":{"allow":["GET"]}}],"collection":[{"href":"https:\/\/www.europesays.com\/fr\/wp-json\/wp\/v2\/posts"}],"about":[{"href":"https:\/\/www.europesays.com\/fr\/wp-json\/wp\/v2\/types\/post"}],"author":[{"embeddable":true,"href":"https:\/\/www.europesays.com\/fr\/wp-json\/wp\/v2\/users\/2"}],"replies":[{"embeddable":true,"href":"https:\/\/www.europesays.com\/fr\/wp-json\/wp\/v2\/comments?post=421431"}],"version-history":[{"count":0,"href":"https:\/\/www.europesays.com\/fr\/wp-json\/wp\/v2\/posts\/421431\/revisions"}],"wp:featuredmedia":[{"embeddable":true,"href":"https:\/\/www.europesays.com\/fr\/wp-json\/wp\/v2\/media\/421432"}],"wp:attachment":[{"href":"https:\/\/www.europesays.com\/fr\/wp-json\/wp\/v2\/media?parent=421431"}],"wp:term":[{"taxonomy":"category","embeddable":true,"href":"https:\/\/www.europesays.com\/fr\/wp-json\/wp\/v2\/categories?post=421431"},{"taxonomy":"post_tag","embeddable":true,"href":"https:\/\/www.europesays.com\/fr\/wp-json\/wp\/v2\/tags?post=421431"}],"curies":[{"name":"wp","href":"https:\/\/api.w.org\/{rel}","templated":true}]}}