{"id":421439,"date":"2025-09-27T13:09:15","date_gmt":"2025-09-27T13:09:15","guid":{"rendered":"https:\/\/www.europesays.com\/fr\/421439\/"},"modified":"2025-09-27T13:09:15","modified_gmt":"2025-09-27T13:09:15","slug":"rendez-nous-lyon-le-cri-du-coeur-des-sympathisants-de-jean-michel-aulas","status":"publish","type":"post","link":"https:\/\/www.europesays.com\/fr\/421439\/","title":{"rendered":"\u00ab Rendez-nous Lyon ! \u00bb, le cri du c\u0153ur des sympathisants de Jean-Michel Aulas"},"content":{"rendered":"<p>Ils l\u2019attendaient impatiemment depuis de longs mois. Sur le quai Perrache, \u00e0 <a href=\"https:\/\/www.valeursactuelles.com\/regions\/auvergne-rhone-alpes\/rhone\/lyon\" target=\"_blank\" rel=\"noopener\">Lyon<\/a>, \u00e0 la confluence du Rh\u00f4ne et de la Sa\u00f4ne, ils \u00e9taient plus de 750 \u00e0 acclamer celui qu\u2019ils consid\u00e8rent comme leur \u00ab lib\u00e9rateur \u00bb. Apr\u00e8s plus de cinq ann\u00e9es de politique \u00e9cologiste \u00ab clivante et id\u00e9ologique \u00bb men\u00e9e dans la ville, les sympathisants du mouvement \u00ab C\u0153ur Lyonnais \u00bb comptent sur <a href=\"https:\/\/www.valeursactuelles.com\/tag\/jean-michel-aulas\" target=\"_blank\" rel=\"noopener\">Jean-Michel Aulas<\/a>pour \u00ab retrouver leur ville \u00bb.<\/p>\n<p><a href=\"https:\/\/www.valeursactuelles.com\/clubvaleurs\/politique\/municipales-2026-a-lyon-lunion-avec-jean-michel-aulas-ouvre-un-immense-espoir-assure-pierre-oliver\" class=\"h-flex h-align-items-center h-border-tb h-ptb-15\" target=\"_blank\" rel=\"noopener\">A\u00a0LIRE\u00a0Municipales 2026 \u00e0 Lyon : \u00ab L\u2019union avec Jean-Michel Aulas ouvre un immense espoir \u00bb, assure Pierre Oliver<\/a><\/p>\n<p>A deux pas du pas du stade Gerland, o\u00f9 l\u2019ancien pr\u00e9sident de l\u2019Olympique Lyonnais a \u00e9crit les grandes heures de l\u2019histoire sportive de la ville, Jean-Michel Aulas fait sa mue en politique. Costume sombre et cravate noire nou\u00e9e sur le col, il arpente les all\u00e9es de la salle suivi par <a href=\"https:\/\/www.valeursactuelles.com\/clubvaleurs\/politique\/lyon-une-generation-derriere-jean-michel-aulas\" target=\"_blank\" rel=\"noopener\">les jeunes militants de G\u00e9n\u00e9ration Aulas<\/a>. Tout est calcul\u00e9, les slogans entonn\u00e9s devront devenir des tubes de la campagne : \u00ab Aulas maire de Lyon \u00bb, \u00ab Aulas 2026 ! \u00bb. Le public, peu r\u00f4d\u00e9 \u00e0 l\u2019exercice, peine \u00e0 suivre les plus enthousiastes.<\/p>\n<p>\u00ab Oui, nous allons nous porter candidats pour reprendre ensemble notre destin \u00bb, lance-t-il \u00e0 la foule. Devant lui, un parterre d\u2019invit\u00e9s, d\u2019\u00e9lus et de personnalit\u00e9s du monde associatif, culturel et entrepreneurial. Parmi eux, le ministre d\u00e9missionnaire Fran\u00e7ois-No\u00ebl Buffet, l\u2019ancien maire Michel Noir et <a href=\"https:\/\/www.valeursactuelles.com\/clubvaleurs\/politique\/municipales-2026-a-lyon-lunion-avec-jean-michel-aulas-ouvre-un-immense-espoir-assure-pierre-oliver\" target=\"_blank\" rel=\"noopener\">le maire du 2e arrondissement Pierre Oliver<\/a> pour la droite. Le repr\u00e9sentant des jeunes avec Macron, Ambroise M\u00e9jean, est \u00e9galement de la partie, en compagnie du s\u00e9nateur radical Bernard Fialaire. \u00ab Nous ne sommes pas d\u2019un parti, nous voulons r\u00e9unir toutes les sensibilit\u00e9s \u00bb, clame-t-on dans l\u2019entourage du candidat. Jean-Michel Aulas aurait donc r\u00e9ussi, localement, \u00e0 r\u00e9unir \u201cle socle commun\u201d que S\u00e9bastien Lecornu peine \u00e0 fid\u00e9liser au gouvernement.<\/p>\n<p>Pas question donc de ranger le chef d\u2019entreprise dans une case. \u00ab On dit que je suis trop \u00e0 droite,<a href=\"https:\/\/www.valeursactuelles.com\/politique\/derive-nazie-la-guerre-est-declaree-entre-jean-michel-aulas-et-les-ecologistes-pour-la-mairie-de-lyon\" target=\"_blank\" rel=\"noopener\"> on m\u2019a m\u00eame trait\u00e9 de nazi<\/a>, s\u2019insurge le candidat sur sc\u00e8ne, mais nous savons travailler avec la gauche, la droite et les \u00e9cologistes constructifs. \u00bb Jean-Michel Aulas veut miser sur son parcours pour s\u00e9duire son \u00e9lectorat. Celui d\u2019un entrepreneur parti de rien qui a r\u00e9ussi et est devenu l\u2019un des acteurs majeurs de la ville. \u00ab Je n\u2019ai jamais quitt\u00e9 ma ville, je n\u2019ai jamais cherch\u00e9 un exil fiscal \u00bb, vante-t-il.<\/p>\n<p>\u00ab Lyon n\u2019a pas su prot\u00e9ger ma fille \u00bb<a href=\"https:\/\/www.valeursactuelles.com\/clubvaleurs\/politique\/lyon-une-generation-derriere-jean-michel-aulas\" class=\"h-flex h-align-items-center h-border-tb h-ptb-15\" target=\"_blank\" rel=\"noopener\">A\u00a0LIRE\u00a0Lyon : une g\u00e9n\u00e9ration derri\u00e8re Jean-Michel Aulas<\/a><\/p>\n<p>Un argument choc pour ses partisans. \u00ab C\u2019est un gagnant, pour Lyon c\u2019est vital \u00bb, s\u2019enthousiaste Charlotte, une quinquag\u00e9naire venue avec une amie. Dans la salle, le ressentiment envers le maire sortant \u00e9cologiste, Gr\u00e9gory Doucet, est fort. \u00ab Il y a une concentration des pouvoirs, un pouvoir tr\u00e8s vertical comme s\u2019il d\u00e9tenait la v\u00e9rit\u00e9 absolue \u00bb, regrette Luc, ing\u00e9nieur de 37 ans.<\/p>\n<p>Pour illustrer le clivage qui s\u2019est install\u00e9 \u00e0 Lyon depuis 2020, Laure Cedat introduit d\u2019un poignant discours le candidat. Celle que l\u2019on peut r\u00e9guli\u00e8rement croiser sur la place des Terreaux ou dans le quartier Saint-Georges a pay\u00e9 cher la politique \u00e9cologiste mise en place sur la voie publique. En cause, les voies mixtes, partag\u00e9es entre les bus, les cyclistes et les trottinettes, \u00e0 proximit\u00e9 des automobilistes. Sa fille de 15 ans, Iris, et son petit-ami, Warren, ont \u00e9t\u00e9 percut\u00e9s en ao\u00fbt 2022, alors qu\u2019ils circulaient en trottinette \u00ab dans leur droit \u00bb. \u00ab Ma vie s\u2019est bris\u00e9e. Lyon n\u2019a pas su prot\u00e9ger ma fille \u00bb, confie-t-elle devant une salle silencieuse.<\/p>\n<p>\u00c9grenant son parcours, depuis \u00e0 la t\u00eate de l\u2019association du quartier Saint-Georges, elle a fait des voies mixtes l\u2019un de ses chevaux de bataille. En mai 2024, une nouvelle voie partag\u00e9e est install\u00e9e : \u00ab je n\u2019ai pas support\u00e9 que l\u2019on incite les Lyonnais \u00e0 les emprunter malgr\u00e9 le danger que l\u2019on connaissait \u00bb. Dans une lettre ouverte, la militante associative tient pour responsable les dirigeants municipaux des accidents \u00e0 venir. Un mois plus tard, une jeune femme de 20 ans est de nouveau tu\u00e9 au m\u00eame endroit qu\u2019Iris.<\/p>\n<p>\u00ab J\u2019ai vu la ville des fr\u00e8res Lumi\u00e8re se recroqueviller, s\u2019\u00e9teindre, devenir un chantier ouvert et un labyrinthe d\u2019embouteillages \u00bb, d\u00e9crit la jeune femme. Un changement \u00ab trop rapide \u00bb aux m\u00e9thodes contest\u00e9es : \u00ab absence de bon sens, verticalit\u00e9 \u00bb. \u00ab On s\u2019est vu rel\u00e9gu\u00e9 dans une petite case, trait\u00e9 de \u2018fascistes\u2019, comme d\u2019autres Lyonnais qui essayent simplement de se faire entendre \u00bb, se souvient-elle. En larmes, elle ponctue son discours : \u00ab Je vous le demande, Jean-Michel Aulas, rendez-nous Lyon ! \u00bb, sous les applaudissements nourris et prolong\u00e9s de la salle chamboul\u00e9e. \u00ab Laure, Lyon vous doit beaucoup, j\u2019ai bien l\u2019intention de veiller \u00e0 ce que Lyon s\u2019acquitte de sa dette envers vous \u00bb, lui r\u00e9pond quelques minutes plus tard le candidat.<\/p>\n<p>\u201cTu vois, ici \u00e0 Lyon, tout est possible\u201d<\/p>\n<p>Dans un discours m\u00ealant souvenirs sportifs et engagement civique, l\u2019ancien patron de l\u2019OL a convoqu\u00e9 une anecdote de 2005, entendus \u00e0 la sortie du stade Gerland : \u00ab Apr\u00e8s une victoire 3-0 contre le prestigieux Real Madrid, j\u2019ai entendu un p\u00e8re dire \u00e0 son fils : \u201cTu vois, ici \u00e0 Lyon, tout est possible.\u201d \u00bb<\/p>\n<p>\u00ab Dans ce match, il n\u2019y aura pas de perdants, seulement des Lyonnais \u00e0 rassembler et \u00e0 tirer vers le haut \u00bb, a conclu le chef d\u2019entreprise. M\u00ealant pragmatisme et consultations, Jean-Michel Aulas entend mettre fin aux \u00ab raisonnements dogmatiques \u00bb, r\u00e9tablir \u00ab la s\u00e9curit\u00e9 comme pr\u00e9alable \u00e0 toutes les libert\u00e9s \u00bb, g\u00e9rer \u00ab les finances publiques avec s\u00e9rieux \u00bb, et sortir Lyon \u00ab bloqu\u00e9e dans une vision pass\u00e9iste \u00bb. Le match s\u2019annonce rugueux.<\/p>\n","protected":false},"excerpt":{"rendered":"Ils l\u2019attendaient impatiemment depuis de longs mois. Sur le quai Perrache, \u00e0 Lyon, \u00e0 la confluence du Rh\u00f4ne&hellip;\n","protected":false},"author":2,"featured_media":421440,"comment_status":"","ping_status":"","sticky":false,"template":"","format":"standard","meta":{"footnotes":""},"categories":[1889],"tags":[1111,11,2430,51,1777,674,1011,27,5227,2428,3434,12,25],"class_list":{"0":"post-421439","1":"post","2":"type-post","3":"status-publish","4":"format-standard","5":"has-post-thumbnail","7":"category-lyon","8":"tag-actu","9":"tag-actualites","10":"tag-auvergne-rhone-alpes","11":"tag-ecologie","12":"tag-eu","13":"tag-europe","14":"tag-fr","15":"tag-france","16":"tag-jean-michel-aulas","17":"tag-lyon","18":"tag-municipales-2026","19":"tag-news","20":"tag-republique-francaise"},"share_on_mastodon":{"url":"https:\/\/pubeurope.com\/@fr\/115276425655040971","error":""},"_links":{"self":[{"href":"https:\/\/www.europesays.com\/fr\/wp-json\/wp\/v2\/posts\/421439","targetHints":{"allow":["GET"]}}],"collection":[{"href":"https:\/\/www.europesays.com\/fr\/wp-json\/wp\/v2\/posts"}],"about":[{"href":"https:\/\/www.europesays.com\/fr\/wp-json\/wp\/v2\/types\/post"}],"author":[{"embeddable":true,"href":"https:\/\/www.europesays.com\/fr\/wp-json\/wp\/v2\/users\/2"}],"replies":[{"embeddable":true,"href":"https:\/\/www.europesays.com\/fr\/wp-json\/wp\/v2\/comments?post=421439"}],"version-history":[{"count":0,"href":"https:\/\/www.europesays.com\/fr\/wp-json\/wp\/v2\/posts\/421439\/revisions"}],"wp:featuredmedia":[{"embeddable":true,"href":"https:\/\/www.europesays.com\/fr\/wp-json\/wp\/v2\/media\/421440"}],"wp:attachment":[{"href":"https:\/\/www.europesays.com\/fr\/wp-json\/wp\/v2\/media?parent=421439"}],"wp:term":[{"taxonomy":"category","embeddable":true,"href":"https:\/\/www.europesays.com\/fr\/wp-json\/wp\/v2\/categories?post=421439"},{"taxonomy":"post_tag","embeddable":true,"href":"https:\/\/www.europesays.com\/fr\/wp-json\/wp\/v2\/tags?post=421439"}],"curies":[{"name":"wp","href":"https:\/\/api.w.org\/{rel}","templated":true}]}}