{"id":421443,"date":"2025-09-27T13:12:17","date_gmt":"2025-09-27T13:12:17","guid":{"rendered":"https:\/\/www.europesays.com\/fr\/421443\/"},"modified":"2025-09-27T13:12:17","modified_gmt":"2025-09-27T13:12:17","slug":"un-medecin-de-msf-raconte-levacuation-dans-le-chaos-de-la-ville-de-gaza-sous-le-feu-de-larmee-israelienne","status":"publish","type":"post","link":"https:\/\/www.europesays.com\/fr\/421443\/","title":{"rendered":"un m\u00e9decin de MSF raconte l&rsquo;\u00e9vacuation \u00ab\u00a0dans le chaos\u00a0\u00bb de la ville de Gaza, sous le feu de l&rsquo;arm\u00e9e isra\u00e9lienne"},"content":{"rendered":"\n<p class=\"c-chapo \">\n  Franceinfo a joint le directeur m\u00e9dical adjoint de M\u00e9decins sans fronti\u00e8res (MSF) France, alors que l&rsquo;arm\u00e9e isra\u00e9lienne continue son offensive sur la ville de Gaza. \u00ab\u00a0C&rsquo;est une situation apocalyptique\u00a0\u00bb, raconte-t-il.\n<\/p>\n<p>            lire plus tard<\/p>\n<p id=\"dialog__title\" class=\"dialog__title\">Pour sauvegarder cet article, connectez-vous ou cr\u00e9ez un compte franceinfo<\/p>\n<p class=\"dialog__description\">Sans paiement. Sans abonnement.<\/p>\n<p>        Fermer la fen\u00eatre d\u2019activation des notifications France Info<\/p>\n<p>            cr\u00e9er votre compte<\/p>\n<p>            se connecter<\/p>\n<p>        Fermer la fen\u00eatre de pr\u00e9sentation<\/p>\n<p>    <img loading=\"lazy\" decoding=\"async\" class=\"signature__image lazyload\" width=\"100\" height=\"100\" data- alt=\"\" src=\"https:\/\/www.europesays.com\/fr\/wp-content\/uploads\/2025\/05\/64a7df4c5fe71_placeholder-36b69ec8.png\"\/><\/p>\n<p>    Publi\u00e9 le 27\/09\/2025 14:07<\/p>\n<p>        Temps de lecture : 2min<\/p>\n<p>    <img decoding=\"async\"  alt=\"Un v\u00e9hicule de M\u00e9decins sans fronti\u00e8res attend pour entrer dans la bande de Gaza via le passage de Rafah, le 1er novembre 2023. (MOHAMMED ABED \/ AFP)\" width=\"432\" height=\"243\" src=\"https:\/\/www.europesays.com\/fr\/wp-content\/uploads\/2025\/09\/000-33zl6re-68998050b3e87774749436.jpg\" fetchpriority=\"high\"\/><\/p>\n<p>      Un v\u00e9hicule de M\u00e9decins sans fronti\u00e8res attend pour entrer dans la bande de Gaza via le passage de Rafah, le 1er novembre 2023. (MOHAMMED ABED \/ AFP)<\/p>\n<p>L&rsquo;ONG M\u00e9decins sans fronti\u00e8res a suspendu vendredi 26 septembre ses activit\u00e9s m\u00e9dicales dans la ville de Gaza, dans le nord de l&rsquo;enclave palestinienne. Les troupes isra\u00e9liennes m\u00e8nent actuellement une offensive terrestre sur l&rsquo;ensemble de l&rsquo;agglom\u00e9ration, pilonn\u00e9e dans le but d&rsquo;an\u00e9antir le Hamas. franceinfo a pu joindre le docteur Mathieu Bichet, directeur m\u00e9dical adjoint de MSF France, qui a \u00e9vacu\u00e9 la ville jeudi 25 septembre pour se rendre dans le centre de la bande de Gaza.<\/p>\n<p><strong\/>\u00ab\u00a0Les raisons qui nous ont conduites \u00e0 prendre cette d\u00e9cision, ce sont avant tout des raisons de s\u00e9curit\u00e9 et en particulier l&rsquo;arriv\u00e9e de tanks. A proximit\u00e9 de notre site, les forces isra\u00e9liennes avancent et se rapprochent du centre de la ville. C&rsquo;est une situation apocalyptique, d\u00e9crit Mathieu Bichet. La d\u00e9vastation est massive, les attaques a\u00e9riennes ou par drones sont quotidiennes.\u00a0\u00bb La D\u00e9fense civile de la bande de Gaza a fait \u00e9tat d&rsquo;au moins <a href=\"https:\/\/www.franceinfo.fr\/monde\/proche-orient\/israel-palestine\/direct-guerre-dans-la-bande-de-gaza-je-ne-permettrai-pas-a-israel-d-annexer-la-cisjordanie-previent-donald-trump_7514965.html\" rel=\"nofollow noopener\" target=\"_blank\">cinquante morts dans des frappes isra\u00e9liennes vendredi<\/a> \u00e0 travers le territoire palestinien.<\/p>\n<p>La situation sanitaire et humanitaire sur place est donc extr\u00eamement tendue, avertit encore MSF. \u00ab\u00a0Il y a l&rsquo;absence de nourriture et l&rsquo;eau. Nous faisions des et distribution d&rsquo;eau, donc on a \u00e9t\u00e9 contraint de suspendre \u00e9galement cette activit\u00e9. L&rsquo;acc\u00e8s aux structures de soins est extr\u00eamement limit\u00e9e. Ces h\u00f4pitaux sont compl\u00e8tement satur\u00e9s. C&rsquo;est un \u00e9tat de chaos. C&rsquo;\u00e9tait extr\u00eamement difficile de proc\u00e9der \u00e0 cette \u00e9vacuation, n\u00e9cessaire pour nous mais malheureusement tragique pour les patients qu&rsquo;on laisse derri\u00e8re\u00a0\u00bb, se d\u00e9sole le directeur m\u00e9dical adjoint de MSF France. La semaine derni\u00e8re, les cliniques de M\u00e9decins sans fronti\u00e8res \u00e0 Gaza-ville ont r\u00e9alis\u00e9 plus de 3 640 consultations et trait\u00e9 1 655 patients souffrant de malnutrition, indique l&rsquo;ONG.<strong> <\/strong><\/p>\n","protected":false},"excerpt":{"rendered":"Franceinfo a joint le directeur m\u00e9dical adjoint de M\u00e9decins sans fronti\u00e8res (MSF) France, alors que l&rsquo;arm\u00e9e isra\u00e9lienne continue&hellip;\n","protected":false},"author":2,"featured_media":421444,"comment_status":"","ping_status":"","sticky":false,"template":"","format":"standard","meta":{"footnotes":""},"categories":[1888],"tags":[1111,1928,11,1927,1777,674,1011,27,12,1926,626,1925,25],"class_list":{"0":"post-421443","1":"post","2":"type-post","3":"status-publish","4":"format-standard","5":"has-post-thumbnail","7":"category-paris","8":"tag-actu","9":"tag-actu-paris","10":"tag-actualites","11":"tag-actualites-paris","12":"tag-eu","13":"tag-europe","14":"tag-fr","15":"tag-france","16":"tag-news","17":"tag-news-paris","18":"tag-paris","19":"tag-paris-news","20":"tag-republique-francaise"},"share_on_mastodon":{"url":"https:\/\/pubeurope.com\/@fr\/115276437974810117","error":""},"_links":{"self":[{"href":"https:\/\/www.europesays.com\/fr\/wp-json\/wp\/v2\/posts\/421443","targetHints":{"allow":["GET"]}}],"collection":[{"href":"https:\/\/www.europesays.com\/fr\/wp-json\/wp\/v2\/posts"}],"about":[{"href":"https:\/\/www.europesays.com\/fr\/wp-json\/wp\/v2\/types\/post"}],"author":[{"embeddable":true,"href":"https:\/\/www.europesays.com\/fr\/wp-json\/wp\/v2\/users\/2"}],"replies":[{"embeddable":true,"href":"https:\/\/www.europesays.com\/fr\/wp-json\/wp\/v2\/comments?post=421443"}],"version-history":[{"count":0,"href":"https:\/\/www.europesays.com\/fr\/wp-json\/wp\/v2\/posts\/421443\/revisions"}],"wp:featuredmedia":[{"embeddable":true,"href":"https:\/\/www.europesays.com\/fr\/wp-json\/wp\/v2\/media\/421444"}],"wp:attachment":[{"href":"https:\/\/www.europesays.com\/fr\/wp-json\/wp\/v2\/media?parent=421443"}],"wp:term":[{"taxonomy":"category","embeddable":true,"href":"https:\/\/www.europesays.com\/fr\/wp-json\/wp\/v2\/categories?post=421443"},{"taxonomy":"post_tag","embeddable":true,"href":"https:\/\/www.europesays.com\/fr\/wp-json\/wp\/v2\/tags?post=421443"}],"curies":[{"name":"wp","href":"https:\/\/api.w.org\/{rel}","templated":true}]}}