{"id":421445,"date":"2025-09-27T13:13:12","date_gmt":"2025-09-27T13:13:12","guid":{"rendered":"https:\/\/www.europesays.com\/fr\/421445\/"},"modified":"2025-09-27T13:13:12","modified_gmt":"2025-09-27T13:13:12","slug":"un-homme-de-28-ans-tue-par-balle-dans-le-xixe-arrondissement","status":"publish","type":"post","link":"https:\/\/www.europesays.com\/fr\/421445\/","title":{"rendered":"Un homme de 28 ans tu\u00e9 par balle dans le XIXe arrondissement"},"content":{"rendered":"<p class=\"mb-4 text-lg md:leading-8 break-words\">Dans la nuit de vendredi \u00e0 samedi, un homme de 28 ans a \u00e9t\u00e9 tu\u00e9 <a data-i13n=\"cpos:1;pos:1\" href=\"https:\/\/www.20minutes.fr\/faits_divers\/faits-divers-nice\/4174722-20250923-var-homme-abattu-trois-balles-saint-raphael?at_medium=RSS%20feed&amp;at_campaign=ynews&amp;utm_source=yahoo&amp;utm_medium=rss&amp;utm_campaign=news_feed&amp;utm_content=in_article_link\" rel=\"nofollow noopener\" target=\"_blank\" data-ylk=\"slk:par arme \u00e0 feu;cpos:1;pos:1;elm:context_link;itc:0;sec:content-canvas\" class=\"link \">par arme \u00e0 feu<\/a> dans le XIXe arrondissement de <a data-i13n=\"cpos:2;pos:1\" href=\"https:\/\/www.20minutes.fr\/paris\/?at_medium=RSS%20feed&amp;at_campaign=ynews&amp;utm_source=yahoo&amp;utm_medium=rss&amp;utm_campaign=news_feed&amp;utm_content=in_article_link\" rel=\"nofollow noopener\" target=\"_blank\" data-ylk=\"slk:Paris;cpos:2;pos:1;elm:context_link;itc:0;sec:content-canvas\" class=\"link \">Paris<\/a> selon une source polici\u00e8re et le parquet. Selon cette source, les forces de l\u2019ordre ont \u00e9t\u00e9 appel\u00e9es pour <a data-i13n=\"cpos:3;pos:1\" href=\"https:\/\/www.20minutes.fr\/faits_divers\/4171467-20250905-dijon-homme-etat-critique-apres-avoir-blesse-balles-village-marsannay-cote?at_medium=RSS%20feed&amp;at_campaign=ynews&amp;utm_source=yahoo&amp;utm_medium=rss&amp;utm_campaign=news_feed&amp;utm_content=in_article_link\" rel=\"nofollow noopener\" target=\"_blank\" data-ylk=\"slk:des d\u00e9tonations;cpos:3;pos:1;elm:context_link;itc:0;sec:content-canvas\" class=\"link \">des d\u00e9tonations <\/a>sur la voie publique vers 4 heures du matin, rue Emile-Bollaert, non loin de la porte d\u2019Aubervilliers.<\/p>\n<p class=\"mb-4 text-lg md:leading-8 break-words\">Sur place, les policiers ont d\u00e9couvert un homme en arr\u00eat cardio-respiratoire pr\u00e9sentant une plaie par arme \u00e0 feu au niveau du thorax. Il est d\u00e9c\u00e9d\u00e9 un peu plus tard malgr\u00e9 les soins qui lui ont \u00e9t\u00e9 prodigu\u00e9s.<\/p>\n<p>Plusieurs impacts de balle sur un v\u00e9hicule<\/p>\n<p class=\"mb-4 text-lg md:leading-8 break-words\">Le minist\u00e8re public a indiqu\u00e9 qu\u2019une enqu\u00eate \u00e9tait ouverte pour meurtre et pour des infractions \u00e0 la l\u00e9gislation sur les armes, confi\u00e9e \u00e0 la Brigade criminelle. Un v\u00e9hicule pr\u00e9sentait plusieurs impacts de balles. Une arme de poing a \u00e9t\u00e9 retrouv\u00e9e dans un buisson \u00e0 proximit\u00e9 d\u2019une autre voiture, immatricul\u00e9e en Pologne.<\/p>\n<p>Publicit\u00e9<\/p>\n<p>Publicit\u00e9<\/p>\n<p>Publicit\u00e9<\/p>\n<p>Publicit\u00e9<\/p>\n<p class=\"mb-4 text-lg md:leading-8 break-words\">Selon les premiers \u00e9l\u00e9ments de l\u2019enqu\u00eate, il s\u2019agirait de l\u2019arme de la victime mais les circonstances exactes des faits restaient \u00e0 d\u00e9terminer.<\/p>\n<p class=\"mb-4 text-lg md:leading-8 break-words\"><a data-i13n=\"cpos:4;pos:1\" href=\"https:\/\/www.20minutes.fr\/faits_divers\/faits-divers-paris\/4175653-20250927-paris-homme-tue-balle-xixe-arrondissement?at_medium=RSS%20feed&amp;at_campaign=ynews&amp;utm_source=yahoo&amp;utm_medium=rss&amp;utm_campaign=news_feed&amp;utm_content=read_more_link%22\" rel=\"nofollow noopener\" target=\"_blank\" data-ylk=\"slk:Lire la suite sur 20minutes;cpos:4;pos:1;elm:context_link;itc:0;sec:content-canvas\" class=\"link \">Lire la suite sur 20minutes<\/a><\/p>\n<p>\u00c0 lire aussi :<br \/><a data-i13n=\"cpos:5;pos:1\" href=\"https:\/\/www.20minutes.fr\/faits_divers\/faits-divers-paris\/4175651-20250927-paris-homme-ecroue-avoir-egorge-compagne-appartement?at_medium=RSS%20feed&amp;at_campaign=ynews&amp;utm_source=yahoo&amp;utm_medium=rss&amp;utm_campaign=news_feed&amp;utm_content=related_content_link\" rel=\"nofollow noopener\" target=\"_blank\" data-ylk=\"slk:Paris : Un homme \u00e9crou\u00e9 pour avoir \u00e9gorg\u00e9 sa compagne dans leur appartement;cpos:5;pos:1;elm:context_link;itc:0;sec:content-canvas\" class=\"link \">Paris : Un homme \u00e9crou\u00e9 pour avoir \u00e9gorg\u00e9 sa compagne dans leur appartement<\/a><br \/><a data-i13n=\"cpos:6;pos:1\" href=\"https:\/\/www.20minutes.fr\/faits_divers\/faits-divers-paris\/4174742-20250923-paris-deux-restaurants-incendies-rue-employes-parmi-suspects?at_medium=RSS%20feed&amp;at_campaign=ynews&amp;utm_source=yahoo&amp;utm_medium=rss&amp;utm_campaign=news_feed&amp;utm_content=related_content_link\" rel=\"nofollow noopener\" target=\"_blank\" data-ylk=\"slk:Paris : Deux restaurants incendi\u00e9s dans la m\u00eame rue, des employ\u00e9s parmi les suspects;cpos:6;pos:1;elm:context_link;itc:0;sec:content-canvas\" class=\"link \">Paris : Deux restaurants incendi\u00e9s dans la m\u00eame rue, des employ\u00e9s parmi les suspects<\/a><\/p>\n","protected":false},"excerpt":{"rendered":"Dans la nuit de vendredi \u00e0 samedi, un homme de 28 ans a \u00e9t\u00e9 tu\u00e9 par arme \u00e0&hellip;\n","protected":false},"author":2,"featured_media":421446,"comment_status":"","ping_status":"","sticky":false,"template":"","format":"standard","meta":{"footnotes":""},"categories":[1888],"tags":[55077,1111,1928,11,1927,1764,5141,1777,674,1011,27,4933,9385,55076,12,1926,626,1925,25],"class_list":{"0":"post-421445","1":"post","2":"type-post","3":"status-publish","4":"format-standard","5":"has-post-thumbnail","7":"category-paris","8":"tag-4-heures-du-matin","9":"tag-actu","10":"tag-actu-paris","11":"tag-actualites","12":"tag-actualites-paris","13":"tag-ans","14":"tag-arme-a-feu","15":"tag-eu","16":"tag-europe","17":"tag-fr","18":"tag-france","19":"tag-homme","20":"tag-impacts-de-balles","21":"tag-legislation-sur-les-armes","22":"tag-news","23":"tag-news-paris","24":"tag-paris","25":"tag-paris-news","26":"tag-republique-francaise"},"share_on_mastodon":{"url":"https:\/\/pubeurope.com\/@fr\/115276441665772862","error":""},"_links":{"self":[{"href":"https:\/\/www.europesays.com\/fr\/wp-json\/wp\/v2\/posts\/421445","targetHints":{"allow":["GET"]}}],"collection":[{"href":"https:\/\/www.europesays.com\/fr\/wp-json\/wp\/v2\/posts"}],"about":[{"href":"https:\/\/www.europesays.com\/fr\/wp-json\/wp\/v2\/types\/post"}],"author":[{"embeddable":true,"href":"https:\/\/www.europesays.com\/fr\/wp-json\/wp\/v2\/users\/2"}],"replies":[{"embeddable":true,"href":"https:\/\/www.europesays.com\/fr\/wp-json\/wp\/v2\/comments?post=421445"}],"version-history":[{"count":0,"href":"https:\/\/www.europesays.com\/fr\/wp-json\/wp\/v2\/posts\/421445\/revisions"}],"wp:featuredmedia":[{"embeddable":true,"href":"https:\/\/www.europesays.com\/fr\/wp-json\/wp\/v2\/media\/421446"}],"wp:attachment":[{"href":"https:\/\/www.europesays.com\/fr\/wp-json\/wp\/v2\/media?parent=421445"}],"wp:term":[{"taxonomy":"category","embeddable":true,"href":"https:\/\/www.europesays.com\/fr\/wp-json\/wp\/v2\/categories?post=421445"},{"taxonomy":"post_tag","embeddable":true,"href":"https:\/\/www.europesays.com\/fr\/wp-json\/wp\/v2\/tags?post=421445"}],"curies":[{"name":"wp","href":"https:\/\/api.w.org\/{rel}","templated":true}]}}