{"id":421454,"date":"2025-09-27T13:18:12","date_gmt":"2025-09-27T13:18:12","guid":{"rendered":"https:\/\/www.europesays.com\/fr\/421454\/"},"modified":"2025-09-27T13:18:12","modified_gmt":"2025-09-27T13:18:12","slug":"nucleaire-iranien-les-usa-ont-exige-que-liran-leur-cede-tout-son-uranium-enrichi-selon-pezeshkian","status":"publish","type":"post","link":"https:\/\/www.europesays.com\/fr\/421454\/","title":{"rendered":"Nucl\u00e9aire iranien &#8211; Les USA ont exig\u00e9 que l&rsquo;Iran \u00ab\u00a0leur c\u00e8de tout\u00a0\u00bb son uranium enrichi, selon Pezeshkian"},"content":{"rendered":"<p class=\"ap-StoryElement ap-StoryElement--mb ap-StoryText\">Le Royaume-Uni, la France et l&rsquo;Allemagne, groupe de pays appel\u00e9s E3, ont d\u00e9clench\u00e9 fin ao\u00fbt ce dispositif qui permet dans un d\u00e9lai de 30 jours de r\u00e9tablir les sanctions lev\u00e9es en 2015 apr\u00e8s l&rsquo;accord sur le nucl\u00e9aire iranien. Des r\u00e9unions au plus haut niveau se sont multipli\u00e9es toute la semaine en marge de l&rsquo;Assembl\u00e9e g\u00e9n\u00e9rale de l&rsquo;Onu \u00e0 New York pour tenter de trouver une solution diplomatique. Mais le trio europ\u00e9en a jug\u00e9 que T\u00e9h\u00e9ran n&rsquo;avait pas pos\u00e9 de \u00ab\u00a0gestes concrets\u00a0\u00bb.<\/p>\n<p class=\"ap-StoryElement ap-StoryElement--mb ap-StoryText\">Les Europ\u00e9ens avaient impos\u00e9 trois conditions: reprise des n\u00e9gociations avec les \u00c9tats-Unis; acc\u00e8s des inspecteurs de l&rsquo;AIEA sur les sites nucl\u00e9aires sensibles de Natanz, Fordo et Ispahan ; processus pour s\u00e9curiser le stock d&rsquo;uranium enrichi.<\/p>\n<p class=\"ap-StoryElement ap-StoryElement--mb ap-StoryText\">Apr\u00e8s le feu vert du Conseil de s\u00e9curit\u00e9 de l&rsquo;Onu et l&rsquo;\u00e9chec sino-russe vendredi \u00e0 repousser la date butoir, de lourdes sanctions, allant d&rsquo;un embargo sur les armes \u00e0 des mesures \u00e9conomiques, seront r\u00e9tablies dans la nuit de samedi \u00e0 dimanche, sauf coup de th\u00e9\u00e2tre de derni\u00e8re minute.<\/p>\n<p class=\"ap-StoryElement ap-StoryElement--mb ap-StoryText\">En protestation, l&rsquo;Iran a rappel\u00e9 samedi \u00ab\u00a0pour consultations\u00a0\u00bb ses ambassadeurs en France, en Allemagne et au Royaume-Uni, a indiqu\u00e9 la t\u00e9l\u00e9vision d&rsquo;\u00c9tat.<\/p>\n","protected":false},"excerpt":{"rendered":"Le Royaume-Uni, la France et l&rsquo;Allemagne, groupe de pays appel\u00e9s E3, ont d\u00e9clench\u00e9 fin ao\u00fbt ce dispositif qui&hellip;\n","protected":false},"author":2,"featured_media":2837,"comment_status":"","ping_status":"","sticky":false,"template":"","format":"standard","meta":{"footnotes":""},"categories":[1589],"tags":[11,312,73,1866,3019,12,5654,3521,1864,1865,1863,308],"class_list":{"0":"post-421454","1":"post","2":"type-post","3":"status-publish","4":"format-standard","5":"has-post-thumbnail","7":"category-etats-unis","8":"tag-actualites","9":"tag-diplomatie","10":"tag-etats-unis","11":"tag-etats-unis-damerique","12":"tag-iran","13":"tag-news","14":"tag-nucleaire","15":"tag-onu","16":"tag-united-states","17":"tag-united-states-of-america","18":"tag-us","19":"tag-usa"},"share_on_mastodon":{"url":"https:\/\/pubeurope.com\/@fr\/115276461231946430","error":""},"_links":{"self":[{"href":"https:\/\/www.europesays.com\/fr\/wp-json\/wp\/v2\/posts\/421454","targetHints":{"allow":["GET"]}}],"collection":[{"href":"https:\/\/www.europesays.com\/fr\/wp-json\/wp\/v2\/posts"}],"about":[{"href":"https:\/\/www.europesays.com\/fr\/wp-json\/wp\/v2\/types\/post"}],"author":[{"embeddable":true,"href":"https:\/\/www.europesays.com\/fr\/wp-json\/wp\/v2\/users\/2"}],"replies":[{"embeddable":true,"href":"https:\/\/www.europesays.com\/fr\/wp-json\/wp\/v2\/comments?post=421454"}],"version-history":[{"count":0,"href":"https:\/\/www.europesays.com\/fr\/wp-json\/wp\/v2\/posts\/421454\/revisions"}],"wp:featuredmedia":[{"embeddable":true,"href":"https:\/\/www.europesays.com\/fr\/wp-json\/wp\/v2\/media\/2837"}],"wp:attachment":[{"href":"https:\/\/www.europesays.com\/fr\/wp-json\/wp\/v2\/media?parent=421454"}],"wp:term":[{"taxonomy":"category","embeddable":true,"href":"https:\/\/www.europesays.com\/fr\/wp-json\/wp\/v2\/categories?post=421454"},{"taxonomy":"post_tag","embeddable":true,"href":"https:\/\/www.europesays.com\/fr\/wp-json\/wp\/v2\/tags?post=421454"}],"curies":[{"name":"wp","href":"https:\/\/api.w.org\/{rel}","templated":true}]}}