{"id":421470,"date":"2025-09-27T13:29:22","date_gmt":"2025-09-27T13:29:22","guid":{"rendered":"https:\/\/www.europesays.com\/fr\/421470\/"},"modified":"2025-09-27T13:29:22","modified_gmt":"2025-09-27T13:29:22","slug":"lorenzo-musetti-presente-ses-excuses-apres-des-propos-polemiques-a-pekin","status":"publish","type":"post","link":"https:\/\/www.europesays.com\/fr\/421470\/","title":{"rendered":"Lorenzo Musetti pr\u00e9sente ses excuses apr\u00e8s des propos pol\u00e9miques \u00e0 P\u00e9kin"},"content":{"rendered":"<p>\tLorenzo Musetti pr\u00e9sente ses excuses apr\u00e8s des propos pol\u00e9miques \u00e0 P\u00e9kin &#8211; Univers Tennis<\/p>\n<p>\t\t\t\t\t\t<img decoding=\"async\" fetchpriority=\"high\" src=\"https:\/\/www.europesays.com\/fr\/wp-content\/uploads\/2025\/09\/1758509901_886_banner_UNIVERSTENNIS.png\" alt=\"Advertisement\"\/>\t\t\t\t\t<\/p>\n<p>\t\t\t\t\t\t\t\t\t\t\t<a class=\"cs-branding__link\" href=\"https:\/\/www.universtennis.com\/go\/prozis\" target=\"_blank\" title=\"Advertisement\" rel=\"noopener\"><\/p>\n<p>\t\t\t\t<a href=\"https:\/\/www.universtennis.com\/\" target=\"_blank\" rel=\"noopener\">Univers Tennis<\/a>  Lorenzo Musetti pr\u00e9sente ses excuses apr\u00e8s des propos pol\u00e9miques \u00e0 P\u00e9kin<\/p>\n","protected":false},"excerpt":{"rendered":"Lorenzo Musetti pr\u00e9sente ses excuses apr\u00e8s des propos pol\u00e9miques \u00e0 P\u00e9kin &#8211; Univers Tennis Univers Tennis Lorenzo Musetti&hellip;\n","protected":false},"author":2,"featured_media":421471,"comment_status":"","ping_status":"","sticky":false,"template":"","format":"standard","meta":{"footnotes":""},"categories":[1415],"tags":[55078,1011,27,19896,60,1467],"class_list":{"0":"post-421470","1":"post","2":"type-post","3":"status-publish","4":"format-standard","5":"has-post-thumbnail","7":"category-tennis","8":"tag-atp-500-pekin","9":"tag-fr","10":"tag-france","11":"tag-lorenzo-musetti","12":"tag-sports","13":"tag-tennis"},"share_on_mastodon":{"url":"https:\/\/pubeurope.com\/@fr\/115276504712153251","error":""},"_links":{"self":[{"href":"https:\/\/www.europesays.com\/fr\/wp-json\/wp\/v2\/posts\/421470","targetHints":{"allow":["GET"]}}],"collection":[{"href":"https:\/\/www.europesays.com\/fr\/wp-json\/wp\/v2\/posts"}],"about":[{"href":"https:\/\/www.europesays.com\/fr\/wp-json\/wp\/v2\/types\/post"}],"author":[{"embeddable":true,"href":"https:\/\/www.europesays.com\/fr\/wp-json\/wp\/v2\/users\/2"}],"replies":[{"embeddable":true,"href":"https:\/\/www.europesays.com\/fr\/wp-json\/wp\/v2\/comments?post=421470"}],"version-history":[{"count":0,"href":"https:\/\/www.europesays.com\/fr\/wp-json\/wp\/v2\/posts\/421470\/revisions"}],"wp:featuredmedia":[{"embeddable":true,"href":"https:\/\/www.europesays.com\/fr\/wp-json\/wp\/v2\/media\/421471"}],"wp:attachment":[{"href":"https:\/\/www.europesays.com\/fr\/wp-json\/wp\/v2\/media?parent=421470"}],"wp:term":[{"taxonomy":"category","embeddable":true,"href":"https:\/\/www.europesays.com\/fr\/wp-json\/wp\/v2\/categories?post=421470"},{"taxonomy":"post_tag","embeddable":true,"href":"https:\/\/www.europesays.com\/fr\/wp-json\/wp\/v2\/tags?post=421470"}],"curies":[{"name":"wp","href":"https:\/\/api.w.org\/{rel}","templated":true}]}}