{"id":421474,"date":"2025-09-27T13:32:22","date_gmt":"2025-09-27T13:32:22","guid":{"rendered":"https:\/\/www.europesays.com\/fr\/421474\/"},"modified":"2025-09-27T13:32:22","modified_gmt":"2025-09-27T13:32:22","slug":"six-courses-sans-point-depuis-son-podium-quarrive-t-il-a-hulkenberg","status":"publish","type":"post","link":"https:\/\/www.europesays.com\/fr\/421474\/","title":{"rendered":"Six courses sans point depuis son podium : qu&rsquo;arrive-t-il \u00e0 H\u00fclkenberg ?"},"content":{"rendered":"<p><a href=\"https:\/\/fr.motorsport.com\/driver\/nico-hulkenberg\/84891\/\" target=\"_blank\" rel=\"noopener\">Nico H\u00fclkenberg<\/a> continue sa s\u00e9rie de courses sans point avec un nouveau z\u00e9ro point\u00e9 \u00e0 Bakou. 17e lors des qualifications et 16e en course le dimanche, l&rsquo;Allemand semble avoir lev\u00e9 le pied apr\u00e8s son podium en Grande-Bretagne. D\u00e8s le premier tour en Azerba\u00efdjan, il s&rsquo;est accroch\u00e9 avec <a href=\"https:\/\/fr.motorsport.com\/driver\/esteban-ocon\/95096\/\" target=\"_blank\" rel=\"noopener\">Esteban Ocon<\/a>, sans grosses cons\u00e9quences n\u00e9anmoins. Apr\u00e8s quelques d\u00e9passements, H\u00fclkenberg s&rsquo;est retrouv\u00e9, comme beaucoup, coinc\u00e9 dans un train DRS dont il \u00e9tait impossible de sortir.\u00a0\u00a0<\/p>\n<p>\u00ab\u00a0Mon premier tour n&rsquo;a pas \u00e9t\u00e9 super\u00a0\u00bb, a-t-il d\u00e9clar\u00e9 apr\u00e8s la course, alors qu&rsquo;il \u00e9tait parti sur une strat\u00e9gie d\u00e9cal\u00e9e en partant en pneus durs. \u00ab\u00a0J&rsquo;avais l&rsquo;impression d&rsquo;\u00eatre toujours au mauvais endroit, \u00e0 perdre du terrain. Mais au restart, j&rsquo;ai r\u00e9ussi un double d\u00e9passement dans le virage 3. \u00c7a a fait du bien, c&rsquo;\u00e9tait probablement le moment fort de ma course. Et ensuite, eh bien, un long relais derri\u00e8re Franco [Colapinto] et Lance [Stroll].\u00a0\u00bb<\/p>\n<p>\u00ab\u00a0Et c&rsquo;\u00e9tait juste\u2026 tr\u00e8s difficile de suivre \u00e0 basse vitesse. Ces voitures, c&rsquo;est comme si quelqu&rsquo;un retirait l&rsquo;aileron arri\u00e8re. Donc oui, c&rsquo;\u00e9tait compliqu\u00e9. Je n&rsquo;ai pas pu rattraper Lance et \u00e9videmment, on a perdu pas mal de temps, puisque le rythme n&rsquo;\u00e9tait pas tr\u00e8s bon. Donc oui, les d\u00e9g\u00e2ts \u00e9taient faits d\u00e8s [samedi en qualifications] et on partait trop loin derri\u00e8re. Mais oui, je pense que ce n&rsquo;\u00e9tait pas notre meilleur week-end. Comme \u00e0 Zandvoort, je ne pense pas qu&rsquo;on ait eu assez de rythme et de m\u00e9rite pour faire quelque chose.\u00a0\u00bb<\/p>\n<p>H\u00fclkenberg savoure-t-il un peu trop son podium ?<br \/>\n   <img decoding=\"async\" draggable=\"false\" src=\"https:\/\/www.europesays.com\/fr\/wp-content\/uploads\/2025\/09\/podium-third-place-nico-hulken.jpg\" alt=\"Nico H\u00fclkenberg sur le podium de Silverstone.\" width=\"1200\" height=\"800\" loading=\"lazy\"\/> <\/p>\n<p class=\"title\">Nico H\u00fclkenberg sur le podium de Silverstone.<\/p>\n<p class=\"photographer\">Photo de: Erik Junius<\/p>\n<p>Il faut dire que, depuis qu&rsquo;il a enfin sabr\u00e9 le champagne pour la premi\u00e8re fois de sa carri\u00e8re \u00e0 Silverstone, en juillet dernier, Nico H\u00fclkenberg n&rsquo;a plus marqu\u00e9 le moindre point. Mais c&rsquo;est surtout en qualifications que l&rsquo;Allemand semble avoir perdu de son \u00e9clat : il faut remonter au Grand Prix du Canada pour le voir devancer son co\u00e9quipier <a href=\"https:\/\/fr.motorsport.com\/driver\/gabriel-bortoleto\/947555\/\" target=\"_blank\" rel=\"noopener\">Gabriel Bortoleto<\/a> sur la grille, alors qu&rsquo;il est reconnu comme \u00e9tant un v\u00e9ritable sp\u00e9cialiste du tour lanc\u00e9.<\/p>\n<p>Et \u00e0 c\u00f4t\u00e9 de cela, le jeune rookie qui partage son garage ne fait que monter en puissance. Depuis le Grand Prix de Grande-Bretagne, Bortoleto est entr\u00e9 \u00e0 trois reprises dans les points : en Belgique, en Hongrie et en Italie. Alors, H\u00fclkenberg conna\u00eet-il un probl\u00e8me avec sa voiture, ou bien fait-il simplement face \u00e0 la grande forme du Br\u00e9silien ? La question a \u00e9t\u00e9 pos\u00e9e \u00e0 son directeur d&rsquo;\u00e9quipe, Jonathan Weathley.<\/p>\n<p>\u00ab\u00a0Je pense qu&rsquo;il faut remettre les choses en perspective\u00a0\u00bb,\u00a0a r\u00e9pondu le Britannique. \u00ab\u00a0Nico est un pilote extr\u00eamement rapide sur un tour et en rythme de course. Il est extraordinaire. Il se pr\u00e9sente chaque week-end en grande forme.\u00a0\u00bb <\/p>\n<p>\u00ab\u00a0Si l&rsquo;on analyse vraiment, comme le fait l&rsquo;\u00e9quipe, chaque \u00e9l\u00e9ment de sa performance en qualifications, il a connu quelques petites s\u00e9ries de contretemps. Certaines qu&rsquo;il s&rsquo;est lui-m\u00eame inflig\u00e9es, d&rsquo;autres li\u00e9es \u00e0 des conditions un peu d\u00e9licates pour la voiture. Je ne pense pas qu&rsquo;il y ait un probl\u00e8me sous-jacent dont nous devions nous inqui\u00e9ter. Et comme pour toutes ces choses, \u00e7a peut se renverser en un clin d&rsquo;\u0153il.\u00a0\u00bb<\/p>\n<p>\u00ab\u00a0Quand on parle de la densit\u00e9 du peloton de milieu de grille et de la lutte dans laquelle nous sommes, il s&rsquo;agit souvent d&rsquo;un milli\u00e8me de seconde ou de quelques centi\u00e8mes, la diff\u00e9rence entre passer \u00e0 la partie suivante des qualifications. Et je pense que c&rsquo;est exactement ce que nous voyons. Si je regarde sur toute la grille, si vous avez la chance d&rsquo;\u00eatre un qualifi\u00e9 constant dans le top 10, il y a des \u00e9carts beaucoup plus grands entre les pilotes l\u00e0-bas.\u00a0\u00bb<\/p>\n<p style=\"text-align: right;\">Avec\u00a0Federico Faturos, Basile Davoine et Oleg Karpov<\/p>\n<p>Lire aussi :<\/p>\n","protected":false},"excerpt":{"rendered":"Nico H\u00fclkenberg continue sa s\u00e9rie de courses sans point avec un nouveau z\u00e9ro point\u00e9 \u00e0 Bakou. 17e lors&hellip;\n","protected":false},"author":2,"featured_media":421475,"comment_status":"","ping_status":"","sticky":false,"template":"","format":"standard","meta":{"footnotes":""},"categories":[1412],"tags":[52446,1451,1452,1453,1454,1455,1011,27,2250,52445,9107,55079,60,9106],"class_list":{"0":"post-421474","1":"post","2":"type-post","3":"status-publish","4":"format-standard","5":"has-post-thumbnail","7":"category-f1","8":"tag-baku-city-circuit","9":"tag-f1","10":"tag-formula-1","11":"tag-formula1","12":"tag-formule-1","13":"tag-formule1","14":"tag-fr","15":"tag-france","16":"tag-gabriel-bortoleto","17":"tag-gp-dazerbau00efdjan","18":"tag-nico-hu00fclkenberg","19":"tag-six-courses-sans-point-depuis-son-podium-quarrive-t-il-u00e0-hu00fclkenberg","20":"tag-sports","21":"tag-stake-sauber"},"share_on_mastodon":{"url":"https:\/\/pubeurope.com\/@fr\/115276516587409827","error":""},"_links":{"self":[{"href":"https:\/\/www.europesays.com\/fr\/wp-json\/wp\/v2\/posts\/421474","targetHints":{"allow":["GET"]}}],"collection":[{"href":"https:\/\/www.europesays.com\/fr\/wp-json\/wp\/v2\/posts"}],"about":[{"href":"https:\/\/www.europesays.com\/fr\/wp-json\/wp\/v2\/types\/post"}],"author":[{"embeddable":true,"href":"https:\/\/www.europesays.com\/fr\/wp-json\/wp\/v2\/users\/2"}],"replies":[{"embeddable":true,"href":"https:\/\/www.europesays.com\/fr\/wp-json\/wp\/v2\/comments?post=421474"}],"version-history":[{"count":0,"href":"https:\/\/www.europesays.com\/fr\/wp-json\/wp\/v2\/posts\/421474\/revisions"}],"wp:featuredmedia":[{"embeddable":true,"href":"https:\/\/www.europesays.com\/fr\/wp-json\/wp\/v2\/media\/421475"}],"wp:attachment":[{"href":"https:\/\/www.europesays.com\/fr\/wp-json\/wp\/v2\/media?parent=421474"}],"wp:term":[{"taxonomy":"category","embeddable":true,"href":"https:\/\/www.europesays.com\/fr\/wp-json\/wp\/v2\/categories?post=421474"},{"taxonomy":"post_tag","embeddable":true,"href":"https:\/\/www.europesays.com\/fr\/wp-json\/wp\/v2\/tags?post=421474"}],"curies":[{"name":"wp","href":"https:\/\/api.w.org\/{rel}","templated":true}]}}