{"id":421482,"date":"2025-09-27T13:36:52","date_gmt":"2025-09-27T13:36:52","guid":{"rendered":"https:\/\/www.europesays.com\/fr\/421482\/"},"modified":"2025-09-27T13:36:52","modified_gmt":"2025-09-27T13:36:52","slug":"cache-sous-un-celebre-tableau-de-vermeer-un-mysterieux-portrait-pourrait-etre-la-plus-ancienne-oeuvre-connue-de-lartiste","status":"publish","type":"post","link":"https:\/\/www.europesays.com\/fr\/421482\/","title":{"rendered":"Cach\u00e9 sous un c\u00e9l\u00e8bre tableau de Vermeer, un myst\u00e9rieux portrait pourrait \u00eatre la plus ancienne \u0153uvre connue de l&rsquo;artiste"},"content":{"rendered":"<p>Les \u00e9quipes de la National Gallery of Art de Washington ont r\u00e9v\u00e9l\u00e9 un portrait masculin sous le tableau Fille au chapeau rouge de Vermeer. Il pourrait s&rsquo;agir de la plus ancienne \u0153uvre connue de l&rsquo;artiste. <\/p>\n<p class=\"field_LQ2154C\">Un chef-d\u2019\u0153uvre peut en cacher un autre. La National Gallery of Art de Washington (\u00c9tats-Unis) a men\u00e9\u00a0de nouvelles recherches sur ses quatre tableaux de Johannes <a href=\"https:\/\/www.connaissancedesarts.com\/artistes\/johannes-vermeer\/johannes-vermeer-le-sphinx-de-delft-11130222\/\" rel=\"nofollow noopener\" target=\"_blank\">Vermeer<\/a> (1632-1675), a r\u00e9v\u00e9l\u00e9 il y a quelques jours le m\u00e9dia anglophone \u00ab\u00a0The Art Newspaper\u00a0\u00bb. Apr\u00e8s avoir d\u00e9couvert pr\u00e9c\u00e9demment qu\u2019un portrait cach\u00e9 se trouvait sous sa c\u00e9l\u00e8bre\u00a0<a href=\"https:\/\/www.nga.gov\/artworks\/60-girl-red-hat\" target=\"_blank\" rel=\"noopener nofollow\">Fille au chapeau rouge<\/a>\u00a0(vers 1669), les sp\u00e9cialistes ont men\u00e9 des analyses compl\u00e9mentaires pour en apprendre plus sur cette composition ant\u00e9rieure. Alors qu\u2019ils pensaient jusqu\u2019ici que Vermeer avait r\u00e9utilis\u00e9 l\u2019\u0153uvre d\u2019un artiste inconnu pour peintre son tableau, les chercheurs pensent \u00e0 pr\u00e9sent que la peinture sous-jacente est la plus ancienne \u0153uvre connue du Sphinx de <a href=\"https:\/\/www.connaissancedesarts.com\/arts-expositions\/pieter-de-hooch-retrouve-delft-11127674\/\" rel=\"nofollow noopener\" target=\"_blank\">Delft<\/a>.<\/p>\n<p>\u00a0<\/p>\n<p class=\"entry-related__title\"><strong>\u00c0 regarder aussi : <\/strong><\/p>\n<p>\t\tDes accessoires et un v\u00eatement permettant de dater le portrait<\/p>\n<p class=\"field_LQ2154C\">Quelle \u0153uvre se cache sous\u00a0La Fille au chapeau rouge\u00a0? Orient\u00e9\u00a0\u00e0 180 degr\u00e9s par rapport \u00e0 la composition actuelle, un portrait en buste d\u2019un homme a \u00e9t\u00e9 r\u00e9v\u00e9l\u00e9 \u00e0 la radiographie. Il porte un chapeau \u00e0 larges bords et un grand col blanc et pose devant un arri\u00e8re-plan beige, peint avec des coups de pinceau vigoureux et d\u00e9li\u00e9s. C\u2019est d\u2019ailleurs en raison de cette mani\u00e8re de peindre que les chercheurs ne pensaient pas que Vermeer ait pu \u00eatre l\u2019auteur du tableau. D\u2019apr\u00e8s\u00a0\u00ab\u00a0The Art Newspaper \u00bb, les \u00e9tudes r\u00e9centes r\u00e9v\u00e9leraient que les sous-couches des \u0153uvres du ma\u00eetre du Si\u00e8cle d\u2019or n\u00e9erlandais \u00e9taient bross\u00e9es d\u2019une touche rapide et expressive avant qu\u2019il ne revienne dessus pour finaliser la peinture.<\/p>\n<p><img loading=\"lazy\" width=\"653\" height=\"825\" decoding=\"async\" aria-describedby=\"caption-attachment-205785\" src=\"data:image\/svg+xml,%3Csvg%20xmlns=\" http:=\"\" alt=\"Johannes Vermeer, Fille au chapeau rouge, vers 1669, huile sur panneau, 22,8 x 18 cm, National Gallery of Art, Washington\" class=\"size-medium wp-image-205785\" data-lazy-src=\"https:\/\/www.europesays.com\/fr\/wp-content\/uploads\/2025\/09\/cda25_actu_vermeer_fille_chapeau_rouge-tt-width-653-height-825-fill-0-crop-0-bgcolor-eeeeee.jpg\"\/><\/p>\n<p id=\"caption-attachment-205785\" class=\"wp-caption-text\">Johannes Vermeer, Fille au chapeau rouge, vers 1669, huile sur panneau, 22,8 x 18 cm, National Gallery of Art, Washington<\/p>\n<p class=\"field_LQ2154C\">Les accessoires et le v\u00eatement port\u00e9s par la figure masculine indiquent que le portrait a \u00e9t\u00e9 r\u00e9alis\u00e9 entre\u00a01650 et\u00a01655. Jusqu\u2019\u00e0 aujourd\u2019hui, la plus ancienne \u0153uvre de Vermeer connue \u00e9tait Le Christ dans la maison de Marthe et Marie (1655), conserv\u00e9 aux National Galleries of Scotland \u00e0 Edimbourg. Si le portrait cach\u00e9 est bien de la main de Vermeer, il deviendrait \u00e0 la fois sa plus ancienne peinture connue et son seul portrait masculin connu r\u00e9pertori\u00e9,\u200b\u200b\u200b\u200b\u200b\u200b\u200b L\u2019Astronome (1668) et\u00a0Le G\u00e9ographe\u00a0(1668), conserv\u00e9s respectivement au <a href=\"https:\/\/www.connaissancedesarts.com\/arts-expositions\/paris-lun-des-plus-grands-peintres-francais-bientot-mis-a-lhonneur-au-musee-du-louvre-dans-une-exposition-inedite-11203558\/\" rel=\"nofollow noopener\" target=\"_blank\">Louvre<\/a> et au\u00a0St\u00e4delsches Kunstinstitut (Francfort-sur-le-Main), n\u2019\u00e9tant pas consid\u00e9r\u00e9s comme tels. Elle apporterait \u00e9galement des informations sur le contexte du d\u00e9but de la carri\u00e8re de l\u2019artiste.<\/p>\n<p><img loading=\"lazy\" width=\"653\" height=\"828\" decoding=\"async\" aria-describedby=\"caption-attachment-205788\" src=\"data:image\/svg+xml,%3Csvg%20xmlns=\" http:=\"\" alt=\"Sous la Fille au chapeau rouge de Vermeer se cache un myst\u00e9rieux portrait d'homme. \u00a9National Gallery of Art, Washington\" class=\"size-medium wp-image-205788\" data-lazy-src=\"https:\/\/www.europesays.com\/fr\/wp-content\/uploads\/2025\/09\/cda25_portrait_cache_homme_vermeer-tt-width-653-height-828-fill-0-crop-0-bgcolor-eeeeee.jpg\"\/><\/p>\n<p id=\"caption-attachment-205788\" class=\"wp-caption-text\">Sous la Fille au chapeau rouge de Vermeer se cache un myst\u00e9rieux portrait d\u2019homme. \u00a9National Gallery of Art, Washington<\/p>\n<p>Un portrait oubli\u00e9 du plus brillant \u00e9l\u00e8ve de Rembrandt\u00a0?<\/p>\n<p class=\"field_LQ2154C\">Toutefois, rien pour l\u2019heure ne peut confirmer cette hypoth\u00e8se. Les \u00e9quipes de la National Gallery of Art continuent leurs investigations et leurs analyses scientifiques pour essayer d\u2019en avoir le c\u0153ur net. Les sp\u00e9cialistes envisagent aussi une autre possibilit\u00e9 r\u00e9jouissante en s\u2019appuyant sur un inventaire dress\u00e9 apr\u00e8s la mort de <a href=\"https:\/\/www.connaissancedesarts.com\/arts-expositions\/jeune-fille-a-la-perle-de-johannes-vermeer-focus-sur-un-chef-doeuvre-11141526\/\" rel=\"nofollow noopener\" target=\"_blank\">Vermeer<\/a>. D\u2019apr\u00e8s ce document d\u2019archive, le peintre aurait poss\u00e9d\u00e9 deux portraits masculins de Carel Fabritius (1622-1654), connu pour son c\u00e9l\u00e8bre\u00a0\u200b\u200b\u200b\u200btableau\u00a0Le Chardonneret\u00a0(1654), un des chefs-d\u2019\u0153uvre du\u00a0Mauritshuis de <a href=\"https:\/\/www.connaissancedesarts.com\/depeches-art\/nominations\/martine-gosselink-a-la-tete-du-mauritshuis-de-la-haye-11132481\/\" rel=\"nofollow noopener\" target=\"_blank\">La Haye<\/a>. Seulement une douzaine de peintures de Fabritius sont parvenues jusqu\u2019\u00e0 nous. S\u2019il s\u2019av\u00e8re que Vermeer a peint sur un portrait de Fabritius, cela apporterait \u00e9galement un pr\u00e9cieux \u00e9clairage sur l\u2019\u0153uvre de l\u2019artiste n\u00e9erlandais, consid\u00e9r\u00e9 comme l\u2019\u00e9l\u00e8ve le plus brillant de Rembrandt.<\/p>\n<p>Explore Johannes Vermeer&rsquo;s \u00ab\u00a0Girl with the Red Hat\u00a0\u00bb with Meryl Streep<\/p>\n","protected":false},"excerpt":{"rendered":"Les \u00e9quipes de la National Gallery of Art de Washington ont r\u00e9v\u00e9l\u00e9 un portrait masculin sous le tableau&hellip;\n","protected":false},"author":2,"featured_media":421483,"comment_status":"","ping_status":"","sticky":false,"template":"","format":"standard","meta":{"footnotes":""},"categories":[1358],"tags":[1348,1384,1385,1386,58,59,1011,27],"class_list":{"0":"post-421482","1":"post","2":"type-post","3":"status-publish","4":"format-standard","5":"has-post-thumbnail","7":"category-arts-et-design","8":"tag-arts","9":"tag-arts-and-design","10":"tag-arts-et-design","11":"tag-design","12":"tag-divertissement","13":"tag-entertainment","14":"tag-fr","15":"tag-france"},"share_on_mastodon":{"url":"https:\/\/pubeurope.com\/@fr\/115276535736782329","error":""},"_links":{"self":[{"href":"https:\/\/www.europesays.com\/fr\/wp-json\/wp\/v2\/posts\/421482","targetHints":{"allow":["GET"]}}],"collection":[{"href":"https:\/\/www.europesays.com\/fr\/wp-json\/wp\/v2\/posts"}],"about":[{"href":"https:\/\/www.europesays.com\/fr\/wp-json\/wp\/v2\/types\/post"}],"author":[{"embeddable":true,"href":"https:\/\/www.europesays.com\/fr\/wp-json\/wp\/v2\/users\/2"}],"replies":[{"embeddable":true,"href":"https:\/\/www.europesays.com\/fr\/wp-json\/wp\/v2\/comments?post=421482"}],"version-history":[{"count":0,"href":"https:\/\/www.europesays.com\/fr\/wp-json\/wp\/v2\/posts\/421482\/revisions"}],"wp:featuredmedia":[{"embeddable":true,"href":"https:\/\/www.europesays.com\/fr\/wp-json\/wp\/v2\/media\/421483"}],"wp:attachment":[{"href":"https:\/\/www.europesays.com\/fr\/wp-json\/wp\/v2\/media?parent=421482"}],"wp:term":[{"taxonomy":"category","embeddable":true,"href":"https:\/\/www.europesays.com\/fr\/wp-json\/wp\/v2\/categories?post=421482"},{"taxonomy":"post_tag","embeddable":true,"href":"https:\/\/www.europesays.com\/fr\/wp-json\/wp\/v2\/tags?post=421482"}],"curies":[{"name":"wp","href":"https:\/\/api.w.org\/{rel}","templated":true}]}}