{"id":421484,"date":"2025-09-27T13:38:15","date_gmt":"2025-09-27T13:38:15","guid":{"rendered":"https:\/\/www.europesays.com\/fr\/421484\/"},"modified":"2025-09-27T13:38:15","modified_gmt":"2025-09-27T13:38:15","slug":"draculours-de-berengere-delaporte-un-titre-joyeux-pour-dedramatiser-la-peur","status":"publish","type":"post","link":"https:\/\/www.europesays.com\/fr\/421484\/","title":{"rendered":"DRACULOURS de B\u00e9reng\u00e8re Delaporte : Un titre joyeux pour d\u00e9dramatiser la peur."},"content":{"rendered":"<p><strong>\u00a0DRACULOURS \ud83d\udc3b\ud83e\udd87 de B\u00e9reng\u00e8re Delaporte arrive en librairie<\/strong><\/p>\n<p>\u00a0<\/p>\n<p><img decoding=\"async\" alt=\"\" data-amp-height=\"1600\" data-amp-width=\"1131\" data-data-cke-saved-src=\"https:\/\/www.europesays.com\/fr\/wp-content\/uploads\/2025\/09\/image\/1371318\/20250927\/ob_84335f_unnamed-29.png\" src=\"https:\/\/www.europesays.com\/fr\/wp-content\/uploads\/2025\/09\/image\/1371318\/20250927\/ob_84335f_unnamed-29.png\"\/><\/p>\n<p>Draculours est l\u2019un des premiers albums publi\u00e9 par La Doux, une nouvelle structure \u00e9ditoriale lanc\u00e9e ce printemps 2025.<\/p>\n<p>Comme le pr\u00e9cisent Karine Leclerc et Sophie Chanourdie, les fondatrices-\u00e9ditrices : \u201cLa litt\u00e9rature pour la jeunesse est par essence conviviale, vivante et f\u00e9d\u00e9ratrice. Nous voulons mettre en avant ce plaisir de travailler ensemble et le porter aupr\u00e8s de nos publics.\u201d<\/p>\n<p>\u00a0la bande dessin\u00e9e est gliss\u00e9e dans une enveloppe violette scintillante, vous ne pouvez pas la manquer.<\/p>\n<p>\u00a0sous la couverture, vous d\u00e9couvrirez :<\/p>\n<p>\ud83d\udc3b\ud83e\udd87 une illustration originale de l&rsquo;autrice, \u00e0 encadrer ou offrir \u00e0 un enfant de votre entourage, \u00e0 votre convenance,<br \/>\ud83d\udc3b\ud83e\udd87 une planche de tatouages \u00e9ph\u00e9m\u00e8res, Halloween approche&#8230;<\/p>\n<p><strong>Un titre joyeux \u00e0 d\u00e9couvrir d\u00e8s 8 ans, pour apprendre les d\u00e9sillusions amicales et d\u00e9dramatiser la peur.<\/strong><\/p>\n<p>\u00a0<\/p>\n<p>A noter le 7 octobre prochain le lancement de la maison d&rsquo;\u00e9dition La Doux, adoss\u00e9e aux Nouveaux \u00c9diteurs d&rsquo;Arnaud Nourry.\u00a0<\/p>\n<p><img decoding=\"async\" alt=\"\" data-amp-height=\"1600\" data-amp-width=\"1131\" data-data-cke-saved-src=\"https:\/\/www.europesays.com\/fr\/wp-content\/uploads\/2025\/09\/image\/1371318\/20250927\/ob_54c885_unnamed-30.png\" src=\"https:\/\/www.europesays.com\/fr\/wp-content\/uploads\/2025\/09\/image\/1371318\/20250927\/ob_54c885_unnamed-30.png\"\/><\/p>\n<p>\u00a0<\/p>\n<p>\u00a0<\/p>\n","protected":false},"excerpt":{"rendered":"\u00a0DRACULOURS \ud83d\udc3b\ud83e\udd87 de B\u00e9reng\u00e8re Delaporte arrive en librairie \u00a0 Draculours est l\u2019un des premiers albums publi\u00e9 par La&hellip;\n","protected":false},"author":2,"featured_media":421485,"comment_status":"","ping_status":"","sticky":false,"template":"","format":"standard","meta":{"footnotes":""},"categories":[1357],"tags":[1379,58,59,1011,27,1380],"class_list":{"0":"post-421484","1":"post","2":"type-post","3":"status-publish","4":"format-standard","5":"has-post-thumbnail","7":"category-livres","8":"tag-books","9":"tag-divertissement","10":"tag-entertainment","11":"tag-fr","12":"tag-france","13":"tag-livres"},"share_on_mastodon":{"url":"https:\/\/pubeurope.com\/@fr\/115276540687960863","error":""},"_links":{"self":[{"href":"https:\/\/www.europesays.com\/fr\/wp-json\/wp\/v2\/posts\/421484","targetHints":{"allow":["GET"]}}],"collection":[{"href":"https:\/\/www.europesays.com\/fr\/wp-json\/wp\/v2\/posts"}],"about":[{"href":"https:\/\/www.europesays.com\/fr\/wp-json\/wp\/v2\/types\/post"}],"author":[{"embeddable":true,"href":"https:\/\/www.europesays.com\/fr\/wp-json\/wp\/v2\/users\/2"}],"replies":[{"embeddable":true,"href":"https:\/\/www.europesays.com\/fr\/wp-json\/wp\/v2\/comments?post=421484"}],"version-history":[{"count":0,"href":"https:\/\/www.europesays.com\/fr\/wp-json\/wp\/v2\/posts\/421484\/revisions"}],"wp:featuredmedia":[{"embeddable":true,"href":"https:\/\/www.europesays.com\/fr\/wp-json\/wp\/v2\/media\/421485"}],"wp:attachment":[{"href":"https:\/\/www.europesays.com\/fr\/wp-json\/wp\/v2\/media?parent=421484"}],"wp:term":[{"taxonomy":"category","embeddable":true,"href":"https:\/\/www.europesays.com\/fr\/wp-json\/wp\/v2\/categories?post=421484"},{"taxonomy":"post_tag","embeddable":true,"href":"https:\/\/www.europesays.com\/fr\/wp-json\/wp\/v2\/tags?post=421484"}],"curies":[{"name":"wp","href":"https:\/\/api.w.org\/{rel}","templated":true}]}}