{"id":4215,"date":"2025-04-05T06:21:09","date_gmt":"2025-04-05T06:21:09","guid":{"rendered":"https:\/\/www.europesays.com\/fr\/4215\/"},"modified":"2025-04-05T06:21:09","modified_gmt":"2025-04-05T06:21:09","slug":"les-pronostics-dearvin-ngapeth-sur-les-play-offs-du-championnat-de-france-lequipe","status":"publish","type":"post","link":"https:\/\/www.europesays.com\/fr\/4215\/","title":{"rendered":"Les pronostics d&#039;Earvin Ngapeth sur les play-offs du Championnat de France &#8211; L&#039;\u00c9quipe"},"content":{"rendered":"<ol>\n<li><a href=\"https:\/\/news.google.com\/rss\/articles\/CBMixwFBVV95cUxPMmdfMXFfQ1V0WEQ5MlllemlTeHJieUNKR3NaUHI5TTdOLTF4SkkzdWNYR3oxSTNGSFdPaWZtV3gwQ3FTNFhTLVU4cXVzRUw2NzAtX25wQTBrVWVybVNrSzRhNXdNVC1vWWJYbkRXeUtxVlVod1NEY1ZPYzRQRGVheU45aHkzdDgyVTROb01pS0tjLUhWTlkydi1xazFPSzhRSFoyRVdlUXpYbld6dVhma1pGa3lQWUVNNXN2Q2lPYm1fZFc1TFVF?oc=5\" target=\"_blank\" rel=\"nofollow noopener\">Les pronostics d&rsquo;Earvin Ngapeth sur les play-offs du Championnat de France<\/a>&nbsp;&nbsp;L&rsquo;\u00c9quipe<\/li>\n<li><a href=\"https:\/\/news.google.com\/rss\/articles\/CBMivgFBVV95cUxQaTU4YUhSclY1cWJYWW82V3hLRU91aHhCeDdINkRQdmp4TXdOa2hUbDJhbl8wZUlGOUp0aEpDbndsT1FUTkZ2OV96NzV3UHNVNTRDVGRNcG5kUWs3d0xiU2Y3bjB3OVNoSmFXcHVnLURPYXNUdDlWenNqNUhiTFFSVlRnTExKWVdzUkc4WXVhVURob1hGRlQ0cmRoa1htNlJMcU9BSUhhRXl0MlVnaGZsbllpdlVoNUNLc05Rc0d3?oc=5\" target=\"_blank\" rel=\"nofollow noopener\">MSL : l\u2019Alterna Stade Poitevin d\u00e9bute mal les play-offs \u00e0 Tourcoing<\/a>&nbsp;&nbsp;lanouvellerepublique.fr<\/li>\n<li><a href=\"https:\/\/news.google.com\/rss\/articles\/CBMijgJBVV95cUxQTmlYMlVlV2N5NnI3M1JDRmxXZnB2S3ZjYW54cnppck5uU1VmV2ZYZURvTGVSYldGSFVmbk0tZU5mUzlzVTBFZWxnOXhCOVFzUHQ3UXQwS3ZnVUxSRDdlenpKNVpTR1FrT1pkMjE2SHJZcVB6ekpUaEE2b01TV1NWSlFmQVZSVkVENjAyT0dxc2ljOG5OY1lTdTVCM2JTZWNta01fU3N4U3plejdkLXRIOVNHb0V2Ni03UlgzYVc3UzNvZVNLS0h2eURPVXVsNjFqd2xFNGhqaG13bGQzWk1fTW82YWF0bnREMEpFaXN5OG9QQWw0RkJHMDdVTGg4Z3BzRldXRWRpQkxrQkVUWmc?oc=5\" target=\"_blank\" rel=\"nofollow noopener\">Les volleyeurs de Poitiers d\u00e9butent ce soir \u00e0 Tourcoing les play-offs, quatre ans apr\u00e8s leurs derni\u00e8res phases finales<\/a>&nbsp;&nbsp;francebleu.fr<\/li>\n<li><a href=\"https:\/\/news.google.com\/rss\/articles\/CBMixwFBVV95cUxPV2FJTXdmbTB4RV84MDRtUlpvUk1yeE9GTE51UXZpWWs0RkozbkVuNmJJbXRIbV8yYWJYSjBjOS1JQ3ZPS3dDZGtkb1dxcGRGVDdqX1M3bFloaGpocWFSUDU2UFBocUFHTzJTVUpUS0UwZHJ3cVV4SmFzVERRazU2VVBsMjc1eDU3UU42TUg4Mk9xb1ozV0FFaVZSSVEzbHVCS3ZFV2k4ZzFJdzRhYXFrZmVkNl9tb3JxTXZzdVZuSFNhQTA3UjV3?oc=5\" target=\"_blank\" rel=\"nofollow noopener\">Volley (Ligue A masculine) : visage ferm\u00e9, Tourcoing a d\u00fb se faire violence pour l\u2019emporter<\/a>&nbsp;&nbsp;La Voix du Nord<\/li>\n<li><a href=\"https:\/\/news.google.com\/rss\/articles\/CBMiwAFBVV95cUxPUVA0YmZFNExmTmN0SkhmdkhJTm9NY0JHUFVpc2pzY0ZvM1Z6V3dJZlJJY29KSklaVkd2RkRtbzZ0OWJKeEdUSjJPNHVCYjgyLTJhS3R5czZoZ3NqWDFsR0g5RDFSSzNsZEdVWW5GMEZwajRJcDBRd0tQM0ZuWU1MYXhORGQ4b2d1NW9KUXBWMS1QWDdiUi1nYm9LVkR0Z29pR05Xd29zV2RxbHY2SFhKcU9XM09jR3VTbFZ6ZjJmdXE?oc=5\" target=\"_blank\" rel=\"nofollow noopener\">TLM Poitiers 3-1 en play-offs<\/a>&nbsp;&nbsp;sports 59\/62<\/li>\n<\/ol>\n","protected":false},"excerpt":{"rendered":"Les pronostics d&rsquo;Earvin Ngapeth sur les play-offs du Championnat de France&nbsp;&nbsp;L&rsquo;\u00c9quipe MSL : l\u2019Alterna Stade Poitevin d\u00e9bute mal&hellip;\n","protected":false},"author":2,"featured_media":4216,"comment_status":"","ping_status":"","sticky":false,"template":"","format":"standard","meta":{"footnotes":""},"categories":[1417],"tags":[1011,27,60,1470,1469],"class_list":{"0":"post-4215","1":"post","2":"type-post","3":"status-publish","4":"format-standard","5":"has-post-thumbnail","7":"category-volley","8":"tag-fr","9":"tag-france","10":"tag-sports","11":"tag-volley","12":"tag-volleyball"},"share_on_mastodon":{"url":"https:\/\/pubeurope.com\/@fr\/114283917035769334","error":""},"_links":{"self":[{"href":"https:\/\/www.europesays.com\/fr\/wp-json\/wp\/v2\/posts\/4215","targetHints":{"allow":["GET"]}}],"collection":[{"href":"https:\/\/www.europesays.com\/fr\/wp-json\/wp\/v2\/posts"}],"about":[{"href":"https:\/\/www.europesays.com\/fr\/wp-json\/wp\/v2\/types\/post"}],"author":[{"embeddable":true,"href":"https:\/\/www.europesays.com\/fr\/wp-json\/wp\/v2\/users\/2"}],"replies":[{"embeddable":true,"href":"https:\/\/www.europesays.com\/fr\/wp-json\/wp\/v2\/comments?post=4215"}],"version-history":[{"count":0,"href":"https:\/\/www.europesays.com\/fr\/wp-json\/wp\/v2\/posts\/4215\/revisions"}],"wp:featuredmedia":[{"embeddable":true,"href":"https:\/\/www.europesays.com\/fr\/wp-json\/wp\/v2\/media\/4216"}],"wp:attachment":[{"href":"https:\/\/www.europesays.com\/fr\/wp-json\/wp\/v2\/media?parent=4215"}],"wp:term":[{"taxonomy":"category","embeddable":true,"href":"https:\/\/www.europesays.com\/fr\/wp-json\/wp\/v2\/categories?post=4215"},{"taxonomy":"post_tag","embeddable":true,"href":"https:\/\/www.europesays.com\/fr\/wp-json\/wp\/v2\/tags?post=4215"}],"curies":[{"name":"wp","href":"https:\/\/api.w.org\/{rel}","templated":true}]}}