{"id":421510,"date":"2025-09-27T13:53:11","date_gmt":"2025-09-27T13:53:11","guid":{"rendered":"https:\/\/www.europesays.com\/fr\/421510\/"},"modified":"2025-09-27T13:53:11","modified_gmt":"2025-09-27T13:53:11","slug":"villers-les-nancy-une-fun-rando-solidaire-malgre-les-chemins-detrempes","status":"publish","type":"post","link":"https:\/\/www.europesays.com\/fr\/421510\/","title":{"rendered":"Villers-l\u00e8s-Nancy. Une Fun Rando solidaire, malgr\u00e9 les chemins d\u00e9tremp\u00e9s"},"content":{"rendered":"<p>La Fun Rando, organis\u00e9e au d\u00e9part du stade Roger-Bambuck, s\u2019est tenue sous une pluie tenace. Au grand dam du VTT Fun Club qui avait \u0153uvr\u00e9 depuis plusieurs semaines pour pr\u00e9parer cette randonn\u00e9e.<\/p>\n<p>Pourtant, l\u2019engagement n\u2019a pas failli du c\u00f4t\u00e9 des b\u00e9n\u00e9voles qui ont assur\u00e9 la tenue des postes\u00a0: inscriptions, s\u00e9curit\u00e9, v\u00e9rification du balisage, ravitaillement et encadrement des circuits en forme de tr\u00e8fle \u00e0 trois feuilles et du parcours famille.<\/p>\n<p>Mais peu d\u2019amateurs \u00e0 v\u00e9lo pour emprunter les chemins forestiers en for\u00eat de Haye. Parmi les participants les plus remarqu\u00e9s, la famille Bertolini, venue au complet pour le circuit familial, ainsi que Xavier et Louis Liardet, qui ont brav\u00e9 les \u00e9l\u00e9ments sur les trac\u00e9s gravel de 40 et 70\u00a0km, \u00e9labor\u00e9s par Julien Poizac, \u00e0 suivre sur traces GPS.<\/p>\n<p>  Collecte de lunettes<\/p>\n<p>Une coupe a \u00e9t\u00e9 remise \u00e0 la plus jeune participante, Alixia Cordier. L\u2019\u00e9v\u00e9nement a \u00e9galement \u00e9t\u00e9 marqu\u00e9 par la pr\u00e9sence de repr\u00e9sentants de l\u2019enseigne Krys Frouard, partenaire du club dans le cadre d\u2019une action solidaire men\u00e9e avec Tim\u00e9o M\u00e9derl\u00e9 qui vient de terminer sa mission de service civique avec le Comit\u00e9 d\u00e9partemental olympique et sportif. Investi par son r\u00f4le d\u2019ambassadeur de la pratique sportive, Tim\u00e9o a collect\u00e9 des lunettes inutilis\u00e9es aupr\u00e8s des licenci\u00e9s du club.<\/p>\n<p>Pour chaque paire r\u00e9cup\u00e9r\u00e9e, le partenaire versera 1\u00a0\u20ac \u00e0 une association caritative pour la plantation d\u2019un arbre.<\/p>\n","protected":false},"excerpt":{"rendered":"La Fun Rando, organis\u00e9e au d\u00e9part du stade Roger-Bambuck, s\u2019est tenue sous une pluie tenace. Au grand dam&hellip;\n","protected":false},"author":2,"featured_media":421511,"comment_status":"","ping_status":"","sticky":false,"template":"","format":"standard","meta":{"footnotes":""},"categories":[9635],"tags":[1111,11,1687,1704,1777,674,1011,27,775,10262,1702,12,25,10261],"class_list":{"0":"post-421510","1":"post","2":"type-post","3":"status-publish","4":"format-standard","5":"has-post-thumbnail","7":"category-nancy","8":"tag-actu","9":"tag-actualites","10":"tag-culture-loisirs","11":"tag-edition-nancy-et-agglomeration","12":"tag-eu","13":"tag-europe","14":"tag-fr","15":"tag-france","16":"tag-grand-est","17":"tag-metropole-du-grand-nancy-54b5","18":"tag-nancy","19":"tag-news","20":"tag-republique-francaise","21":"tag-villers-les-nancy"},"share_on_mastodon":{"url":"https:\/\/pubeurope.com\/@fr\/115276598822520417","error":""},"_links":{"self":[{"href":"https:\/\/www.europesays.com\/fr\/wp-json\/wp\/v2\/posts\/421510","targetHints":{"allow":["GET"]}}],"collection":[{"href":"https:\/\/www.europesays.com\/fr\/wp-json\/wp\/v2\/posts"}],"about":[{"href":"https:\/\/www.europesays.com\/fr\/wp-json\/wp\/v2\/types\/post"}],"author":[{"embeddable":true,"href":"https:\/\/www.europesays.com\/fr\/wp-json\/wp\/v2\/users\/2"}],"replies":[{"embeddable":true,"href":"https:\/\/www.europesays.com\/fr\/wp-json\/wp\/v2\/comments?post=421510"}],"version-history":[{"count":0,"href":"https:\/\/www.europesays.com\/fr\/wp-json\/wp\/v2\/posts\/421510\/revisions"}],"wp:featuredmedia":[{"embeddable":true,"href":"https:\/\/www.europesays.com\/fr\/wp-json\/wp\/v2\/media\/421511"}],"wp:attachment":[{"href":"https:\/\/www.europesays.com\/fr\/wp-json\/wp\/v2\/media?parent=421510"}],"wp:term":[{"taxonomy":"category","embeddable":true,"href":"https:\/\/www.europesays.com\/fr\/wp-json\/wp\/v2\/categories?post=421510"},{"taxonomy":"post_tag","embeddable":true,"href":"https:\/\/www.europesays.com\/fr\/wp-json\/wp\/v2\/tags?post=421510"}],"curies":[{"name":"wp","href":"https:\/\/api.w.org\/{rel}","templated":true}]}}