{"id":421512,"date":"2025-09-27T13:54:14","date_gmt":"2025-09-27T13:54:14","guid":{"rendered":"https:\/\/www.europesays.com\/fr\/421512\/"},"modified":"2025-09-27T13:54:14","modified_gmt":"2025-09-27T13:54:14","slug":"football-un-sosie-de-sebastien-puygrenier-un-terrain-qui-boit-bien-deux-matches-sans-but-a-picot-ce-quon-a-aime-et-pas-aime-lors-du-match-as-nancy-lorraine","status":"publish","type":"post","link":"https:\/\/www.europesays.com\/fr\/421512\/","title":{"rendered":"Football. Un sosie de S\u00e9bastien Puygrenier, un terrain qui boit bien, deux matches sans but \u00e0 Picot\u2026 Ce qu\u2019on a aim\u00e9 et pas aim\u00e9 lors du match AS Nancy Lorraine"},"content":{"rendered":"<p>  On a aim\u00e9\u2026<\/p>\n<p>&#8211; Les faux airs de <a href=\"https:\/\/www.estrepublicain.fr\/sport\/2020\/12\/10\/sebastien-puygrenier-ca-fait-mal-de-voir-l-as-nancy-lorraine-dans-cette-situation\" target=\"_blank\" rel=\"noopener\">S\u00e9bastien Puygrenier<\/a> qui accompagnent la belle fin de carri\u00e8re du d\u00e9fenseur Nicolas Pallois (37 ans), pass\u00e9 de Nantes \u00e0 Reims \u00e0 l\u2019intersaison. Quand on parle du \u00ab Puyg \u00bb \u00e0 Picot, \u00e7a rappelle tellement de bons souvenirs\u2026<\/p>\n<p>&#8211; \u00c0 quel point la pelouse de Marcel-Picot a bien absorb\u00e9 la quantit\u00e9 de pluie tomb\u00e9e depuis le d\u00e9but de la semaine. Une excellente nouvelle lorsqu\u2019on se rappelle de <a href=\"https:\/\/www.estrepublicain.fr\/sport\/2024\/11\/05\/l-as-nancy-lorraine-s-inquiete-de-l-etat-de-sa-pelouse\" target=\"_blank\" rel=\"noopener\">l\u2019\u00e9tat du terrain la saison derni\u00e8re<\/a>.<\/p>\n<p>  On n\u2019a pas aim\u00e9\u2026<\/p>\n<p>&#8211; Les quatre cartons jaunes adress\u00e9s \u00e0 des joueurs nanc\u00e9iens, vendredi (Saint-Ruf, Bouriaud, Exp\u00e9rience, Bokangu), pour des fautes qui n\u2019avaient pas l\u2019air bien m\u00e9chantes.<\/p>\n<p>&#8211; Quand le num\u00e9ro 10 r\u00e9mois Teddy Teuma s\u2019en est pris verbalement au banc de l\u2019ASNL sur un ton agressif, sans \u00eatre sanctionn\u00e9, bien s\u00fbr&#8230;<\/p>\n<p>&#8211; Deux matches d\u2019affil\u00e9e sans but marqu\u00e9 <a href=\"https:\/\/www.estrepublicain.fr\/sport\/2025\/09\/27\/l-as-nancy-lorraine-n-a-pas-perdu-un-point-mais-trois-au-vu-de-ce-match-contre-reims-(0-1)\" target=\"_blank\" rel=\"noopener\">pour l\u2019ASNL \u00e0 Picot<\/a> , \u00e7a n\u2019\u00e9tait plus arriv\u00e9 depuis avril 2022.<\/p>\n<p>&#8211; La mauvaise s\u00e9rie qui continue pour l\u2019ASNL face au Stade de Reims depuis vingt ans maintenant. Cinq matches, cinq d\u00e9faites\u2026<\/p>\n","protected":false},"excerpt":{"rendered":"On a aim\u00e9\u2026 &#8211; Les faux airs de S\u00e9bastien Puygrenier qui accompagnent la belle fin de carri\u00e8re du&hellip;\n","protected":false},"author":2,"featured_media":421513,"comment_status":"","ping_status":"","sticky":false,"template":"","format":"standard","meta":{"footnotes":""},"categories":[9635],"tags":[1111,11,3703,1707,1704,1706,1705,1777,674,107,1701,63,1011,27,775,1702,1703,12,25,517,1700],"class_list":{"0":"post-421512","1":"post","2":"type-post","3":"status-publish","4":"format-standard","5":"has-post-thumbnail","7":"category-nancy","8":"tag-actu","9":"tag-actualites","10":"tag-asnl","11":"tag-edition-luneville","12":"tag-edition-nancy-et-agglomeration","13":"tag-edition-pont-a-mousson","14":"tag-edition-toul","15":"tag-eu","16":"tag-europe","17":"tag-fil-info","18":"tag-fil-info-sport","19":"tag-football","20":"tag-fr","21":"tag-france","22":"tag-grand-est","23":"tag-nancy","24":"tag-nancy-ville-54b","25":"tag-news","26":"tag-republique-francaise","27":"tag-sport","28":"tag-sport-lorrain"},"share_on_mastodon":{"url":"https:\/\/pubeurope.com\/@fr\/115276602673037554","error":""},"_links":{"self":[{"href":"https:\/\/www.europesays.com\/fr\/wp-json\/wp\/v2\/posts\/421512","targetHints":{"allow":["GET"]}}],"collection":[{"href":"https:\/\/www.europesays.com\/fr\/wp-json\/wp\/v2\/posts"}],"about":[{"href":"https:\/\/www.europesays.com\/fr\/wp-json\/wp\/v2\/types\/post"}],"author":[{"embeddable":true,"href":"https:\/\/www.europesays.com\/fr\/wp-json\/wp\/v2\/users\/2"}],"replies":[{"embeddable":true,"href":"https:\/\/www.europesays.com\/fr\/wp-json\/wp\/v2\/comments?post=421512"}],"version-history":[{"count":0,"href":"https:\/\/www.europesays.com\/fr\/wp-json\/wp\/v2\/posts\/421512\/revisions"}],"wp:featuredmedia":[{"embeddable":true,"href":"https:\/\/www.europesays.com\/fr\/wp-json\/wp\/v2\/media\/421513"}],"wp:attachment":[{"href":"https:\/\/www.europesays.com\/fr\/wp-json\/wp\/v2\/media?parent=421512"}],"wp:term":[{"taxonomy":"category","embeddable":true,"href":"https:\/\/www.europesays.com\/fr\/wp-json\/wp\/v2\/categories?post=421512"},{"taxonomy":"post_tag","embeddable":true,"href":"https:\/\/www.europesays.com\/fr\/wp-json\/wp\/v2\/tags?post=421512"}],"curies":[{"name":"wp","href":"https:\/\/api.w.org\/{rel}","templated":true}]}}