{"id":421516,"date":"2025-09-27T13:56:27","date_gmt":"2025-09-27T13:56:27","guid":{"rendered":"https:\/\/www.europesays.com\/fr\/421516\/"},"modified":"2025-09-27T13:56:27","modified_gmt":"2025-09-27T13:56:27","slug":"toulon-mgr-touvet-plafonne-les-depenses-des-paroisses","status":"publish","type":"post","link":"https:\/\/www.europesays.com\/fr\/421516\/","title":{"rendered":"Toulon : Mgr Touvet plafonne les d\u00e9penses des paroisses"},"content":{"rendered":"<p>Mgr Touvet a d\u00e9cid\u00e9 de plafonner les d\u00e9penses des paroisses, en laissant \u00e0 la post\u00e9rit\u00e9 un <a href=\"https:\/\/chancellerie.frejustoulon.fr\/2024\/12\/20\/decret-annee-2025\/\" rel=\"nofollow noopener\" target=\"_blank\">d\u00e9cret<\/a> qui est un monument de m\u00e9fiance administrative :<\/p>\n<p><strong>N<\/strong><strong>ous, Fran\u00e7ois Touvet<\/strong><strong>,\u00a0<\/strong>par la gr\u00e2ce de Dieu et l\u2019autorit\u00e9 du Si\u00e8ge apostolique,\u00a0\u00c9v\u00eaque de Fr\u00e9jus-Toulon,<\/p>\n<p>Consid\u00e9rant\u00a0:<\/p>\n<ul>\n<li>Les canons 532 &amp; 537 du Code de droit canonique rappelant que le cur\u00e9 poss\u00e8de la qualit\u00e9 de repr\u00e9sentant l\u00e9gal de la paroisse\u00a0; l\u2019obligatoire existence d\u2019un conseil \u00e9conomique paroissial pour pourvoir \u00e0 l\u2019administration des biens ainsi que le champ de ses comp\u00e9tences\u00a0;<\/li>\n<li>Le canon 1281 du Code de droit canonique d\u00e9limitant les modes d\u2019administration des biens eccl\u00e9siastiques ;<\/li>\n<li>L\u2019art. 49 du Directoire dioc\u00e9sain sur le conseil \u00e9conomique paroissial ainsi que l\u2019annexe correspondante (Note 6) fixant les seuils de d\u00e9penses et comp\u00e9tences ;<\/li>\n<\/ul>\n<p>Vu\u00a0:<\/p>\n<ul>\n<li>L\u2019\u00e9rosion mon\u00e9taire due \u00e0 l\u2019inflation\u00a0;<\/li>\n<\/ul>\n<p>Ayant entendu, conform\u00e9ment au droit\u00a0:<\/p>\n<ul>\n<li>Le Conseil presbyt\u00e9ral, en sa session du 6 mars 2025\u00a0;<\/li>\n<li>Le Conseil dioc\u00e9sain pour les affaires \u00e9conomiques (CDAE), en sa session du 5 mars 2025\u00a0;<\/li>\n<\/ul>\n<p><strong>\u00a0<\/strong><strong>D\u00e9cr\u00e9tons<\/strong><\/p>\n<p><strong>Art. I<\/strong>\u00a0\u00a0\u00a0\u00a0\u00a0\u00a0\u00a0\u00a0\u00a0\u00a0\u00a0\u00a0\u00a0\u00a0\u00a0<strong>D\u00e9penses relevant de l\u2019autorit\u00e9 curiale\u00a0;\u00a0avec l\u2019accord du Conseil Economique Paroissial<\/strong><\/p>\n<ul>\n<li>Biens d\u2019\u00e9quipements pour un montant jusqu\u2019\u00e0 5 000\u20ac<\/li>\n<li>Travaux\u00a0divers pour un montant jusqu\u2019\u00e0 15 000\u20ac<\/li>\n<\/ul>\n<p><strong>Art. II<\/strong>\u00a0\u00a0\u00a0\u00a0\u00a0\u00a0\u00a0\u00a0\u00a0\u00a0\u00a0\u00a0\u00a0<strong>D\u00e9penses soumises \u00e0 l\u2019\u00e9conome ; sur d\u00e9cision du cur\u00e9 avec l\u2019accord du Conseil Economique Paroissial<\/strong><\/p>\n<ul>\n<li>Biens d\u2019\u00e9quipements et travaux pour un montant jusqu\u2019\u00e0 40 000\u20ac<\/li>\n<\/ul>\n<p><strong>Art. III<\/strong>\u00a0\u00a0\u00a0\u00a0\u00a0\u00a0\u00a0\u00a0\u00a0\u00a0\u00a0\u00a0<strong>D\u00e9penses soumises au CDAE ;\u00a0sur d\u00e9cision du cur\u00e9 avec l\u2019accord du Conseil Economique Paroissial<\/strong><\/p>\n<ul>\n<li>L\u2019ensemble des travaux et investissements dont le montant exc\u00e8de 40 000\u20ac.<\/li>\n<\/ul>\n<p><strong>\u00a0<\/strong><strong>Art. IV<\/strong>\u00a0\u00a0\u00a0\u00a0\u00a0\u00a0\u00a0\u00a0\u00a0\u00a0\u00a0 Selon les normes du Droit, le cur\u00e9 pourra faire un recours hi\u00e9rarchique aupr\u00e8s du CDAE en cas de refus de l\u2019\u00e9conome (art.2), et un recours gracieux en cas de refus du CDAE (art.3).<\/p>\n<p>Nonobstant toute chose contraire.<\/p>\n<p>Donn\u00e9 \u00e0 Toulon, au si\u00e8ge de notre \u00c9v\u00each\u00e9, le 22 mai 2025, sous notre seing et notre sceau, avec le contreseing de notre Chancelier.<\/p>\n<p>+ Fran\u00e7ois Touvet, \u00e9v\u00eaque de Fr\u00e9jus-Toulon<\/p>\n<p>Par mandement\u00a0: L\u2019abb\u00e9 Geoffroy Bonfils, Chancelier<\/p>\n","protected":false},"excerpt":{"rendered":"Mgr Touvet a d\u00e9cid\u00e9 de plafonner les d\u00e9penses des paroisses, en laissant \u00e0 la post\u00e9rit\u00e9 un d\u00e9cret qui&hellip;\n","protected":false},"author":2,"featured_media":421517,"comment_status":"","ping_status":"","sticky":false,"template":"","format":"standard","meta":{"footnotes":""},"categories":[9619],"tags":[1111,11,55080,38170,55081,1777,674,9467,1011,27,55082,12,882,25,2310],"class_list":{"0":"post-421516","1":"post","2":"type-post","3":"status-publish","4":"format-standard","5":"has-post-thumbnail","7":"category-toulon","8":"tag-actu","9":"tag-actualites","10":"tag-derive-administrative","11":"tag-diocese-de-frejus-toulon","12":"tag-diocese-de-toulon","13":"tag-eu","14":"tag-europe","15":"tag-finances","16":"tag-fr","17":"tag-france","18":"tag-mgr-francois-touvet","19":"tag-news","20":"tag-provence-alpes-cote-dazur","21":"tag-republique-francaise","22":"tag-toulon"},"share_on_mastodon":{"url":"https:\/\/pubeurope.com\/@fr\/115276610538194756","error":""},"_links":{"self":[{"href":"https:\/\/www.europesays.com\/fr\/wp-json\/wp\/v2\/posts\/421516","targetHints":{"allow":["GET"]}}],"collection":[{"href":"https:\/\/www.europesays.com\/fr\/wp-json\/wp\/v2\/posts"}],"about":[{"href":"https:\/\/www.europesays.com\/fr\/wp-json\/wp\/v2\/types\/post"}],"author":[{"embeddable":true,"href":"https:\/\/www.europesays.com\/fr\/wp-json\/wp\/v2\/users\/2"}],"replies":[{"embeddable":true,"href":"https:\/\/www.europesays.com\/fr\/wp-json\/wp\/v2\/comments?post=421516"}],"version-history":[{"count":0,"href":"https:\/\/www.europesays.com\/fr\/wp-json\/wp\/v2\/posts\/421516\/revisions"}],"wp:featuredmedia":[{"embeddable":true,"href":"https:\/\/www.europesays.com\/fr\/wp-json\/wp\/v2\/media\/421517"}],"wp:attachment":[{"href":"https:\/\/www.europesays.com\/fr\/wp-json\/wp\/v2\/media?parent=421516"}],"wp:term":[{"taxonomy":"category","embeddable":true,"href":"https:\/\/www.europesays.com\/fr\/wp-json\/wp\/v2\/categories?post=421516"},{"taxonomy":"post_tag","embeddable":true,"href":"https:\/\/www.europesays.com\/fr\/wp-json\/wp\/v2\/tags?post=421516"}],"curies":[{"name":"wp","href":"https:\/\/api.w.org\/{rel}","templated":true}]}}