{"id":421524,"date":"2025-09-27T14:03:29","date_gmt":"2025-09-27T14:03:29","guid":{"rendered":"https:\/\/www.europesays.com\/fr\/421524\/"},"modified":"2025-09-27T14:03:29","modified_gmt":"2025-09-27T14:03:29","slug":"au-musee-de-grenoble-les-metamorphoses-dalina-szapocznikow","status":"publish","type":"post","link":"https:\/\/www.europesays.com\/fr\/421524\/","title":{"rendered":"Au mus\u00e9e de Grenoble, les m\u00e9tamorphoses d&rsquo;Alina Szapocznikow"},"content":{"rendered":"<p class=\"editor-content__paragraph\">\u00ab\u00a0Cette jeune femme d\u00e9licate (\u2026) n\u2019est heureuse que lorsqu\u2019elle travaille avec un bloc de pierre de deux tonnes.\u00a0\u00bb Lorsque Ren\u00e9 Lac\u00f4te \u00e9crit ces quelques mots en 1950, <strong>Alina Szapocznikow<\/strong> (1926\u20131973) n\u2019a pas encore 25\u00a0ans. Mais elle travaille avec ardeur <strong>dans un atelier de taille de pierre<\/strong> proche du cimeti\u00e8re du P\u00e8re-Lachaise, loue elle-m\u00eame un espace pour ses propres \u0153uvres, et expose pour la premi\u00e8re fois dans un accrochage collectif \u00e0 la grande synagogue de Paris. Elle est <strong>toute petite, amusante, rieuse<\/strong>, amoureuse d\u2019un \u00e9tudiant, et ses grands yeux clairs semblent d\u00e9vorer le monde\u2026<\/p>\n<p class=\"editor-content__paragraph editor-content__paragraph--is-hidden\">Pourtant, Alina Szapocznikow revient de loin. <strong>Arriv\u00e9e \u00e0 Paris en 1947<\/strong>, elle n\u2019aime pas parler de ce qui lui est arriv\u00e9 jusqu\u2019alors, chassant pudiquement les questions d\u2019un coup de t\u00eate, comme devant la cam\u00e9ra du documentariste Jean-Marie Drot en 1957. <strong>Juive de naissance<\/strong> mais pas pratiquante, elle a \u00e9t\u00e9 enferm\u00e9e d\u00e8s 1940\u00a0avec sa m\u00e8re et son fr\u00e8re <strong>dans un ghetto polonais<\/strong> puis un autre, avant d\u2019\u00eatre \u00e0 nouveau transport\u00e9e comme un ballot de paille dans les<strong> camps de concentration d\u2019Auschwitz et de Bergen-Belsen<\/strong>.<\/p>\n<p>            <strong>Continuez votre lecture<\/strong><\/p>\n<p>\n                et acc\u00e9dez \u00e0 Beaux Arts Magazine<br \/>et \u00e0 tous les contenus web<br \/><strong>en illimit\u00e9 \u00e0 partir de 5,75\u20ac \/ mois<\/strong>\n            <\/p>\n<p class=\"cta-abonnement__log-in\">\n        D\u00e9j\u00e0 abonn\u00e9 ?        <a data-id=\"aHR0cHM6Ly93d3cuYmVhdXhhcnRzLmNvbS9tb24tY29tcHRlLw==\">Connectez-vous<\/a>\n    <\/p>\n<p>            <img data-vllblanksrc=\"https:\/\/www.beauxarts.com\/expos\/alina-szapocznikow-sculptrice-des-corps-disloques-au-musee-de-grenoble\/1\" data-vllsrc=\"https:\/\/www.europesays.com\/fr\/wp-content\/uploads\/2025\/09\/couv-bam-496-232x300.png\" alt=\"\"\/><img data-vllblanksrc=\"https:\/\/www.beauxarts.com\/expos\/alina-szapocznikow-sculptrice-des-corps-disloques-au-musee-de-grenoble\/1\" data-vllsrc=\"https:\/\/www.europesays.com\/fr\/wp-content\/uploads\/2025\/08\/bam495_ciouv_page_001-232x300.jpg\" alt=\"\"\/>        <\/p>\n","protected":false},"excerpt":{"rendered":"\u00ab\u00a0Cette jeune femme d\u00e9licate (\u2026) n\u2019est heureuse que lorsqu\u2019elle travaille avec un bloc de pierre de deux tonnes.\u00a0\u00bb&hellip;\n","protected":false},"author":2,"featured_media":421525,"comment_status":"","ping_status":"","sticky":false,"template":"","format":"standard","meta":{"footnotes":""},"categories":[9566],"tags":[1111,11,55083,1396,2430,1777,674,1011,27,2731,9709,12,25,3899],"class_list":{"0":"post-421524","1":"post","2":"type-post","3":"status-publish","4":"format-standard","5":"has-post-thumbnail","7":"category-grenoble","8":"tag-actu","9":"tag-actualites","10":"tag-alina-szapocznikow","11":"tag-art-contemporain","12":"tag-auvergne-rhone-alpes","13":"tag-eu","14":"tag-europe","15":"tag-fr","16":"tag-france","17":"tag-grenoble","18":"tag-musee-de-grenoble","19":"tag-news","20":"tag-republique-francaise","21":"tag-sculpture"},"share_on_mastodon":{"url":"https:\/\/pubeurope.com\/@fr\/115276638087831942","error":""},"_links":{"self":[{"href":"https:\/\/www.europesays.com\/fr\/wp-json\/wp\/v2\/posts\/421524","targetHints":{"allow":["GET"]}}],"collection":[{"href":"https:\/\/www.europesays.com\/fr\/wp-json\/wp\/v2\/posts"}],"about":[{"href":"https:\/\/www.europesays.com\/fr\/wp-json\/wp\/v2\/types\/post"}],"author":[{"embeddable":true,"href":"https:\/\/www.europesays.com\/fr\/wp-json\/wp\/v2\/users\/2"}],"replies":[{"embeddable":true,"href":"https:\/\/www.europesays.com\/fr\/wp-json\/wp\/v2\/comments?post=421524"}],"version-history":[{"count":0,"href":"https:\/\/www.europesays.com\/fr\/wp-json\/wp\/v2\/posts\/421524\/revisions"}],"wp:featuredmedia":[{"embeddable":true,"href":"https:\/\/www.europesays.com\/fr\/wp-json\/wp\/v2\/media\/421525"}],"wp:attachment":[{"href":"https:\/\/www.europesays.com\/fr\/wp-json\/wp\/v2\/media?parent=421524"}],"wp:term":[{"taxonomy":"category","embeddable":true,"href":"https:\/\/www.europesays.com\/fr\/wp-json\/wp\/v2\/categories?post=421524"},{"taxonomy":"post_tag","embeddable":true,"href":"https:\/\/www.europesays.com\/fr\/wp-json\/wp\/v2\/tags?post=421524"}],"curies":[{"name":"wp","href":"https:\/\/api.w.org\/{rel}","templated":true}]}}