{"id":421526,"date":"2025-09-27T14:04:11","date_gmt":"2025-09-27T14:04:11","guid":{"rendered":"https:\/\/www.europesays.com\/fr\/421526\/"},"modified":"2025-09-27T14:04:11","modified_gmt":"2025-09-27T14:04:11","slug":"a-rennes-burger-king-vient-concurrencer-mcdonalds-sur-un-service-quil-etait-le-seul-a-proposer","status":"publish","type":"post","link":"https:\/\/www.europesays.com\/fr\/421526\/","title":{"rendered":"\u00c0 Rennes, Burger King vient concurrencer McDonald&rsquo;s sur un service qu&rsquo;il \u00e9tait le seul \u00e0 proposer"},"content":{"rendered":"<p>            Par<br \/>\n        <strong><br \/>\n            <a href=\"https:\/\/actu.fr\/auteur\/brian-legoff\" title=\"Consulter tous les articles de Brian Le Goff\" rel=\"nofollow noopener\" target=\"_blank\">Brian Le Goff<\/a><br \/>\n        <\/strong><\/p>\n<p>        Publi\u00e9 le<\/p>\n<p>            27 sept. 2025 \u00e0 15h23        <\/p>\n<p>C\u2019est <strong>une pratique que beaucoup de clients fid\u00e8les<\/strong> au fast-food ont d\u00e9j\u00e0 exp\u00e9riment\u00e9e \u00e0 <a href=\"https:\/\/actu.fr\/rennes\/\" rel=\"nofollow noopener\" target=\"_blank\">Rennes<\/a>. Et jusqu\u2019\u00e0 il y a tr\u00e8s peu de temps, McDonald\u2019s \u00e9tait la seule marque, avec des points de vente physiques, dans la capitale bretonne, \u00e0 proposer ce service. Mais, <strong>cette position de \u00ab\u2009monopole\u2009\u00bb<\/strong> est d\u00e9sormais mise en concurrence par <a href=\"https:\/\/actu.fr\/bretagne\/rennes_35238\/rennes-burger-king-qui-remplace-quick-va-bientot-ouvrir-a-republique_60751422.html\" rel=\"nofollow noopener\" target=\"_blank\">Burger King<\/a>. On vous explique.<\/p>\n<p class=\" wall-content\">Apr\u00e8s trois semaines de travaux, le Burger King Saint-Gr\u00e9goire vient en effet de rouvrir enti\u00e8rement ses portes vendredi 26\u00a0septembre 2025 \u00e0 sa client\u00e8le. Il est \u00ab\u2009le <strong>premier restaurant de l\u2019enseigne \u00e0 \u00eatre r\u00e9nov\u00e9 avec le nouveau concept de magasin\u2009\u00bb<\/strong>, explique <a href=\"https:\/\/actu.fr\/bretagne\/rennes_35238\/free-time-quick-burger-king-depuis-1988-a-rennes-christine-travaille-dans-ce-point-de-vente_60772147.html\" rel=\"nofollow noopener\" target=\"_blank\">Christine Briand, la franchis\u00e9e et patronne de fast-foods \u00e0 Rennes depuis 1988<\/a>. \u00ab\u2009Cela fait neuf ans qu\u2019il a ouvert, en novembre\u00a02016. Il a \u00e9t\u00e9 le premier restaurant Burger King de Rennes \u00e0 remplacer Quick. Il \u00e9tait v<strong>enu le temps de le renouveler<\/strong>, pour le remettre au go\u00fbt du jour.\u2009\u00bb<\/p>\n<p>    <img   decoding=\"async\" loading=\"lazy\" src=\"https:\/\/www.europesays.com\/fr\/wp-content\/uploads\/2025\/09\/burger-king-rennes-saint-gregoire-4-960x640.jpg\" alt=\"La nouvelle d\u00e9coration du Burger King Saint-Gr\u00e9goire, au nord de Rennes.\" width=\"960\" height=\"640\"\/><br \/>\n    La nouvelle d\u00e9coration du Burger King Saint-Gr\u00e9goire, au nord de Rennes. (\u00a9Brian Le Goff \/ actu Rennes)<\/p>\n<p class=\" wall-content\">Au-del\u00e0 du changement de d\u00e9coration, la vraie r\u00e9volution, c\u2019est <strong>\u00ab\u2009l\u2019ouverture en 24\u00a0heures sur 24 en drive et en livraison<\/strong> via les plateformes de livraison habituelles\u2009\u00bb, d\u00e9voile Christine Briand. La salle du restaurant est, elle,, ferm\u00e9e, entre 00h et 10h, chaque nuit.<\/p>\n<p>\u00ab\u2009C\u2019est vraiment une demande\u2009\u00bb<\/p>\n<p class=\" wall-content\">La raison de ce choix\u2009? Elle ne cache pas \u00ab\u2009qu\u2019il y a un march\u00e9\u2009\u00bb sur lequel l\u2019enseigne vient se positionner face \u00e0 l\u2019un de ses principaux concurrents, McDonald\u2019s, situ\u00e9 \u00e0 seulement quelques centaines de m\u00e8tres. Et compl\u00e8te\u2009:<\/p>\n<blockquote class=\"ac-article-quote wall-content\">\n<p>Il y a des personnes qui travaillent la nuit. C&rsquo;est vraiment une demande et \u00e7a nous permet d&rsquo;\u00e9largir nos horaires d&rsquo;ouverture. Aussi, on a bient\u00f4t une salle de sport qui ouvre juste \u00e0 c\u00f4t\u00e9 de nous. Nous pouvons offrir un service de restauration \u00e0 ceux qui auraient une fringale avant ou apr\u00e8s une s\u00e9ance. Aussi, jusqu&rsquo;alors, les clients n&rsquo;avaient le choix que d&rsquo;une seule carte, celle de McDo. D\u00e8s \u00e0 pr\u00e9sent, ils peuvent avoir le choix.<\/p>\n<p>    <strong>Christine Briand<\/strong><br \/>\n        Franchis\u00e9e Burger King \u00e0 Rennes    <\/p><\/blockquote>\n<p>Votre r\u00e9gion, votre actu !<\/p>\n<p>Recevez chaque jour les infos qui comptent pour vous.<\/p>\n<p>\t<a href=\"https:\/\/actu.fr\/newsletter\" class=\"ac-btn ac-btn--corner ac-btn--medium ac-btn--blue800\" rel=\"nofollow noopener\" target=\"_blank\">S&rsquo;incrire<\/a><\/p>\n<p class=\" wall-content\">Pour r\u00e9ussir cette extension des horaires du drive et de la livraison via les plateformes, Burger King Saint-Gr\u00e9goire a <strong>recrut\u00e9 pr\u00e8s d\u2019une dizaine de personnes<\/strong> sur divers contrats.<\/p>\n<p>Un avantage m\u00eame pour les derniers clients servis au comptoir<\/p>\n<p class=\" wall-content\">Si la r\u00e9novation s\u2019est accompagn\u00e9e de cette nouvelle organisation, il y a un autre Burger King \u00e0 Rennes qui n\u2019a pas attendu d\u2019\u00eatre sur le nouveau concept de restaurant pour y passer \u00e9galement. Il s\u2019agit de l\u2019enseigne situ\u00e9e <strong>route de Lorient<\/strong>. \u00c0 sa t\u00eate depuis peu, Lo\u00efs Mendiant, avait \u00e0 c\u0153ur de faire un peu \u00e9voluer les choses.<\/p>\n<p class=\" wall-content\">Ici, le fast-food a pris le pli du 24\u00a0heures sur 24 depuis une semaine. \u00ab\u2009Il y avait <strong>une forte demande<\/strong>, l\u2019emplacement \u00e9tait pl\u00e9biscit\u00e9\u2009\u00bb, explique le franchis\u00e9, qui voit l\u2019avantage de se trouver en p\u00e9riph\u00e9rie de ville et de pouvoir offrir ce service sans nuire au voisinage.<\/p>\n<blockquote class=\"ac-article-quote wall-content\">\n<p>L&rsquo;autre avantage pour le client, c&rsquo;est qu&rsquo;il n&rsquo;a plus \u00e0 se soucier du service s&rsquo;il arrive dans les derni\u00e8res minutes avant la fermeture de la salle puisque toutes les \u00e9quipes ne sont pas encore en train de fermer. Ainsi, on va s&rsquo;occuper de lui comme il faut jusqu&rsquo;au dernier moment.<\/p>\n<p>    <strong>Lo\u00efs Mendiant<\/strong><br \/>\n        Franchis\u00e9 Burger King route de Lorient    <\/p><\/blockquote>\n<p>Quid des prix de vente\u2009?<\/p>\n<p class=\" wall-content\">Si on peut y voir beaucoup d\u2019avantages pour le client, l\u2019enseigne, comme McDonald\u2019s, <strong>augmente<\/strong> ses prix durant la nuit, \u00e0 hauteur de <strong>10\u2009% sur l\u2019ensemble de la carte.<\/strong> \u00ab\u2009C\u2019est aussi la mani\u00e8re de valoriser ce service suppl\u00e9mentaire parce que l\u2019on paye de 25 \u00e0 50\u2009% plus cher les employ\u00e9s qui travaillent la nuit et que les charges de fonctionnement augmentent \u00e9galement dans ces cas-l\u00e0\u2009\u00bb, abonde Christine Briand.<\/p>\n<p class=\" wall-content\"><strong>Cette nouvelle inqui\u00e8te-t-elle le mastodonte du fast-food en France\u2009?<\/strong> Contact\u00e9 par la r\u00e9daction, jeudi en fin de journ\u00e9e, <a href=\"https:\/\/actu.fr\/bretagne\/rennes_35238\/le-monsieur-mcdo-a-rennes-mario-piromalli-publie-un-livre-pour-les-10-ans-de-yao_60722761.html\" rel=\"nofollow noopener\" target=\"_blank\">Mario Piromalli, le patron des McDonald\u2019s<\/a> en Ille-et-Vilaine, n\u2019a, \u00e0 l\u2019heure o\u00f9 nous \u00e9crivons ces lignes, pas r\u00e9pondu \u00e0 nos sollicitations.<\/p>\n<p class=\" wall-content\">Personnalisez votre actualit\u00e9 en ajoutant vos villes et m\u00e9dias en favori avec <a href=\"https:\/\/moncompte.actu.fr\" title=\"D\u00e9couvez Mon Actu\" rel=\"nofollow noopener\" data-trk=\"{&quot;cta&quot;:{&quot;action&quot;:&quot;https:\\\/\\\/moncompte.actu.fr&quot;,&quot;category&quot;:&quot;mon compte&quot;,&quot;from&quot;:&quot;article footer&quot;,&quot;name&quot;:&quot;Mon actu&quot;,&quot;type&quot;:&quot;cta&quot;}}\" target=\"_blank\">Mon Actu<\/a>.<\/p>\n","protected":false},"excerpt":{"rendered":"Par Brian Le Goff Publi\u00e9 le 27 sept. 2025 \u00e0 15h23 C\u2019est une pratique que beaucoup de clients&hellip;\n","protected":false},"author":2,"featured_media":421527,"comment_status":"","ping_status":"","sticky":false,"template":"","format":"standard","meta":{"footnotes":""},"categories":[2821],"tags":[1111,11,829,130,33,1777,674,1011,27,679,12,584,25,1340],"class_list":{"0":"post-421526","1":"post","2":"type-post","3":"status-publish","4":"format-standard","5":"has-post-thumbnail","7":"category-rennes","8":"tag-actu","9":"tag-actualites","10":"tag-bretagne","11":"tag-consommation","12":"tag-economie","13":"tag-eu","14":"tag-europe","15":"tag-fr","16":"tag-france","17":"tag-mcdonalds","18":"tag-news","19":"tag-rennes","20":"tag-republique-francaise","21":"tag-restaurant"},"share_on_mastodon":{"url":"https:\/\/pubeurope.com\/@fr\/115276642913174489","error":""},"_links":{"self":[{"href":"https:\/\/www.europesays.com\/fr\/wp-json\/wp\/v2\/posts\/421526","targetHints":{"allow":["GET"]}}],"collection":[{"href":"https:\/\/www.europesays.com\/fr\/wp-json\/wp\/v2\/posts"}],"about":[{"href":"https:\/\/www.europesays.com\/fr\/wp-json\/wp\/v2\/types\/post"}],"author":[{"embeddable":true,"href":"https:\/\/www.europesays.com\/fr\/wp-json\/wp\/v2\/users\/2"}],"replies":[{"embeddable":true,"href":"https:\/\/www.europesays.com\/fr\/wp-json\/wp\/v2\/comments?post=421526"}],"version-history":[{"count":0,"href":"https:\/\/www.europesays.com\/fr\/wp-json\/wp\/v2\/posts\/421526\/revisions"}],"wp:featuredmedia":[{"embeddable":true,"href":"https:\/\/www.europesays.com\/fr\/wp-json\/wp\/v2\/media\/421527"}],"wp:attachment":[{"href":"https:\/\/www.europesays.com\/fr\/wp-json\/wp\/v2\/media?parent=421526"}],"wp:term":[{"taxonomy":"category","embeddable":true,"href":"https:\/\/www.europesays.com\/fr\/wp-json\/wp\/v2\/categories?post=421526"},{"taxonomy":"post_tag","embeddable":true,"href":"https:\/\/www.europesays.com\/fr\/wp-json\/wp\/v2\/tags?post=421526"}],"curies":[{"name":"wp","href":"https:\/\/api.w.org\/{rel}","templated":true}]}}