{"id":421530,"date":"2025-09-27T14:06:30","date_gmt":"2025-09-27T14:06:30","guid":{"rendered":"https:\/\/www.europesays.com\/fr\/421530\/"},"modified":"2025-09-27T14:06:30","modified_gmt":"2025-09-27T14:06:30","slug":"lancien-directeur-et-le-maire-reglent-leurs-comptes","status":"publish","type":"post","link":"https:\/\/www.europesays.com\/fr\/421530\/","title":{"rendered":"l\u2019ancien directeur et le maire r\u00e8glent leurs comptes"},"content":{"rendered":"<p>Le maire d\u2019Illkirch-Graffenstaden Thibaud Philipps, qui fut pr\u00e9sident d\u2019Habitat de l\u2019Ill (HI) de septembre\u00a02020 \u00e0 juin\u00a02022, a tenu une conf\u00e9rence de presse ce vendredi 26\u00a0septembre pour \u00e9voquer ce dossier, suite \u00e0 la parution d\u2019un article dans  Le Canard Encha\u00een\u00e9 , et riposter aux accusations consid\u00e9r\u00e9es comme \u00ab\u00a0fallacieuses\u00a0\u00bb de Laurent Kohler, l\u2019ancien directeur g\u00e9n\u00e9ral d\u2019HI.<\/p>\n<p>La crise a d\u00e9but\u00e9 en juin\u00a02024 avec la mise \u00e0 pied de ce dernier par Sylvie Seigneur, pr\u00e9sidente d\u2019HI et adjointe au maire d\u2019Illkirch-Graffenstaden. \u00ab\u00a0Nous avions d\u00e9couvert par hasard un jugement datant de janvier par lequel la cour d\u2019appel de Colmar le condamnait pour harc\u00e8lement moral sur une ancienne salari\u00e9e. Il aurait d\u00fb nous en informer, ce qu\u2019il n\u2019a pas fait. [\u2026] Une proc\u00e9dure d\u2019\u00e9coute des salari\u00e9s a r\u00e9v\u00e9l\u00e9 un syst\u00e8me de harc\u00e8lement organis\u00e9 au sein d\u2019Habitat de l\u2019Ill\u00a0\u00bb, affirme le maire d\u2019Illkirch-Graffenstaden.<\/p>\n<p>Le DG priv\u00e9 d\u2019une indemnit\u00e9&#8230;                        <\/p>\n","protected":false},"excerpt":{"rendered":"Le maire d\u2019Illkirch-Graffenstaden Thibaud Philipps, qui fut pr\u00e9sident d\u2019Habitat de l\u2019Ill (HI) de septembre\u00a02020 \u00e0 juin\u00a02022, a tenu&hellip;\n","protected":false},"author":2,"featured_media":421531,"comment_status":"","ping_status":"","sticky":false,"template":"","format":"standard","meta":{"footnotes":""},"categories":[2820],"tags":[1111,11,271,272,2880,1777,674,274,107,1011,27,775,3088,12,25,640,3089],"class_list":{"0":"post-421530","1":"post","2":"type-post","3":"status-publish","4":"format-standard","5":"has-post-thumbnail","7":"category-strasbourg","8":"tag-actu","9":"tag-actualites","10":"tag-crime","11":"tag-delit-et-contravention","12":"tag-edition-strasbourg","13":"tag-eu","14":"tag-europe","15":"tag-faits-divers-justice","16":"tag-fil-info","17":"tag-fr","18":"tag-france","19":"tag-grand-est","20":"tag-illkirch-graffenstaden","21":"tag-news","22":"tag-republique-francaise","23":"tag-strasbourg","24":"tag-strasbourg-sud"},"share_on_mastodon":{"url":"https:\/\/pubeurope.com\/@fr\/115276649884559445","error":""},"_links":{"self":[{"href":"https:\/\/www.europesays.com\/fr\/wp-json\/wp\/v2\/posts\/421530","targetHints":{"allow":["GET"]}}],"collection":[{"href":"https:\/\/www.europesays.com\/fr\/wp-json\/wp\/v2\/posts"}],"about":[{"href":"https:\/\/www.europesays.com\/fr\/wp-json\/wp\/v2\/types\/post"}],"author":[{"embeddable":true,"href":"https:\/\/www.europesays.com\/fr\/wp-json\/wp\/v2\/users\/2"}],"replies":[{"embeddable":true,"href":"https:\/\/www.europesays.com\/fr\/wp-json\/wp\/v2\/comments?post=421530"}],"version-history":[{"count":0,"href":"https:\/\/www.europesays.com\/fr\/wp-json\/wp\/v2\/posts\/421530\/revisions"}],"wp:featuredmedia":[{"embeddable":true,"href":"https:\/\/www.europesays.com\/fr\/wp-json\/wp\/v2\/media\/421531"}],"wp:attachment":[{"href":"https:\/\/www.europesays.com\/fr\/wp-json\/wp\/v2\/media?parent=421530"}],"wp:term":[{"taxonomy":"category","embeddable":true,"href":"https:\/\/www.europesays.com\/fr\/wp-json\/wp\/v2\/categories?post=421530"},{"taxonomy":"post_tag","embeddable":true,"href":"https:\/\/www.europesays.com\/fr\/wp-json\/wp\/v2\/tags?post=421530"}],"curies":[{"name":"wp","href":"https:\/\/api.w.org\/{rel}","templated":true}]}}