{"id":421542,"date":"2025-09-27T14:12:27","date_gmt":"2025-09-27T14:12:27","guid":{"rendered":"https:\/\/www.europesays.com\/fr\/421542\/"},"modified":"2025-09-27T14:12:27","modified_gmt":"2025-09-27T14:12:27","slug":"la-promenade-sainte-catherine-fete-ses-10-ans-2","status":"publish","type":"post","link":"https:\/\/www.europesays.com\/fr\/421542\/","title":{"rendered":"La Promenade Sainte Catherine f\u00eate ses 10 ans"},"content":{"rendered":"<p>Les 3 et 4 octobre 2025,\u00a0<a href=\"https:\/\/www.promenade-sainte-catherine.com\" target=\"_blank\" rel=\"noreferrer noopener nofollow\">Promenade Sainte-Catherin<\/a>e\u00a0c\u00e9l\u00e8bre ses\u00a010 ans\u00a0avec un \u00e9v\u00e9nement exceptionnel :\u00a0Promenade en F\u00eate. Deux jours de festivit\u00e9s pour tous les <a href=\"http:\/\/bordeaux.fr\" target=\"_blank\" rel=\"noreferrer noopener nofollow\">Bordelais<\/a>, dans un d\u00e9cor enti\u00e8rement repens\u00e9 pour l\u2019occasion, avec des animations, des surprises et des spectacles pour petits et grands.<\/p>\n<p style=\"font-size:16px\">Le vendredi soir, de\u00a0<strong>16h \u00e0 minuit<\/strong>, <strong>Promenade Sainte-Catherine<\/strong> s\u2019animera pour une soir\u00e9e haute en couleur. Au programme :<\/p>\n<ul class=\"wp-block-list\">\n<li style=\"font-size:16px\"><strong><a href=\"https:\/\/www.instagram.com\/nickthefunk\/\" target=\"_blank\" rel=\"noreferrer noopener nofollow\">Nick The Funk<\/a><\/strong>\u00a0pour un opening dynamique et rythm\u00e9<\/li>\n<li style=\"font-size:16px\"><strong><a href=\"https:\/\/www.tangonomade.com\" target=\"_blank\" rel=\"noreferrer noopener nofollow\">Tango Nomade<\/a><\/strong>, avec des performances de haute voltige<\/li>\n<li style=\"font-size:16px\"><strong>Omega 3<\/strong>, un live hybride et groovy<\/li>\n<li style=\"font-size:16px\"><strong><a href=\"https:\/\/cie-revolution.com\" target=\"_blank\" rel=\"noreferrer noopener nofollow\">Cie R\u00eavolution<\/a><\/strong>, pour une danse urbaine survitamin\u00e9e et transcendante<\/li>\n<li style=\"font-size:16px\">Et pour finir, le\u00a0<strong>closing festif<\/strong>\u00a0assur\u00e9 par le DJ officiel de l\u2019UBB,\u00a0<strong><a href=\"https:\/\/www.instagram.com\/djbuttch\/?hl=en\" target=\"_blank\" rel=\"noreferrer noopener nofollow\">DJ BUTTCH<\/a><\/strong><\/li>\n<\/ul>\n<p><img fetchpriority=\"high\" decoding=\"async\" width=\"779\" height=\"404\" src=\"https:\/\/www.europesays.com\/fr\/wp-content\/uploads\/2025\/09\/psc-credit-positif-9.jpeg\" alt=\"\" class=\"wp-image-84205\"  \/>Spectacles, animations et gourmandises : Promenade Sainte-Catherine f\u00eate ses 10 ans pour petits et grands.\u00a0\u00a9promenade sainte Catherine<\/p>\n<p style=\"font-size:16px\">Tout au long de la soir\u00e9e, les visiteurs pourront profiter d\u2019un\u00a0<strong>\u00e9cran g\u00e9ant interactif<\/strong>, d\u2019un\u00a0<strong>spectacle de bulles g\u00e9antes<\/strong>, d\u2019un\u00a0<strong>photobooth<\/strong>, de\u00a0<strong>tattoos \u00e9ph\u00e9m\u00e8res<\/strong>\u00a0et de\u00a0<strong>make-up pour enfants<\/strong>. C\u00f4t\u00e9 gourmandises, une\u00a0<strong>guinguette festive<\/strong>, un\u00a0<strong>bar \u00e0 cocktails<\/strong>\u00a0et la\u00a0<strong>Rotisserie Poulette<\/strong>\u00a0raviront les papilles.<\/p>\n<p style=\"font-size:16px\">Le samedi, de\u00a0<strong>10h \u00e0 20h<\/strong>, place \u00e0 la f\u00eate pour toute la famille ! Pendant 10 heures, Promenade Sainte-Catherine propose une\u00a0<strong>exp\u00e9rience shopping unique<\/strong>\u00a0avec des animations et des surprises \u00e0 tous les \u00e9tages. Parmi les activit\u00e9s :<\/p>\n<ul class=\"wp-block-list\">\n<li style=\"font-size:16px\"><strong>Roue des cadeaux<\/strong>\u00a0100% gagnante<\/li>\n<li style=\"font-size:16px\"><strong>Ateliers maquillage<\/strong>\u00a0et\u00a0<strong>performances artistiques<\/strong><\/li>\n<li style=\"font-size:16px\"><strong>14h, 16h et 17h<\/strong>\u00a0: ballet a\u00e9rien po\u00e9tique et vertigineux sur le Lego Store, suivi d\u2019une performance sur tyrolienne traversant la Promenade par Tango Nomade<\/li>\n<li style=\"font-size:16px\"><strong>15h et 18h<\/strong>\u00a0: spectacle hip-hop survitamin\u00e9 sign\u00e9 Anthony Eg\u00e9a avec la Cie R\u00eavolution<\/li>\n<\/ul>\n<p><img loading=\"lazy\" decoding=\"async\" width=\"1024\" height=\"354\" src=\"https:\/\/www.europesays.com\/fr\/wp-content\/uploads\/2025\/09\/A-UNIQUE-SHOPPING-MALL-AT-THE-HEART-OF-BORDEAUX-1024x354.png\" alt=\"\" class=\"wp-image-84204\"  \/>Deux jours de surprises et de performances artistiques pour c\u00e9l\u00e9brer une d\u00e9cennie de f\u00eate \u00e0 Bordeaux.\u00a9promenade sainte Catherine<\/p>\n<p style=\"font-size:16px\">Cette journ\u00e9e promet des \u00e9motions et des sensations pour tous les \u00e2ges, dans une ambiance festive et conviviale.<\/p>\n<p class=\"has-text-align-center\" style=\"font-size:16px\"><strong>On y va ? <\/strong><br \/>\ud83d\udccd Promenade Sainte-Catherine, Bordeaux<br \/>\ud83d\udcc5 vendredi 3 octobre (16h\u201300h) et samedi 4 octobre (10h\u201320h)<br \/>\ud83d\udc9bOuvert \u00e0 tous.tes<\/p>\n<p style=\"font-size:16px\">Note bien la date et viens f\u00eater les 10 ans de Promenade Sainte-Catherine avec tes amis et ta famille !\u00a0<\/p>\n<p style=\"font-size:16px\">\u00c0 lire aussi : <a href=\"https:\/\/www.bougerabordeaux.com\/actu\/la-compagnie-bougrelas-de-bordeaux-presente-mission-f\/\" target=\"_blank\" rel=\"noreferrer noopener nofollow\">La compagnie Bougrelas de Bordeaux pr\u00e9sente \u00ab\u202fMission F \u00bb<\/a><\/p>\n<p>\t<script async src=\"\/\/www.instagram.com\/embed.js\"><\/script><\/p>\n","protected":false},"excerpt":{"rendered":"Les 3 et 4 octobre 2025,\u00a0Promenade Sainte-Catherine\u00a0c\u00e9l\u00e8bre ses\u00a010 ans\u00a0avec un \u00e9v\u00e9nement exceptionnel :\u00a0Promenade en F\u00eate. Deux jours de&hellip;\n","protected":false},"author":2,"featured_media":421543,"comment_status":"","ping_status":"","sticky":false,"template":"","format":"standard","meta":{"footnotes":""},"categories":[2817],"tags":[1111,11,1997,1777,674,1011,27,12,2219,25],"class_list":{"0":"post-421542","1":"post","2":"type-post","3":"status-publish","4":"format-standard","5":"has-post-thumbnail","7":"category-bordeaux","8":"tag-actu","9":"tag-actualites","10":"tag-bordeaux","11":"tag-eu","12":"tag-europe","13":"tag-fr","14":"tag-france","15":"tag-news","16":"tag-nouvelle-aquitaine","17":"tag-republique-francaise"},"share_on_mastodon":{"url":"https:\/\/pubeurope.com\/@fr\/115276674073084045","error":""},"_links":{"self":[{"href":"https:\/\/www.europesays.com\/fr\/wp-json\/wp\/v2\/posts\/421542","targetHints":{"allow":["GET"]}}],"collection":[{"href":"https:\/\/www.europesays.com\/fr\/wp-json\/wp\/v2\/posts"}],"about":[{"href":"https:\/\/www.europesays.com\/fr\/wp-json\/wp\/v2\/types\/post"}],"author":[{"embeddable":true,"href":"https:\/\/www.europesays.com\/fr\/wp-json\/wp\/v2\/users\/2"}],"replies":[{"embeddable":true,"href":"https:\/\/www.europesays.com\/fr\/wp-json\/wp\/v2\/comments?post=421542"}],"version-history":[{"count":0,"href":"https:\/\/www.europesays.com\/fr\/wp-json\/wp\/v2\/posts\/421542\/revisions"}],"wp:featuredmedia":[{"embeddable":true,"href":"https:\/\/www.europesays.com\/fr\/wp-json\/wp\/v2\/media\/421543"}],"wp:attachment":[{"href":"https:\/\/www.europesays.com\/fr\/wp-json\/wp\/v2\/media?parent=421542"}],"wp:term":[{"taxonomy":"category","embeddable":true,"href":"https:\/\/www.europesays.com\/fr\/wp-json\/wp\/v2\/categories?post=421542"},{"taxonomy":"post_tag","embeddable":true,"href":"https:\/\/www.europesays.com\/fr\/wp-json\/wp\/v2\/tags?post=421542"}],"curies":[{"name":"wp","href":"https:\/\/api.w.org\/{rel}","templated":true}]}}