{"id":421544,"date":"2025-09-27T14:13:17","date_gmt":"2025-09-27T14:13:17","guid":{"rendered":"https:\/\/www.europesays.com\/fr\/421544\/"},"modified":"2025-09-27T14:13:17","modified_gmt":"2025-09-27T14:13:17","slug":"apres-deux-defaites-le-stade-francais-na-plus-le-droit-a-lerreur-face-a-lunion-bordeaux-begles","status":"publish","type":"post","link":"https:\/\/www.europesays.com\/fr\/421544\/","title":{"rendered":"apr\u00e8s deux d\u00e9faites, le Stade Fran\u00e7ais n&rsquo;a plus le droit \u00e0 l&rsquo;erreur face \u00e0 l&rsquo;Union Bordeaux-B\u00e8gles"},"content":{"rendered":"<p class=\"intro \">L&rsquo;heure est d\u00e9j\u00e0 d\u00e9cisive pour le Stade Fran\u00e7ais. Apr\u00e8s deux d\u00e9faites, l&rsquo;\u00e9quipe parisienne n&rsquo;a plus le droit \u00e0 l&rsquo;erreur si elle ne veut pas \u00eatre distanc\u00e9e par le haut du panier du Top 14. Mais la t\u00e2che s&rsquo;annonce ardue, alors que les Parisiens rencontrent ce samedi l&rsquo;Union Bordeau-B\u00e8gles, champion d&rsquo;Europe en titre. <\/p>\n<p>Le Stade Fran\u00e7ais joue gros ce samedi. Apr\u00e8s deux d\u00e9faites d&rsquo;affil\u00e9e, les Parisiens rencontrent les champions d&rsquo;Europe en titre, <a href=\"https:\/\/www.europe1.fr\/sport\/il-y-a-un-vrai-suspense-les-supporters-de-lunion-bordeaux-begles-impatients-de-retrouver-le-top-14-771425\" target=\"_blank\" rel=\"nofollow noopener\">l&rsquo;Union Bordeaux-B\u00e8gles (UBB)<\/a>, de quoi accentuer la pression sur l&rsquo;\u00e9quipe. Pourtant, tout avait bien d\u00e9but\u00e9 lors de la reprise du <a href=\"https:\/\/www.europe1.fr\/sport\/top-14-le-championnat-reprend-toulouse-et-bordeaux-favoris-771567\" target=\"_blank\" rel=\"nofollow noopener\">Top 14<\/a>\u00a0avec une premi\u00e8re victoire face \u00e0 Montauban.<\/p>\n<p>    La suite apr\u00e8s cette publicit\u00e9<\/p>\n<p>    La suite apr\u00e8s cette publicit\u00e9<\/p>\n<p>Mais les Parisiens ont ensuite r\u00e9colt\u00e9 deux d\u00e9faites \u00e0 l\u2019ext\u00e9rieur face \u00e0 Pau et Lyon.\u00a0Le stade Fran\u00e7ais ne donc peut plus se permettre de perdre \u00e0 la maison sous peine d\u2019\u00eatre distanc\u00e9 avec le haut du classement.\u00a0<\/p>\n<p>\u00ab\u00a0C&rsquo;est le deuxi\u00e8me match \u00e0 la maison, et c&rsquo;est face aux champions d&rsquo;Europe. On a juste envie de se confronter \u00e0 cette \u00e9quipe et de savoir si on est toujours dans la progression et dans les objectifs de monter en puissance, afin de r\u00e9aliser des meilleures performances\u00a0\u00bb, confie devant les journalistes,\u00a0Thierry Paiva, le pilier gauche du stade Fran\u00e7ais.\u00a0<\/p>\n<p>    La suite apr\u00e8s cette publicit\u00e9<\/p>\n<p>    La suite apr\u00e8s cette publicit\u00e9<\/p>\n<p>Miser sur la d\u00e9fense<\/p>\n<p>La cl\u00e9 du match devrait se trouver en d\u00e9fense, alors que l\u2019\u00e9quipe parisienne a encaiss\u00e9 100 points en trois rencontres\u00a0!\u00a0Un chiffre inqui\u00e9tant avant d\u2019affronter l\u2019une des attaques les plus prolifiques du championnat.\u00a0La mission sera claire : resserrer les rangs en d\u00e9fense. \u00ab\u00a0La cl\u00e9 du match, je pense que ce sera beaucoup de d\u00e9fense et de ne pas avoir peur de jouer contre eux. On doit gagner les duels, gagner les impacts. Et apr\u00e8s, on pourra se lancer dans le jeu d&rsquo;attaque\u00a0\u00bb, r\u00e9sume Tani Vili, le centre parisien.\u00a0<\/p>\n<p>La t\u00e2che s\u2019annonce compliquer pour le Stade Fran\u00e7ais. Les Girondins l\u2019ont emport\u00e9 deux fois lors de leurs quatre derni\u00e8res visites en terre parisienne.\u00a0<\/p>\n<p>    La suite apr\u00e8s cette publicit\u00e9<\/p>\n<p>    La suite apr\u00e8s cette publicit\u00e9<\/p>\n<p>\u00a0<\/p>\n","protected":false},"excerpt":{"rendered":"L&rsquo;heure est d\u00e9j\u00e0 d\u00e9cisive pour le Stade Fran\u00e7ais. Apr\u00e8s deux d\u00e9faites, l&rsquo;\u00e9quipe parisienne n&rsquo;a plus le droit \u00e0&hellip;\n","protected":false},"author":2,"featured_media":421545,"comment_status":"","ping_status":"","sticky":false,"template":"","format":"standard","meta":{"footnotes":""},"categories":[2817],"tags":[1111,11,1997,1777,674,1011,27,12,2219,25],"class_list":{"0":"post-421544","1":"post","2":"type-post","3":"status-publish","4":"format-standard","5":"has-post-thumbnail","7":"category-bordeaux","8":"tag-actu","9":"tag-actualites","10":"tag-bordeaux","11":"tag-eu","12":"tag-europe","13":"tag-fr","14":"tag-france","15":"tag-news","16":"tag-nouvelle-aquitaine","17":"tag-republique-francaise"},"share_on_mastodon":{"url":"https:\/\/pubeurope.com\/@fr\/115276677458562911","error":""},"_links":{"self":[{"href":"https:\/\/www.europesays.com\/fr\/wp-json\/wp\/v2\/posts\/421544","targetHints":{"allow":["GET"]}}],"collection":[{"href":"https:\/\/www.europesays.com\/fr\/wp-json\/wp\/v2\/posts"}],"about":[{"href":"https:\/\/www.europesays.com\/fr\/wp-json\/wp\/v2\/types\/post"}],"author":[{"embeddable":true,"href":"https:\/\/www.europesays.com\/fr\/wp-json\/wp\/v2\/users\/2"}],"replies":[{"embeddable":true,"href":"https:\/\/www.europesays.com\/fr\/wp-json\/wp\/v2\/comments?post=421544"}],"version-history":[{"count":0,"href":"https:\/\/www.europesays.com\/fr\/wp-json\/wp\/v2\/posts\/421544\/revisions"}],"wp:featuredmedia":[{"embeddable":true,"href":"https:\/\/www.europesays.com\/fr\/wp-json\/wp\/v2\/media\/421545"}],"wp:attachment":[{"href":"https:\/\/www.europesays.com\/fr\/wp-json\/wp\/v2\/media?parent=421544"}],"wp:term":[{"taxonomy":"category","embeddable":true,"href":"https:\/\/www.europesays.com\/fr\/wp-json\/wp\/v2\/categories?post=421544"},{"taxonomy":"post_tag","embeddable":true,"href":"https:\/\/www.europesays.com\/fr\/wp-json\/wp\/v2\/tags?post=421544"}],"curies":[{"name":"wp","href":"https:\/\/api.w.org\/{rel}","templated":true}]}}