{"id":421546,"date":"2025-09-27T14:14:12","date_gmt":"2025-09-27T14:14:12","guid":{"rendered":"https:\/\/www.europesays.com\/fr\/421546\/"},"modified":"2025-09-27T14:14:12","modified_gmt":"2025-09-27T14:14:12","slug":"il-faut-etre-pret-a-faire-du-sport-quand-on-vient-nous-voir","status":"publish","type":"post","link":"https:\/\/www.europesays.com\/fr\/421546\/","title":{"rendered":"Il faut \u00eatre pr\u00eat \u00e0 faire du sport quand on vient nous voir !"},"content":{"rendered":"<p>            Par<br \/>\n        <strong><br \/>\n            <a href=\"https:\/\/actu.fr\/auteur\/gabriel-kenedi\" title=\"Consulter tous les articles de Gabriel Kenedi\" target=\"_blank\" rel=\"noopener\">Gabriel Kenedi<\/a><br \/>\n        <\/strong><\/p>\n<p>        Publi\u00e9 le<\/p>\n<p>            27 sept. 2025 \u00e0 15h16        <\/p>\n<p>Apr\u00e8s plusieurs ann\u00e9es d\u2019absence, Superbus est d<strong>e retour avec un nouvel album<\/strong> \u00ab\u2009OK KO\u2009\u00bb, qui s\u2019accompagne d\u2019une tourn\u00e9e qui passera par la salle Interference, \u00e0 Balma, le 2\u00a0octobre 2025. En attendant le concert, la chanteuse embl\u00e9matique du groupe, Jennifer Ayache, a r\u00e9pondu aux questions d\u2019<a href=\"https:\/\/actu.fr\/toulouse\/\" target=\"_blank\" rel=\"noopener\">Actu Toulouse<\/a>.<\/p>\n<p>\u00ab\u2009On s\u2019est mis une pression autour de ce chiffre sept\u2009\u00bb<\/p>\n<p class=\"ac-article-content__question wall-content\"><strong class=\"color-primary\">Actu : <\/strong>Pourquoi avoir d\u00e9cid\u00e9 de revenir avec un nouvel album apr\u00e8s neuf ann\u00e9es d&rsquo;absence\u2009?\n<\/p>\n<p class=\" wall-content\"><strong class=\"color-primary\">Jennifer Ayache  : <\/strong>\u00ab\u00a0Effectivement, ce n&rsquo;est pas anodin\u2009! On a pris le temps de bien r\u00e9fl\u00e9chir au septi\u00e8me album. Je ne sais pas vraiment pourquoi, mais on s&rsquo;est mis une pression autour de ce chiffre sept, et on s&rsquo;est dit qu&rsquo;il fallait vraiment qu&rsquo;on fasse quelque chose d&rsquo;int\u00e9ressant et qu&rsquo;on se renouvelle. Qu&rsquo;on trouve la bonne direction. Mais durant ces ann\u00e9es, par contre, on ne s&rsquo;est jamais arr\u00eat\u00e9 de faire des concerts, des tourn\u00e9es. On a sorti un EP en 2020, puis il y a eu le Covid\u2026 Il s&rsquo;est pass\u00e9 plein de choses, finalement, en l&rsquo;espace de neuf ans. On a tous travers\u00e9 plein de moments de vie aussi, ce qui explique que \u00e7a nous a pris plus de temps que pr\u00e9vu\u00a0\u00bb.<\/p>\n<p>\u00ab\u2009Le monde est un peu chaotique, non\u2009?\u2009\u00bb<\/p>\n<p class=\"ac-article-content__question wall-content\">Pourquoi ce nom, OK KO\u2009?\n<\/p>\n<p class=\" wall-content\"><strong class=\"color-primary\">J.A. : <\/strong>\u00ab\u00a0Cet album est sorti apr\u00e8s une p\u00e9riode un peu chaotique, o\u00f9 on \u00e9tait plein de doutes et o\u00f9 on ne savait pas trop o\u00f9 on allait. C&rsquo;est donc pour \u00e7a qu&rsquo;il a ce titre, cet album\u00a0\u00bb.<\/p>\n<p class=\"ac-article-content__question wall-content\">Une p\u00e9riode chaotique, c&rsquo;est \u00e0 dire\u2009?\n<\/p>\n<p class=\" wall-content\"><strong class=\"color-primary\">J.A. : <\/strong>\u00ab\u00a0Oui, mais on a tous travers\u00e9 \u00e7a, non\u2009? Le monde dans lequel on vit est un peu chaotique, et tout le monde s&rsquo;est pris plein de trucs sur la gueule\u2026 et nous aussi\u00a0\u00bb.<\/p>\n<p>\u00ab\u2009Les gens sont hyper contents\u2009!\u2009\u00bb<\/p>\n<p class=\"ac-article-content__question wall-content\">Qu&rsquo;est-ce qui a chang\u00e9 au sein de Superbus, en neuf ans\u2009?\n<\/p>\n<p class=\" wall-content\"><strong class=\"color-primary\">J.A. : <\/strong>\u00ab\u00a0On a chang\u00e9 de batteur il y a dix ans, mais sinon on est tous l\u00e0 depuis le d\u00e9but. On forme une famille et on essaie d&rsquo;avancer tous ensemble. C&rsquo;est un peu notre petite entreprise, Superbus. Au d\u00e9part, quand on a commenc\u00e9, c&rsquo;\u00e9tait un peu plus inconscient, on ne savait pas trop o\u00f9 \u00e7a allait\u2026 Et puis au fur et \u00e0 mesure des albums, quand on a vu que \u00e7a prenait un peu d&rsquo;ampleur, on a d\u00e9fini les r\u00f4les de chacun. Et maintenant, on a nos petites habitudes !\u00a0\u00bb<\/p>\n<p class=\"ac-article-content__question wall-content\">Vos prestations sur sc\u00e8ne lors des festivals d&rsquo;\u00e9t\u00e9 ont \u00e9t\u00e9 bien accueillies par le public\u2009! Il y avait une vraie attente, non\u2009?\n<\/p>\n<p class=\" wall-content\"><strong class=\"color-primary\">J.A. : <\/strong>\u00ab\u00a0On est surpris parce qu&rsquo;on voit que les gens sont hyper contents de r\u00e9\u00e9couter ce qu&rsquo;ils \u00e9coutaient quand ils \u00e9taient ados. Les radios jouent le jeu \u00e9galement. Et on se rend compte que les titres qui sont sortis il y a 20 ans ont encore une r\u00e9sonance aujourd&rsquo;hui. Et \u00e7a, c&rsquo;est hyper touchant\u2009! On ne se doutait pas une seconde que c&rsquo;\u00e9tait possible. C&rsquo;est g\u00e9nial\u2009!\u00a0\u00bb<\/p>\n<p>Votre r\u00e9gion, votre actu !<\/p>\n<p>Recevez chaque jour les infos qui comptent pour vous.<\/p>\n<p>\t<a href=\"https:\/\/actu.fr\/newsletter\" class=\"ac-btn ac-btn--corner ac-btn--medium ac-btn--blue800\" target=\"_blank\" rel=\"noopener\">S&rsquo;incrire<\/a><\/p>\n<p>    <img   decoding=\"async\" loading=\"lazy\" src=\"https:\/\/www.europesays.com\/fr\/wp-content\/uploads\/2025\/09\/e7f176654f7660cf176654f76eff17v-960x640.jpg\" alt=\"La chanteuse Jennifer Ayache, leader de Superbus, s'est produite avec son groupe au festival des Bichoiseries, \u00e0 Cerisy-Belle-\u00e9toile (Orne), le vendredi 28 juin 2024.\" width=\"960\" height=\"640\"\/><br \/>\n    La chanteuse Jennifer Ayache, leader de Superbus, lors d\u2019un concert en 2024. (\u00a9Actu.fr \/ L\u2019Orne Combattante)\u00ab\u2009Penser \u00e0 Hoshi pour la chanson Lola, c\u2019\u00e9tait tr\u00e8s naturel\u2009!\u2009\u00bb<\/p>\n<p class=\"ac-article-content__question wall-content\">La chanson Lola est particuli\u00e8re pour vous et dans le c\u0153ur des gens, aussi. Vous avez choisi de la ressortir sur ce septi\u00e8me album, avec Nicola Sirkis et Hoshi. Comment cette collaboration s&rsquo;est d\u00e9roul\u00e9e\u2009?\n<\/p>\n<p class=\" wall-content\"><strong class=\"color-primary\">J.A. : <\/strong>\u00ab\u00a0Hoshi, c&rsquo;est une bonne amie. Quand on a d\u00e9cid\u00e9 de refaire Lola, c&rsquo;est la premi\u00e8re personne \u00e0 qui j&rsquo;ai pens\u00e9 parce que je sais qu&rsquo;elle \u00e9coutait ce titre quand elle \u00e9tait ado et que \u00e7a l&rsquo;a aussi aid\u00e9e dans sa construction. Donc \u00e7a me para\u00eet tr\u00e8s naturel de lui demander. Et elle a accept\u00e9 tout de suite\u2009! On cherchait aussi une voix masculine, et comme on est tr\u00e8s fan d&rsquo;Indochine toutes les deux, on a demand\u00e9 \u00e0 Nicola\u2026 et il a dit oui imm\u00e9diatement\u2009!\u00a0\u00bb<\/p>\n<p class=\" wall-content\">\n<p class=\"ac-article-content__question wall-content\">Il y a \u00e9galement la chanteuse Rori, qui pose sa voix sur le titre Butterfly.\n<\/p>\n<p class=\" wall-content\"><strong class=\"color-primary\">J.A. : <\/strong>\u00ab\u00a0C&rsquo;est un peu pareil\u2009: je l&rsquo;ai rencontr\u00e9e il y a un an et jusque-l\u00e0, je ne connaissais pas tellement sa musique. J&rsquo;avais vu quelques clips et je la trouvais g\u00e9niale, avec un vrai charisme, une voix assez pop et un vrai truc qui me parlait. Quand je lui ai propos\u00e9 de faire quelques voix sur Butterfly, elle m&rsquo;a r\u00e9pondu qu&rsquo;elle chantait ce titre au karaok\u00e9 avec sa s\u0153ur quand elle \u00e9tait petite\u2009! Tous ces artistes sont g\u00e9niaux et \u00e7a me faisait plaisir de les inviter sur nos chansons\u00a0\u00bb.<\/p>\n<p class=\" wall-content\">\n<p>\u00ab\u2009On m\u00e9lange trois g\u00e9n\u00e9rations sur cette chanson\u2009\u00bb<br \/>\n    <img   decoding=\"async\" loading=\"lazy\" src=\"https:\/\/www.europesays.com\/fr\/wp-content\/uploads\/2025\/09\/7-superbus-jennifer-ayache-concert-groupe-francais-rock-musique-festival-belles-etoiles-pace-bretagn.jpeg\" alt=\"superbus\" width=\"960\" height=\"640\"\/><br \/>\n    Le retour de Superbus, c\u2019est forc\u00e9ment un \u00e9v\u00e9nement\u2009! (\u00a9Cl\u00e9mence Pays\/actu Rennes\/actu.fr)<\/p>\n<p class=\"ac-article-content__question wall-content\">Quand on ressort une nouvelle version d&rsquo;une chanson comme Lola, il y a toujours une part de risque de ne pas vouloir d\u00e9naturer le titre originel\u2026 C&rsquo;est un exercice pas si simple, non\u2009?\n<\/p>\n<p class=\" wall-content\"><strong class=\"color-primary\">J.A. : <\/strong>\u00ab\u00a0Ce n&rsquo;est pas si facile, oui, car on n&rsquo;avait pas envie de la changer compl\u00e8tement. Sur la production, on a fait attention \u00e0 ne pas trop la d\u00e9naturer. Le premier refrain est un peu plus lent, mais ce sont surtout les voix des copains que l&rsquo;on a invit\u00e9s qui ont cr\u00e9\u00e9 une diff\u00e9rence\u2009!\u00a0\u00bb<\/p>\n<p class=\"ac-article-content__question wall-content\">Cette r\u00e9\u00e9dition, \u00e7a permet aussi \u00e0 une nouvelle g\u00e9n\u00e9ration de s&rsquo;approprier cette chanson\u2009?\n<\/p>\n<p class=\" wall-content\"><strong class=\"color-primary\">J.A. : <\/strong>\u00ab\u00a0C&rsquo;\u00e9tait inconscient, mais on s&rsquo;est rendu compte apr\u00e8s qu&rsquo;avec Hoshi et Nikola, on avait trois g\u00e9n\u00e9rations sur cette chanson. Et je suis assez fi\u00e8re de \u00e7a\u2009!\u00a0\u00bb<\/p>\n<p class=\"ac-article-content__question wall-content\">Et 20\u00a0ans plus tard, elle est toujours tr\u00e8s actuelle, cette chanson\u2009!\n<\/p>\n<p class=\" wall-content\"><strong class=\"color-primary\">J.A. : <\/strong>\u00ab\u00a0Oui, c&rsquo;est un titre qui est toujours d&rsquo;actualit\u00e9 et qui aide peut-\u00eatre certaines personnes \u00e0 se d\u00e9couvrir, \u00e0 s&rsquo;assumer. C&rsquo;est une chanson qui permet de se sentir moins seul, je crois. C&rsquo;est tr\u00e8s touchant\u2009!\u00a0\u00bb<\/p>\n<p>\u00ab\u2009On est ravis de revenir \u00e0 Toulouse\u2009!\u2009\u00bb<\/p>\n<p class=\"ac-article-content__question wall-content\">Que ressent-on quand on a \u00e9crit et compos\u00e9 une chanson qui finalement, vous \u00e9chappe\u2009?\n<\/p>\n<p class=\" wall-content\"><strong class=\"color-primary\">J.A. : <\/strong>\u00ab\u00a0C&rsquo;est g\u00e9nial\u2009! Quand on fait des chansons, c&rsquo;est parce qu&rsquo;on a besoin d&rsquo;ext\u00e9rioriser les choses, d&rsquo;en parler. \u00c9crire des chansons, c&rsquo;est aussi un moyen de combler l&rsquo;ennui, pour moi. Mais quand les gens s&rsquo;approprient votre chanson au point o\u00f9 on a l&rsquo;impression que c&rsquo;est n&rsquo;est plus la n\u00f4tre, c&rsquo;est extraordinaire\u2009!\u00a0\u00bb<\/p>\n<p class=\"ac-article-content__question wall-content\">Vous entamez une tourn\u00e9e importante qui passera par la salle Interference, \u00e0 Toulouse.\n<\/p>\n<p class=\" wall-content\"><strong class=\"color-primary\">J.A. : <\/strong>\u00ab\u00a0On est ravis de revenir \u00e0 Toulouse, qui est une super ville. On a souvent jou\u00e9 au Bikini et l\u00e0, on va d\u00e9couvrir une nouvelle salle qu&rsquo;on ne conna\u00eet pas encore\u2009! Mais ce qui est s\u00fbr, c&rsquo;est qu&rsquo;on adore le public toulousain qui a toujours \u00e9t\u00e9 g\u00e9nial avec nous\u00a0\u00bb.<\/p>\n<p class=\"ac-article-content__question wall-content\">Et alors, \u00e7a ressemble \u00e0 quoi un concert de Superbus\u2009?\n<\/p>\n<p class=\" wall-content\"><strong class=\"color-primary\">J.A. : <\/strong>\u00ab\u00a0Il faut \u00eatre pr\u00eat \u00e0 faire du sport, en g\u00e9n\u00e9ral, quand on vient nous voir\u2009! Sur cette tourn\u00e9e, il va y avoir pas mal de vid\u00e9os et d&rsquo;interactions avec les gens aussi\u2009! On a vraiment h\u00e2te\u2009!\u00a0\u00bb<\/p>\n<p class=\" wall-content\">Personnalisez votre actualit\u00e9 en ajoutant vos villes et m\u00e9dias en favori avec <a href=\"https:\/\/moncompte.actu.fr\" title=\"D\u00e9couvez Mon Actu\" rel=\"nofollow noopener\" data-trk=\"{&quot;cta&quot;:{&quot;action&quot;:&quot;https:\\\/\\\/moncompte.actu.fr&quot;,&quot;category&quot;:&quot;mon compte&quot;,&quot;from&quot;:&quot;article footer&quot;,&quot;name&quot;:&quot;Mon actu&quot;,&quot;type&quot;:&quot;cta&quot;}}\" target=\"_blank\">Mon Actu<\/a>.<\/p>\n","protected":false},"excerpt":{"rendered":"Par Gabriel Kenedi Publi\u00e9 le 27 sept. 2025 \u00e0 15h16 Apr\u00e8s plusieurs ann\u00e9es d\u2019absence, Superbus est de retour&hellip;\n","protected":false},"author":2,"featured_media":421547,"comment_status":"","ping_status":"","sticky":false,"template":"","format":"standard","meta":{"footnotes":""},"categories":[2816],"tags":[1111,11,1777,674,1011,27,1652,12,2680,25,1341,26375,2312],"class_list":{"0":"post-421546","1":"post","2":"type-post","3":"status-publish","4":"format-standard","5":"has-post-thumbnail","7":"category-toulouse","8":"tag-actu","9":"tag-actualites","10":"tag-eu","11":"tag-europe","12":"tag-fr","13":"tag-france","14":"tag-loisirs-culture","15":"tag-news","16":"tag-occitanie","17":"tag-republique-francaise","18":"tag-sortir-a-toulouse","19":"tag-superbus","20":"tag-toulouse"},"share_on_mastodon":{"url":"https:\/\/pubeurope.com\/@fr\/115276681760421358","error":""},"_links":{"self":[{"href":"https:\/\/www.europesays.com\/fr\/wp-json\/wp\/v2\/posts\/421546","targetHints":{"allow":["GET"]}}],"collection":[{"href":"https:\/\/www.europesays.com\/fr\/wp-json\/wp\/v2\/posts"}],"about":[{"href":"https:\/\/www.europesays.com\/fr\/wp-json\/wp\/v2\/types\/post"}],"author":[{"embeddable":true,"href":"https:\/\/www.europesays.com\/fr\/wp-json\/wp\/v2\/users\/2"}],"replies":[{"embeddable":true,"href":"https:\/\/www.europesays.com\/fr\/wp-json\/wp\/v2\/comments?post=421546"}],"version-history":[{"count":0,"href":"https:\/\/www.europesays.com\/fr\/wp-json\/wp\/v2\/posts\/421546\/revisions"}],"wp:featuredmedia":[{"embeddable":true,"href":"https:\/\/www.europesays.com\/fr\/wp-json\/wp\/v2\/media\/421547"}],"wp:attachment":[{"href":"https:\/\/www.europesays.com\/fr\/wp-json\/wp\/v2\/media?parent=421546"}],"wp:term":[{"taxonomy":"category","embeddable":true,"href":"https:\/\/www.europesays.com\/fr\/wp-json\/wp\/v2\/categories?post=421546"},{"taxonomy":"post_tag","embeddable":true,"href":"https:\/\/www.europesays.com\/fr\/wp-json\/wp\/v2\/tags?post=421546"}],"curies":[{"name":"wp","href":"https:\/\/api.w.org\/{rel}","templated":true}]}}