{"id":421552,"date":"2025-09-27T14:18:14","date_gmt":"2025-09-27T14:18:14","guid":{"rendered":"https:\/\/www.europesays.com\/fr\/421552\/"},"modified":"2025-09-27T14:18:14","modified_gmt":"2025-09-27T14:18:14","slug":"martine-vassal-sera-candidate-a-la-presidence-de-la-metropole-notre-interview-exclusive","status":"publish","type":"post","link":"https:\/\/www.europesays.com\/fr\/421552\/","title":{"rendered":"Martine Vassal sera \u00ab\u00a0candidate \u00e0 la pr\u00e9sidence de la M\u00e9tropole\u00a0\u00bb, notre interview exclusive"},"content":{"rendered":"<p><strong>La M\u00e9tropole a des comp\u00e9tences structurantes dans le quotidien des Marseillais. <a href=\"https:\/\/www.laprovence.com\/article\/elections\/4411600353183314\/municipales-2026-a-marseille-si-on-gagne-martine-vassal-ne-sera-plus-presidente-de-la-metropole-lache-benoit-payan-dvg\" target=\"_blank\" rel=\"nofollow noopener\">Beno\u00eet Payan<\/a> dit qu\u2019il ne peut plus travailler avec vous en tant que pr\u00e9sidente de cette institution. Et qu\u2019il fera tout pour que vous ne le soyez plus. Si vous perdez la mairie, pensez-vous pouvoir compter sur les maires de la M\u00e9tropole pour vous maintenir \u00e0 sa t\u00eate\u00a0?<\/strong>&#13;\n<\/p>\n<p>Comme on va gagner cette ville, je vais vous faire une confidence\u00a0: Beno\u00eet Payan ne sera plus maire. Ce qui m\u2019int\u00e9resse aujourd\u2019hui, c\u2019est de sortir Marseille du d\u00e9clin. En\u00a02020, personne ne parlait de la <a href=\"https:\/\/www.laprovence.com\/article\/politique\/3535757349333114\/martine-vassal-sen-prend-a-benoit-payan-la-metropole-cest-le-moteur-de-la-ville-marseille-cest-son-frein-a-main\" target=\"_blank\" rel=\"nofollow noopener\">M\u00e9tropole<\/a>. Beno\u00eet Payan n\u2019a compris son importance que sur la fin de son mandat.\u00a0Ce sera une autre \u00e9lection. Sur le principe, je serai bien \u00e9videmment candidate \u00e0 la pr\u00e9sidence. Et comme une \u00e9lection n\u2019est jamais gagn\u00e9e d\u2019avance, il faudra que j\u2019aille convaincre la totalit\u00e9 des maires.<\/p>\n<p><img alt=\"Martine Vassal.\" loading=\"lazy\" decoding=\"async\" data-nimg=\"fill\" class=\" TwicCore_img__i9TC1 undefined  undefined\" style=\"position:absolute;height:100%;width:100%;left:0;top:0;right:0;bottom:0;color:transparent;background-size:cover;background-position:50% 50%;background-repeat:no-repeat;background-image:url(&quot;data:image\/svg+xml;charset=utf-8,%3Csvg xmlns='http:\/\/www.w3.org\/2000\/svg' %3E%3Cfilter id='b' color-interpolation-filters='sRGB'%3E%3CfeGaussianBlur stdDeviation='20'\/%3E%3CfeColorMatrix values='1 0 0 0 0 0 1 0 0 0 0 0 1 0 0 0 0 0 100 -1' result='s'\/%3E%3CfeFlood x='0' y='0' width='100%25' height='100%25'\/%3E%3CfeComposite operator='out' in='s'\/%3E%3CfeComposite in2='SourceGraphic'\/%3E%3CfeGaussianBlur stdDeviation='20'\/%3E%3C\/filter%3E%3Cimage width='100%25' height='100%25' x='0' y='0' preserveAspectRatio='none' style='filter: url(%23b);' href='https:\/\/pictures.laprovence.com\/cdn-cgi\/image\/blur=250\/media\/melody\/2025\/09\/27\/locaux-du-journal-de-pqr-la-provence-a-grand-central-a-marseille-interview-et-portrait-de-martine-va-1758960824_d59d0709c6d86e99d0709c6d8bd9d0v_.jpg'\/%3E%3C\/svg%3E&quot;)\"   src=\"https:\/\/www.europesays.com\/fr\/wp-content\/uploads\/2025\/09\/1758982694_744_locaux-du-journal-de-pqr-la-provence-a-grand-central-a-marseille-interview-et-portrait-de-martine-va.jpeg\"\/>Martine Vassal. Nicolas VALLAURI<\/p>\n<p><strong>Vous avez cette semaine re\u00e7u le <a href=\"https:\/\/www.laprovence.com\/article\/politique\/7408176530221814\/municipales-2026-a-marseille-martine-vassal-investie-par-lr\" target=\"_blank\" rel=\"nofollow noopener\">soutien des R\u00e9publicains<\/a>, votre famille politique d\u2019origine. \u00cates-vous certaine d\u2019obtenir aussi celui de Renaissance, sachant que les marcheurs historiques marseillais se situaient plut\u00f4t au centre gauche\u2026<\/strong>&#13;\n<\/p>\n<p>Demandez \u00e0 <a href=\"https:\/\/www.laprovence.com\/article\/elections\/6575305731685114\/municipales-2026-renaud-muselier-designe-pilote-de-renaissance-pour-la-campagne-a-marseille\" target=\"_blank\" rel=\"nofollow noopener\">Renaud Muselier<\/a>, c\u2019est lui le responsable r\u00e9gional de Renaissance\u00a0! Je vais lui demander ainsi qu\u2019\u00e0 Gabriel Attal le soutien de leur parti. Apr\u00e8s, je ne rentre pas dans leur probl\u00e9matique interne. Des demandes d\u2019investiture, il y en aura d\u2019autres. Horizons, Nouveau centre, le MoDem, l\u2019UDI\u2026 C\u2019est \u00e7a l\u2019union.<\/p>\n<p><strong>Cela veut-il dire que vous aurez l\u2019appui du pr\u00e9sident de la R\u00e9publique\u00a0? Vous l\u2019avez <a href=\"https:\/\/www.laprovence.com\/actu\/en-direct\/6680202\/presidentielle-2022-jai-decide-de-soutenir-emmanuel-macron-lance-martine-vassal-lr-en-plein-conseil-munic\" target=\"_blank\" rel=\"nofollow noopener\">soutenu en\u00a02022<\/a>, faites-vous toujours partie de ses soutiens\u00a0?<\/strong>&#13;\n<\/p>\n<p>Le pr\u00e9sident de la R\u00e9publique est candidat \u00e0 une \u00e9lection\u00a0? Moi, je demande le soutien des partis. Si j\u2019ai le soutien de Renaissance, ce sera le soutien de Renaissance. Des gens ne seront peut-\u00eatre pas d\u2019accord. Je n\u2019ai pas la carte de ce parti. Je suis libre de parole, de penser, dire ce que je ressens. Et si vous saviez comme je suis lib\u00e9r\u00e9e d\u2019\u00eatre libre\u00a0!<\/p>\n<p><strong>Comment garantir l\u2019unit\u00e9 d\u2019une liste qui irait de Val\u00e9rie Boyer \u00e0 Sabrina Agresti-Roubache\u00a0?<\/strong>&#13;\n<\/p>\n<p>L\u2019union se travaille, comme dans un mariage. Ce n\u2019est pas parce qu\u2019on se passe la bague au doigt que tout est acquis. Mais on a nos diff\u00e9rences\u00a0: Christophe Madrolle, Sabrina Roubache, Romain Simmarano, Val\u00e9rie Boyer ont des diff\u00e9rences. Mais on a un point commun\u00a0: on veut et on va faire gagner Marseille.<\/p>\n<p><strong>L\u2019union ne sera pas totale si <a href=\"https:\/\/www.laprovence.com\/article\/politique\/4450736549039414\/municipales-2026-a-marseille-frederic-collart-martine-vassal-la-grande-intox\" target=\"_blank\" rel=\"nofollow noopener\">Fr\u00e9d\u00e9ric Collart<\/a> (DVD) maintient sa candidature\u2026<\/strong>&#13;\n<\/p>\n<p>Il \u00e9tait avec Jean-Claude Gaudin il y a dix ans, il est dans ma majorit\u00e9 aujourd\u2019hui. Je lui tends la main et je suis s\u00fbre que les propositions qu\u2019il va faire seront tr\u00e8s int\u00e9ressantes. J\u2019esp\u00e8re qu\u2019il va rejoindre notre \u00e9quipe. Je dois d\u2019ailleurs le voir la semaine prochaine. Et il peut vraiment apporter quelque chose. Comme Christophe Madrolle.<\/p>\n<p><strong>Vous dites de lui que c\u2019est un \u00e9cologiste raisonnable. C\u2019est comment un \u00e9cologiste raisonnable\u00a0?<\/strong>&#13;\n<\/p>\n<p>Ce n\u2019est pas un dogmatique. Ce n\u2019est pas quelqu\u2019un qui vous impose les choses. Ni qui estime que vous \u00eates bon \u00e0 jeter pour la poubelle si vous ne pensez pas comme lui.<\/p>\n<p><strong>S\u00e9bastien Lecornu a promis un grand acte <a href=\"https:\/\/www.laprovence.com\/article\/elections\/2608704396243114\/municipales-2026-sebastien-lecornu-veut-la-creation-dun-statut-delu-local-avant-les-elections\" target=\"_blank\" rel=\"nofollow noopener\">d\u00e9centralisation<\/a>. Pensez-vous qu\u2019il y a trop d\u2019\u00e9lus\u00a0dans un millefeuille de collectivit\u00e9s\u00a0?<\/strong>&#13;\n<\/p>\n<p>Je suis \u00e0 fond pour la d\u00e9centralisation. Le reste, c\u2019est toujours la m\u00eame rengaine. \u00c0 chaque \u00e9lection, on parle du millefeuille, moi, je pr\u00e9f\u00e8re parler des objectifs et des r\u00e9sultats. L\u00e0, ils ont quand m\u00eame rajout\u00e9 30 \u00e9lus \u00e0 la municipalit\u00e9 dans la <a href=\"https:\/\/www.laprovence.com\/article\/france-monde\/2212003922774114\/municipales-le-conseil-constitutionnel-valide-le-nouveau-mode-de-scrutin-a-paris-lyon-et-marseille\" target=\"_blank\" rel=\"nofollow noopener\">loi PLM.<\/a><\/p>\n<p><strong>Comment avez-vous r\u00e9agi \u00e0 la condamnation \u00e0 cinq ans de prison de <a href=\"https:\/\/www.laprovence.com\/article\/faits-divers-justice\/2773317257311114\/nicolas-sarkozy-quelle-prison-et-quelles-conditions-de-detention-pour-lancien-president\" target=\"_blank\" rel=\"nofollow noopener\">Nicolas Sarkozy<\/a>\u00a0?<\/strong>&#13;\n<\/p>\n<p>Comme je ne commente pas les enqu\u00eates en cours, je ne commente pas les d\u00e9cisions de justice. Mais c\u2019est un homme qui a tellement apport\u00e9 \u00e0 la France. C\u2019est navrant d\u2019en arriver l\u00e0.<\/p>\n","protected":false},"excerpt":{"rendered":"La M\u00e9tropole a des comp\u00e9tences structurantes dans le quotidien des Marseillais. Beno\u00eet Payan dit qu\u2019il ne peut plus&hellip;\n","protected":false},"author":2,"featured_media":421553,"comment_status":"","ping_status":"","sticky":false,"template":"","format":"standard","meta":{"footnotes":""},"categories":[2814],"tags":[17,5734,1111,11,5108,5949,1777,674,1011,27,884,10203,3554,12,882,25,6690,14243],"class_list":{"0":"post-421552","1":"post","2":"type-post","3":"status-publish","4":"format-standard","5":"has-post-thumbnail","7":"category-marseille","8":"tag-17","9":"tag-5734","10":"tag-actu","11":"tag-actualites","12":"tag-candidate","13":"tag-elections","14":"tag-eu","15":"tag-europe","16":"tag-fr","17":"tag-france","18":"tag-marseille","19":"tag-martine","20":"tag-municipales","21":"tag-news","22":"tag-provence-alpes-cote-dazur","23":"tag-republique-francaise","24":"tag-sera","25":"tag-vassal"},"share_on_mastodon":{"url":"https:\/\/pubeurope.com\/@fr\/115276697581562114","error":""},"_links":{"self":[{"href":"https:\/\/www.europesays.com\/fr\/wp-json\/wp\/v2\/posts\/421552","targetHints":{"allow":["GET"]}}],"collection":[{"href":"https:\/\/www.europesays.com\/fr\/wp-json\/wp\/v2\/posts"}],"about":[{"href":"https:\/\/www.europesays.com\/fr\/wp-json\/wp\/v2\/types\/post"}],"author":[{"embeddable":true,"href":"https:\/\/www.europesays.com\/fr\/wp-json\/wp\/v2\/users\/2"}],"replies":[{"embeddable":true,"href":"https:\/\/www.europesays.com\/fr\/wp-json\/wp\/v2\/comments?post=421552"}],"version-history":[{"count":0,"href":"https:\/\/www.europesays.com\/fr\/wp-json\/wp\/v2\/posts\/421552\/revisions"}],"wp:featuredmedia":[{"embeddable":true,"href":"https:\/\/www.europesays.com\/fr\/wp-json\/wp\/v2\/media\/421553"}],"wp:attachment":[{"href":"https:\/\/www.europesays.com\/fr\/wp-json\/wp\/v2\/media?parent=421552"}],"wp:term":[{"taxonomy":"category","embeddable":true,"href":"https:\/\/www.europesays.com\/fr\/wp-json\/wp\/v2\/categories?post=421552"},{"taxonomy":"post_tag","embeddable":true,"href":"https:\/\/www.europesays.com\/fr\/wp-json\/wp\/v2\/tags?post=421552"}],"curies":[{"name":"wp","href":"https:\/\/api.w.org\/{rel}","templated":true}]}}