{"id":421559,"date":"2025-09-27T14:23:21","date_gmt":"2025-09-27T14:23:21","guid":{"rendered":"https:\/\/www.europesays.com\/fr\/421559\/"},"modified":"2025-09-27T14:23:21","modified_gmt":"2025-09-27T14:23:21","slug":"transports-perturbations-en-ile-de-france-du-29-septembre-au-5-octobre-2","status":"publish","type":"post","link":"https:\/\/www.europesays.com\/fr\/421559\/","title":{"rendered":"Transports : perturbations en \u00cele-de-France du 29 septembre au 5 octobre"},"content":{"rendered":"<p><img loading=\"lazy\" decoding=\"async\" alt=\"\u00a9 Shutterstock - La derni\u00e8re semaine de septembre annonce un all\u00e8gement des perturbations sur certains axes, mais aussi la poursuite de travaux essentiels sur d\u2019autres.\" data-zoom-src=\"https:\/\/www.europesays.com\/fr\/wp-content\/uploads\/2025\/09\/initial-metro-station-paris.jpg\" data-zoomable=\"\" height=\"702\" src=\"https:\/\/www.europesays.com\/fr\/wp-content\/uploads\/2025\/09\/initial-metro-station-paris.jpg\" width=\"1248\"\/>  <\/p>\n<p class=\"article-desc\">\u00a9 Shutterstock &#8211; La derni\u00e8re semaine de septembre annonce un all\u00e8gement des perturbations sur certains axes, mais aussi la poursuite de travaux essentiels sur d\u2019autres. <\/p>\n<p>La derni\u00e8re semaine de septembre annonce un <strong>all\u00e8gement des perturbations<\/strong> sur certains axes, mais aussi la poursuite de travaux essentiels sur d\u2019autres. Le point sur les principaux impacts du 29 septembre au 5 octobre. <\/p>\n<p>M\u00e9tro : fermetures nocturnes sur la ligne 10 <\/p>\n<p>Si la <strong>ligne 6<\/strong> retrouve une desserte normale apr\u00e8s la <strong>r\u00e9ouverture de la station Cambronne le 28 septembre<\/strong>, c\u2019est la ligne 10 qui sera concern\u00e9e par de nouvelles coupures. Du dimanche au jeudi, la circulation sera interrompue d\u00e8s 22h30 sur l\u2019ensemble de la ligne, en raison de la modernisation du r\u00e9seau et de la pr\u00e9paration \u00e0 l\u2019arriv\u00e9e des nouveaux trains MF19. <\/p>\n<p>RER B : fin des fermetures nocturnes <\/p>\n<p>Bonne nouvelle pour les habitu\u00e9s du <a href=\"https:\/\/mesinfos.fr\/ile-de-france\/rer-b-le-redressement-de-la-ligne-se-confirme-selon-idfm-226230.html\" rel=\"noopener nofollow\" target=\"_blank\">RER B<\/a> : les <strong>interruptions quotidiennes apr\u00e8s 22h45<\/strong> entre Gare du Nord et A\u00e9roport Charles-de-Gaulle \/ Mitry-Claye prennent fin au soir du <strong>30 septembre<\/strong>. Apr\u00e8s plus d\u2019un mois de soir\u00e9es compliqu\u00e9es, le service reprend normalement en nocturne d\u00e8s le 1er octobre. <\/p>\n<p> RER C : des week-ends sous tension <\/p>\n<p>La <strong>ligne C<\/strong> reste surveill\u00e9e de pr\u00e8s. Les chantiers programm\u00e9s sur plusieurs tron\u00e7ons entra\u00eenent des <strong>coupures en soir\u00e9e et le week-end<\/strong>, notamment entre Juvisy et Paris Austerlitz via Choisy-le-Roi. Certaines gares de banlieue, comme Athis-Mons ou Villeneuve-le-Roi, verront \u00e9galement leurs dessertes suspendues lors des p\u00e9riodes de travaux.<\/p>\n<p> Transilien : des perturbations \u00e0 venir sur plusieurs lignes <\/p>\n<p>Les <strong>lignes H et L<\/strong> du r\u00e9seau Transilien sont elles aussi touch\u00e9es par des travaux. <\/p>\n<ul>\n<li>\n<p>Sur la ligne H, des <strong>interruptions en soir\u00e9<\/strong>e concernent plusieurs branches, notamment vers Pontoise et Persan-Beaumont, dans le cadre du plan travaux de septembre et octobre. <\/p>\n<\/li>\n<li>\n<p>Sur la ligne L, le<strong> tunnel de Montretout continue de faire l\u2019objet de travaux<\/strong>, provoquant des fermetures en soir\u00e9e et certains week-ends. La gare de B\u00e9con-les-Bruy\u00e8res est \u00e9galement impact\u00e9e par des interventions li\u00e9es au chantier du Grand Paris Express. <\/p>\n<\/li>\n<\/ul>\n<p> Bus : la ligne 256 modifi\u00e9e <\/p>\n<p>Enfin, le r\u00e9seau de bus n\u2019est pas \u00e9pargn\u00e9. La <strong>ligne 256 voit son itin\u00e9raire et ses horaires perturb\u00e9s<\/strong> \u00e0 partir du 29 septembre et jusqu\u2019au 14 octobre, en raison de travaux d\u2019am\u00e9nagement.<\/p>\n","protected":false},"excerpt":{"rendered":"\u00a9 Shutterstock &#8211; La derni\u00e8re semaine de septembre annonce un all\u00e8gement des perturbations sur certains axes, mais aussi&hellip;\n","protected":false},"author":2,"featured_media":420955,"comment_status":"","ping_status":"","sticky":false,"template":"","format":"standard","meta":{"footnotes":""},"categories":[1592],"tags":[1111,11,1777,674,1011,27,662,12,626,25,800],"class_list":{"0":"post-421559","1":"post","2":"type-post","3":"status-publish","4":"format-standard","5":"has-post-thumbnail","7":"category-ile-de-france","8":"tag-actu","9":"tag-actualites","10":"tag-eu","11":"tag-europe","12":"tag-fr","13":"tag-france","14":"tag-ile-de-france","15":"tag-news","16":"tag-paris","17":"tag-republique-francaise","18":"tag-transports"},"share_on_mastodon":{"url":"https:\/\/pubeurope.com\/@fr\/115276717193568508","error":""},"_links":{"self":[{"href":"https:\/\/www.europesays.com\/fr\/wp-json\/wp\/v2\/posts\/421559","targetHints":{"allow":["GET"]}}],"collection":[{"href":"https:\/\/www.europesays.com\/fr\/wp-json\/wp\/v2\/posts"}],"about":[{"href":"https:\/\/www.europesays.com\/fr\/wp-json\/wp\/v2\/types\/post"}],"author":[{"embeddable":true,"href":"https:\/\/www.europesays.com\/fr\/wp-json\/wp\/v2\/users\/2"}],"replies":[{"embeddable":true,"href":"https:\/\/www.europesays.com\/fr\/wp-json\/wp\/v2\/comments?post=421559"}],"version-history":[{"count":0,"href":"https:\/\/www.europesays.com\/fr\/wp-json\/wp\/v2\/posts\/421559\/revisions"}],"wp:featuredmedia":[{"embeddable":true,"href":"https:\/\/www.europesays.com\/fr\/wp-json\/wp\/v2\/media\/420955"}],"wp:attachment":[{"href":"https:\/\/www.europesays.com\/fr\/wp-json\/wp\/v2\/media?parent=421559"}],"wp:term":[{"taxonomy":"category","embeddable":true,"href":"https:\/\/www.europesays.com\/fr\/wp-json\/wp\/v2\/categories?post=421559"},{"taxonomy":"post_tag","embeddable":true,"href":"https:\/\/www.europesays.com\/fr\/wp-json\/wp\/v2\/tags?post=421559"}],"curies":[{"name":"wp","href":"https:\/\/api.w.org\/{rel}","templated":true}]}}