{"id":421560,"date":"2025-09-27T14:24:12","date_gmt":"2025-09-27T14:24:12","guid":{"rendered":"https:\/\/www.europesays.com\/fr\/421560\/"},"modified":"2025-09-27T14:24:12","modified_gmt":"2025-09-27T14:24:12","slug":"long-sos-chretiens-dorient-perquisitionnee-pour-des-soupcons-de-complicite-de-crimes-contre-lhumanite-en-syrie","status":"publish","type":"post","link":"https:\/\/www.europesays.com\/fr\/421560\/","title":{"rendered":"L\u2019ONG SOS Chr\u00e9tiens d\u2019Orient perquisitionn\u00e9e pour des soup\u00e7ons de\u00a0complicit\u00e9 de\u00a0crimes contre l\u2019humanit\u00e9\u00a0en\u00a0Syrie"},"content":{"rendered":"<p>                          <img loading=\"lazy\" decoding=\"async\" src=\"https:\/\/www.europesays.com\/fr\/wp-content\/uploads\/2025\/09\/60c723a_upload-1-ykpiud6b0287-maxnewsfrfour929082.jpg\" alt=\"Le pr\u00e9sident de l\u2019association SOS Chr\u00e9tiens d\u2019Orient, Charles de Meyer, \u00e0 Paris, le 2\u00a0avril 2022.\"   width=\"664\" height=\"443\"\/>    Le pr\u00e9sident de l\u2019association SOS Chr\u00e9tiens d\u2019Orient, Charles de Meyer, \u00e0 Paris, le 2\u00a0avril 2022.  VINCENT ISORE \/ \u00ab IP3 PRESS \u00bb \/ MAXPPP                          <\/p>\n<p class=\"article__paragraph  \">L\u2019ONG SOS Chr\u00e9tiens d\u2019Orient a \u00e9t\u00e9 perquisitionn\u00e9e cette semaine dans le cadre des investigations men\u00e9es depuis la fin de\u00a02020 en France pour complicit\u00e9 de crimes contre l\u2019humanit\u00e9 et de crimes de guerre commis en Syrie, a affirm\u00e9 samedi 27\u00a0septembre le Parquet national antiterroriste (PNAT) \u00e0 l\u2019Agence France-Presse (AFP), confirmant une information de <a href=\"https:\/\/www.franceinfo.fr\/faits-divers\/info-franceinfo-le-siege-de-l-association-sos-chretiens-d-orient-perquisitionne-dans-le-cadre-d-une-enquete-pour-complicite-de-crimes-de-guerre-et-crime-contre-l-humanite_7513981.html\" target=\"_blank\" rel=\"noopener\" title=\"Nouvelle fen\u00eatre\">Franceinfo<\/a>.<\/p>\n<p class=\"article__paragraph  \">Entre mardi et jeudi, \u00ab\u00a0plusieurs op\u00e9rations de perquisitions au sein d\u2019associations, dont l\u2019association fran\u00e7aise SOS Chr\u00e9tiens d\u2019Orient, de soci\u00e9t\u00e9s ou au domicile de particuliers, ainsi que plusieurs auditions en qualit\u00e9 de t\u00e9moin ou de mis en cause sont intervenues\u00a0\u00bb, a confirm\u00e9 le PNAT, selon qui l\u2019enqu\u00eate se poursuit. Celle-ci est men\u00e9e par l\u2019Office central de lutte contre les crimes contre l\u2019humanit\u00e9, les g\u00e9nocides et les crimes de guerre (OCLCH).<\/p>\n<p class=\"article__paragraph  \">Charles de Meyer, pr\u00e9sident de l\u2019association cr\u00e9\u00e9e en 2013, et maurassien (royaliste d\u2019extr\u00eame droite) revendiqu\u00e9, a confirm\u00e9 \u00e0 l\u2019AFP les perquisitions, qui ont vis\u00e9 notamment son ordinateur. Il a rapport\u00e9 avoir lui-m\u00eame \u00e9t\u00e9 entendu en audition libre de suspect.<\/p>\n<p>                                       Lire aussi |  Article r\u00e9serv\u00e9 \u00e0 nos abonn\u00e9s  <a href=\"https:\/\/www.lemonde.fr\/international\/article\/2024\/12\/08\/en-syrie-la-chute-historique-du-regime-assad_6436462_3210.html\" class=\"js-article-read-also catcher--favoris__link\" data-premium=\"1\" id=\"article-title-3401566\" target=\"_blank\" rel=\"noopener\">En Syrie, la chute historique du r\u00e9gime Assad<\/a>    <\/p>\n<p>   Lire plus tard  <\/p>\n<p class=\"article__paragraph  \">D\u2019apr\u00e8s la radio publique, les gendarmes de l\u2019OCLCH ont perquisitionn\u00e9 pendant trois jours les bureaux de l\u2019association situ\u00e9e \u00e0 Boulogne-Billancourt, dans les Hauts-de-Seine. Ils auraient aussi perquisitionn\u00e9 des locaux de l\u2019association \u00e0 Courbevoie (Hauts-de-Seine) et \u00e0 Paris, deux soci\u00e9t\u00e9s situ\u00e9es en Ille-et-Vilaine, et des locaux en Essonne, d\u2019apr\u00e8s Franceinfo.<\/p>\n<p>                    Complaisance envers Bachar Al-Assad                    <\/p>\n<p class=\"article__paragraph  \">Selon <a href=\"https:\/\/www.mediapart.fr\/journal\/international\/170920\/les-liaisons-dangereuses-de-sos-chretiens-d-orient-avec-les-milices-d-assad\" target=\"_blank\" rel=\"noopener\" title=\"Nouvelle fen\u00eatre\">Mediapart<\/a> et Franceinfo, l\u2019enqu\u00eate viserait \u00e0 d\u00e9terminer si l\u2019ONG a vers\u00e9 une partie des fonds qu\u2019elle r\u00e9colte aux Forces de d\u00e9fense nationale (NDF), des milices pro-Bachar Al-Assad accus\u00e9es par des ONG syriennes d\u2019avoir pill\u00e9 des villages, bombard\u00e9 des civils et entra\u00een\u00e9 des enfants au combat en Syrie.<\/p>\n<p class=\"article__paragraph  \">Au moment de la r\u00e9v\u00e9lation de l\u2019enqu\u00eate par Mediapart, au d\u00e9but de\u00a02022, l\u2019ONG avait contest\u00e9 aupr\u00e8s de l\u2019AFP avoir \u00ab\u00a0jamais \u00e9t\u00e9 complice de quelque crime que ce soit\u00a0\u00bb.<\/p>\n<p class=\"article__paragraph  \">Cette association dit venir en aide aux chr\u00e9tiens victimes de violentes pers\u00e9cutions dans la r\u00e9gion, en particulier de la part de l\u2019organisation Etat islamique. Mais certains de ses responsables ont parfois \u00e9t\u00e9 accus\u00e9s de complaisance envers le r\u00e9gime du pr\u00e9sident syrien d\u00e9chu Bachar Al-Assad.<\/p>\n<p class=\"article__paragraph  \">Cl\u00e9mence Witt, avocate avec Camille Tard\u00e9, d\u2019intellectuels franco-syriens poursuivis en diffamation par SOS Chr\u00e9tiens d\u2019Orient pour avoir relay\u00e9 ou comment\u00e9 les informations rendues publiques par Mediapart, s\u2019est f\u00e9licit\u00e9e de ce d\u00e9veloppement proc\u00e9dural.<\/p>\n<p>                                       Lire le r\u00e9cit |  Article r\u00e9serv\u00e9 \u00e0 nos abonn\u00e9s  <a href=\"https:\/\/www.lemonde.fr\/international\/article\/2021\/03\/18\/le-long-combat-contre-l-impunite-des-criminels-du-regime-syrien_6073535_3210.html\" class=\"js-article-read-also catcher--favoris__link\" data-premium=\"1\" id=\"article-title-3211478\" target=\"_blank\" rel=\"noopener\">Le long combat contre l\u2019impunit\u00e9 des criminels du r\u00e9gime de Bachar Al-Assad<\/a>    <\/p>\n<p>   Lire plus tard  <\/p>\n<p class=\"author__detail\">  Le Monde avec AFP  <\/p>\n<p>                  <a href=\"https:\/\/www.lemonde.fr\/syndication\/\" class=\"reuse__content\" title=\"R\u00e9utiliser ce contenu\" target=\"_blank\" rel=\"noopener\">R\u00e9utiliser ce contenu<\/a>      <\/p>\n","protected":false},"excerpt":{"rendered":"Le pr\u00e9sident de l\u2019association SOS Chr\u00e9tiens d\u2019Orient, Charles de Meyer, \u00e0 Paris, le 2\u00a0avril 2022. VINCENT ISORE \/&hellip;\n","protected":false},"author":2,"featured_media":421561,"comment_status":"","ping_status":"","sticky":false,"template":"","format":"standard","meta":{"footnotes":""},"categories":[1888],"tags":[1111,1928,11,1927,1777,674,1011,27,12,1926,626,1925,25],"class_list":{"0":"post-421560","1":"post","2":"type-post","3":"status-publish","4":"format-standard","5":"has-post-thumbnail","7":"category-paris","8":"tag-actu","9":"tag-actu-paris","10":"tag-actualites","11":"tag-actualites-paris","12":"tag-eu","13":"tag-europe","14":"tag-fr","15":"tag-france","16":"tag-news","17":"tag-news-paris","18":"tag-paris","19":"tag-paris-news","20":"tag-republique-francaise"},"share_on_mastodon":{"url":"https:\/\/pubeurope.com\/@fr\/115276721153924855","error":""},"_links":{"self":[{"href":"https:\/\/www.europesays.com\/fr\/wp-json\/wp\/v2\/posts\/421560","targetHints":{"allow":["GET"]}}],"collection":[{"href":"https:\/\/www.europesays.com\/fr\/wp-json\/wp\/v2\/posts"}],"about":[{"href":"https:\/\/www.europesays.com\/fr\/wp-json\/wp\/v2\/types\/post"}],"author":[{"embeddable":true,"href":"https:\/\/www.europesays.com\/fr\/wp-json\/wp\/v2\/users\/2"}],"replies":[{"embeddable":true,"href":"https:\/\/www.europesays.com\/fr\/wp-json\/wp\/v2\/comments?post=421560"}],"version-history":[{"count":0,"href":"https:\/\/www.europesays.com\/fr\/wp-json\/wp\/v2\/posts\/421560\/revisions"}],"wp:featuredmedia":[{"embeddable":true,"href":"https:\/\/www.europesays.com\/fr\/wp-json\/wp\/v2\/media\/421561"}],"wp:attachment":[{"href":"https:\/\/www.europesays.com\/fr\/wp-json\/wp\/v2\/media?parent=421560"}],"wp:term":[{"taxonomy":"category","embeddable":true,"href":"https:\/\/www.europesays.com\/fr\/wp-json\/wp\/v2\/categories?post=421560"},{"taxonomy":"post_tag","embeddable":true,"href":"https:\/\/www.europesays.com\/fr\/wp-json\/wp\/v2\/tags?post=421560"}],"curies":[{"name":"wp","href":"https:\/\/api.w.org\/{rel}","templated":true}]}}