{"id":421564,"date":"2025-09-27T14:26:09","date_gmt":"2025-09-27T14:26:09","guid":{"rendered":"https:\/\/www.europesays.com\/fr\/421564\/"},"modified":"2025-09-27T14:26:09","modified_gmt":"2025-09-27T14:26:09","slug":"un-trentenaire-battu-a-mort-apres-avoir-drague-un-homme-en-couple-dans-le-3e-arrondissement","status":"publish","type":"post","link":"https:\/\/www.europesays.com\/fr\/421564\/","title":{"rendered":"un trentenaire battu \u00e0 mort apr\u00e8s avoir dragu\u00e9 un homme en couple dans le 3e arrondissement"},"content":{"rendered":"<p>            Par<br \/>\n        <strong><br \/>\n            <a href=\"https:\/\/actu.fr\/auteur\/glenn-gillet\" title=\"Consulter tous les articles de Glenn Gillet\" target=\"_blank\" rel=\"noopener\">Glenn Gillet<\/a><br \/>\n        <\/strong><\/p>\n<p>        Publi\u00e9 le<\/p>\n<p>            27 sept. 2025 \u00e0 16h10        <\/p>\n<p>Un drame marqu\u00e9 par une extr\u00eame violence, pour une histoire de <strong>drague<\/strong>. Un homme d\u2019une trentaine d\u2019ann\u00e9es est <a href=\"https:\/\/actu.fr\/tag\/meurtre\" target=\"_blank\" rel=\"noopener\">mort<\/a> dans la nuit du vendredi\u00a019 au samedi 20\u00a0septembre 2025 apr\u00e8s avoir \u00e9t\u00e9 <strong>rou\u00e9 de coups<\/strong> par un autre homme \u00e2g\u00e9 de 38\u00a0ans en sortie d\u2019une <strong>bo\u00eete de nuit<\/strong> situ\u00e9e rue Michel Le Comte, dans le quartier du <a href=\"https:\/\/actu.fr\/ile-de-france\/paris_75056\/paris-h-amp-m-ouvre-une-boutique-premium-en-plein-coeur-du-marais-et-poursuit-sa-transition-vers-le-haut-de-gamme_63114643.html\" target=\"_blank\" rel=\"noopener\">Marais<\/a>, du c\u00f4t\u00e9 du 3e arrondissement de la capitale, a annonc\u00e9 le parquet \u00e0 actu Paris ce samedi, confirmant des informations de <a href=\"https:\/\/www.parismatch.com\/actu\/faits-divers\/info-match-paris-un-homme-battu-a-mort-pour-avoir-drague-le-compagnon-dun-autre-homme-257659\" target=\"_blank\" rel=\"noopener\">Paris Match<\/a>.<\/p>\n<p>Le suspect plac\u00e9 en d\u00e9tention provisoire<\/p>\n<p class=\" wall-content\">Selon le parquet, \u00ab\u2009il ressort des premi\u00e8res investigations que le mis en cause \u00e9tait <strong>avec son compagnon<\/strong> et a reproch\u00e9 \u00e0 la victime d\u2019avoir voulu draguer l\u2019un des deux, avant de le frapper violemment et \u00e0 plusieurs reprises une fois \u00e0 l\u2019ext\u00e9rieur de l\u2019\u00e9tablissement\u2009\u00bb.<\/p>\n<p class=\" wall-content\">Appel\u00e9e sur place \u00ab\u2009pour une <strong>rixe<\/strong>\u2009\u00bb, la police a proc\u00e9d\u00e9 \u00e0 l\u2019interpellation du suspect. L\u2019homme bless\u00e9, n\u00e9 en septembre\u00a01992, est quant \u00e0 lui d\u00e9c\u00e9d\u00e9 quelques heures plus tard, nous pr\u00e9cise-t-on.<\/p>\n<p class=\" wall-content\">Le parquet de Paris a ouvert une information judiciaire le 22\u00a0septembre et le suspect a \u00e9t\u00e9 <strong>mis en examen pour \u00ab\u2009meurtre<\/strong> commis par personne en \u00e9tat d\u2019ivresse manifeste\u2009\u00bb et plac\u00e9 en d\u00e9tention provisoire.<\/p>\n<p class=\" wall-content\">Personnalisez votre actualit\u00e9 en ajoutant vos villes et m\u00e9dias en favori avec <a href=\"https:\/\/moncompte.actu.fr\" title=\"D\u00e9couvez Mon Actu\" rel=\"nofollow noopener\" data-trk=\"{&quot;cta&quot;:{&quot;action&quot;:&quot;https:\\\/\\\/moncompte.actu.fr&quot;,&quot;category&quot;:&quot;mon compte&quot;,&quot;from&quot;:&quot;article footer&quot;,&quot;name&quot;:&quot;Mon actu&quot;,&quot;type&quot;:&quot;cta&quot;}}\" target=\"_blank\">Mon Actu<\/a>.<\/p>\n","protected":false},"excerpt":{"rendered":"Par Glenn Gillet Publi\u00e9 le 27 sept. 2025 \u00e0 16h10 Un drame marqu\u00e9 par une extr\u00eame violence, pour&hellip;\n","protected":false},"author":2,"featured_media":421565,"comment_status":"","ping_status":"","sticky":false,"template":"","format":"standard","meta":{"footnotes":""},"categories":[1888],"tags":[11,1777,674,118,1011,27,24797,777,12,626,1931,25],"class_list":{"0":"post-421564","1":"post","2":"type-post","3":"status-publish","4":"format-standard","5":"has-post-thumbnail","7":"category-paris","8":"tag-actualites","9":"tag-eu","10":"tag-europe","11":"tag-faits-divers","12":"tag-fr","13":"tag-france","14":"tag-le-marais","15":"tag-meurtre","16":"tag-news","17":"tag-paris","18":"tag-prefecture-de-police-de-paris","19":"tag-republique-francaise"},"share_on_mastodon":{"url":"https:\/\/pubeurope.com\/@fr\/115276728563248837","error":""},"_links":{"self":[{"href":"https:\/\/www.europesays.com\/fr\/wp-json\/wp\/v2\/posts\/421564","targetHints":{"allow":["GET"]}}],"collection":[{"href":"https:\/\/www.europesays.com\/fr\/wp-json\/wp\/v2\/posts"}],"about":[{"href":"https:\/\/www.europesays.com\/fr\/wp-json\/wp\/v2\/types\/post"}],"author":[{"embeddable":true,"href":"https:\/\/www.europesays.com\/fr\/wp-json\/wp\/v2\/users\/2"}],"replies":[{"embeddable":true,"href":"https:\/\/www.europesays.com\/fr\/wp-json\/wp\/v2\/comments?post=421564"}],"version-history":[{"count":0,"href":"https:\/\/www.europesays.com\/fr\/wp-json\/wp\/v2\/posts\/421564\/revisions"}],"wp:featuredmedia":[{"embeddable":true,"href":"https:\/\/www.europesays.com\/fr\/wp-json\/wp\/v2\/media\/421565"}],"wp:attachment":[{"href":"https:\/\/www.europesays.com\/fr\/wp-json\/wp\/v2\/media?parent=421564"}],"wp:term":[{"taxonomy":"category","embeddable":true,"href":"https:\/\/www.europesays.com\/fr\/wp-json\/wp\/v2\/categories?post=421564"},{"taxonomy":"post_tag","embeddable":true,"href":"https:\/\/www.europesays.com\/fr\/wp-json\/wp\/v2\/tags?post=421564"}],"curies":[{"name":"wp","href":"https:\/\/api.w.org\/{rel}","templated":true}]}}