{"id":421568,"date":"2025-09-27T14:28:17","date_gmt":"2025-09-27T14:28:17","guid":{"rendered":"https:\/\/www.europesays.com\/fr\/421568\/"},"modified":"2025-09-27T14:28:17","modified_gmt":"2025-09-27T14:28:17","slug":"guerre-en-ukraine-kiev-accuse-moscou-de-voler-la-centrale-nucleaire-de-zaporijjia","status":"publish","type":"post","link":"https:\/\/www.europesays.com\/fr\/421568\/","title":{"rendered":"Guerre en Ukraine. Kiev accuse Moscou de \u00ab voler\u00a0\u00bb la centrale nucl\u00e9aire de Zaporijjia"},"content":{"rendered":"<p>L&rsquo;Ukraine a accus\u00e9 ce samedi la Russie d&rsquo;avoir coup\u00e9 la centrale nucl\u00e9aire de Zaporijjia du r\u00e9seau \u00e9lectrique ukrainien depuis quatre jours. Selon Kiev, Moscou chercherait ainsi \u00e0 \u00ab voler \u00bb la centrale en la rattachant au r\u00e9seau sous contr\u00f4le russe.<\/p>\n<p>Conquise par les troupes russes en mars 2022, au d\u00e9but de <a href=\"https:\/\/www.ledauphine.com\/defense-guerre-conflit\/2025\/09\/24\/la-russie-contredit-donald-trump-et-affirme-que-l-ukraine-ne-pourra-pas-regagner-du-terrain\" target=\"_blank\" rel=\"noopener\">l&rsquo;invasion \u00e0 grande \u00e9chelle de l&rsquo;Ukraine<\/a>, la centrale, situ\u00e9e \u00e0 Energodar, dans la r\u00e9gion de Zaporijjia (sud), est la plus grande d&rsquo;Europe. Ses six r\u00e9acteurs sont \u00e0 l&rsquo;arr\u00eat mais elle a besoin d&rsquo;une alimentation \u00e9lectrique ext\u00e9rieure pour continuer \u00e0 les refroidir.<\/p>\n<p>Aliment\u00e9e par des g\u00e9n\u00e9rateurs de secours<\/p>\n<p>Samedi, l&rsquo;op\u00e9rateur de la centrale contr\u00f4l\u00e9 par le groupe russe Rosatom a confirm\u00e9 que la centrale \u00e9tait priv\u00e9e d&rsquo;alimentation \u00e9lectrique externe depuis mardi et que des g\u00e9n\u00e9rateurs de secours assuraient actuellement ses besoins. Selon l&rsquo;op\u00e9rateur, il y a suffisamment de r\u00e9serves de carburant dans les g\u00e9n\u00e9rateurs pour \u00ab\u00a0un fonctionnement prolong\u00e9\u00a0\u00bb en autonomie et le refroidissement des r\u00e9acteurs est accompli \u00ab\u00a0enti\u00e8rement\u00a0\u00bb.<\/p>\n<p>Mais le ministre ukrainien Andri\u00ef Sybiga a accus\u00e9 les op\u00e9rateurs russes \u00ab\u00a0d&rsquo;ignorer toute consid\u00e9ration de s\u00e9curit\u00e9 nucl\u00e9aire\u00a0\u00bb pour \u00ab\u00a0faire plaisir \u00e0 leurs patrons \u00e0 Moscou\u00a0\u00bb. Selon le chef de la diplomatie ukrainienne, \u00ab\u00a0la Russie a construit 200 kilom\u00e8tres de lignes \u00e9lectriques en pr\u00e9paration d&rsquo;une tentative de voler la centrale, de la relier au r\u00e9seau (sous contr\u00f4le russe, NDLR) et de la relancer\u00a0\u00bb.<\/p>\n<p>\u00ab\u00a0Beaucoup trop de risques\u00a0\u00bb<\/p>\n<p>Il a accus\u00e9 Moscou \u00ab\u00a0d&rsquo;actions irresponsables\u00a0\u00bb ayant caus\u00e9 \u00ab\u00a0beaucoup trop de risques\u00a0\u00bb nucl\u00e9aires depuis le d\u00e9but de l&rsquo;invasion en 2022. \u00ab Mais la tentative russe de reconnecter la centrale pourrait \u00eatre le pire jusqu&rsquo;\u00e0 pr\u00e9sent, en posant les plus grands risques. Moscou essaye d&rsquo;engager l&rsquo;AIEA dans cette aventure et de justifier le vol \u00bb de la centrale, a-t-il d\u00e9clar\u00e9, en demandant que la centrale retourne sous contr\u00f4le ukrainien.<\/p>\n<p>Le chef de l&rsquo;Agence internationale de l&rsquo;\u00e9nergie atomique (AIEA), Rafael Grossi, a \u00e9t\u00e9 re\u00e7u vendredi au Kremlin par le pr\u00e9sident <a href=\"https:\/\/www.ledauphine.com\/p\/vladimir-poutine\" target=\"_blank\" rel=\"noopener\">Vladimir Poutine<\/a>, dans le cadre d&rsquo;une visite en Russie. \u00ab\u00a0Nous exhortons toutes les nations pr\u00e9occup\u00e9es par la s\u00fbret\u00e9 et la s\u00e9curit\u00e9 nucl\u00e9aires \u00e0 faire clairement comprendre \u00e0 Moscou que son pari nucl\u00e9aire doit cesser\u00a0\u00bb, a ajout\u00e9 Andri\u00ef Sybiga.<\/p>\n<p>Kiev a re\u00e7u un syst\u00e8me Patriot d&rsquo;Isra\u00ebl<\/p>\n<p>Pendant ce temps, la Russe a revendiqu\u00e9 ce samedi la prise de trois villages dans l\u2019est de l\u2019Ukraine, o\u00f9 <a href=\"https:\/\/www.ledauphine.com\/defense-guerre-conflit\/2025\/08\/18\/crimee-donetsk-zaporijjia-ce-qu-il-faut-savoir-des-regions-occupees-par-la-russie\" target=\"_blank\" rel=\"noopener\">les forces de Moscou ont effectu\u00e9 une perc\u00e9e<\/a>. L\u2019arm\u00e9e russe a annonc\u00e9 s\u2019\u00eatre empar\u00e9e des localit\u00e9s de Derylove et de Maiske, dans la r\u00e9gion de Donetsk, ainsi que de celle de Stepove dans la r\u00e9gion de Dnipropetrovsk.<\/p>\n<p>Les forces russes gagnent progressivement du terrain au cours de combats acharn\u00e9s dans les r\u00e9gions d\u00e9vast\u00e9es de la partie orientale de l\u2019Ukraine. Moscou a conquis environ 0,8\u00a0% de la surface totale de l\u2019Ukraine depuis le d\u00e9but de l\u2019ann\u00e9e, selon le minist\u00e8re russe de la D\u00e9fense.<\/p>\n<p>Les tentatives diplomatiques visant \u00e0 mettre un terme au conflit, d\u00e9sormais proche de sa quatri\u00e8me ann\u00e9e, se sont sold\u00e9es par un \u00e9chec. Le pr\u00e9sident am\u00e9ricain <a href=\"https:\/\/www.ledauphine.com\/p\/donald-trump\" target=\"_blank\" rel=\"noopener\">Donald Trump<\/a> a laiss\u00e9 entendre <a href=\"https:\/\/www.ledauphine.com\/defense-guerre-conflit\/2025\/09\/23\/pour-donald-trump-kiev-peut-regagner-l-integralite-de-son-territoire-face-a-la-russie\" target=\"_blank\" rel=\"noopener\">que l\u2019Ukraine pourrait parvenir \u00e0 reprendre l\u2019ensemble de son territoire<\/a> \u00e0 la Russie, laquelle a affirm\u00e9 sa d\u00e9termination \u00e0 poursuivre l\u2019offensive.<\/p>\n<p>Pour Kiev, l&rsquo;espoir pourrait venir d&rsquo;un syst\u00e8me antia\u00e9rien\u00a0: le pr\u00e9sident <a href=\"https:\/\/www.ledauphine.com\/p\/volodymyr-zelensky\" target=\"_blank\" rel=\"noopener\">Volodymyr Zelensky<\/a> a annonc\u00e9 ce samedi que l&rsquo;Ukraine avait re\u00e7u un syst\u00e8me antia\u00e9rien Patriot isra\u00e9lien. \u00ab Cela fait un mois\u00a0\u00bb que cet armement de fabrication am\u00e9ricaine, co\u00fbteux et essentiel pour repousser les attaques de missiles russes, \u00ab\u00a0fonctionne\u00a0\u00bb, a-t-il indiqu\u00e9, sans pr\u00e9ciser si Kiev l&rsquo;avait achet\u00e9 ou obtenu gratuitement.<\/p>\n","protected":false},"excerpt":{"rendered":"L&rsquo;Ukraine a accus\u00e9 ce samedi la Russie d&rsquo;avoir coup\u00e9 la centrale nucl\u00e9aire de Zaporijjia du r\u00e9seau \u00e9lectrique ukrainien&hellip;\n","protected":false},"author":2,"featured_media":421569,"comment_status":"","ping_status":"","sticky":false,"template":"","format":"standard","meta":{"footnotes":""},"categories":[1591],"tags":[11,3206,1887,107,329,12,1885,1886,132,220],"class_list":{"0":"post-421568","1":"post","2":"type-post","3":"status-publish","4":"format-standard","5":"has-post-thumbnail","7":"category-russie","8":"tag-actualites","9":"tag-defense-guerre-conflit","10":"tag-federation-de-russie","11":"tag-fil-info","12":"tag-france-monde","13":"tag-news","14":"tag-russia","15":"tag-russian-federation","16":"tag-russie","17":"tag-ukraine"},"share_on_mastodon":{"url":"https:\/\/pubeurope.com\/@fr\/115276736355965377","error":""},"_links":{"self":[{"href":"https:\/\/www.europesays.com\/fr\/wp-json\/wp\/v2\/posts\/421568","targetHints":{"allow":["GET"]}}],"collection":[{"href":"https:\/\/www.europesays.com\/fr\/wp-json\/wp\/v2\/posts"}],"about":[{"href":"https:\/\/www.europesays.com\/fr\/wp-json\/wp\/v2\/types\/post"}],"author":[{"embeddable":true,"href":"https:\/\/www.europesays.com\/fr\/wp-json\/wp\/v2\/users\/2"}],"replies":[{"embeddable":true,"href":"https:\/\/www.europesays.com\/fr\/wp-json\/wp\/v2\/comments?post=421568"}],"version-history":[{"count":0,"href":"https:\/\/www.europesays.com\/fr\/wp-json\/wp\/v2\/posts\/421568\/revisions"}],"wp:featuredmedia":[{"embeddable":true,"href":"https:\/\/www.europesays.com\/fr\/wp-json\/wp\/v2\/media\/421569"}],"wp:attachment":[{"href":"https:\/\/www.europesays.com\/fr\/wp-json\/wp\/v2\/media?parent=421568"}],"wp:term":[{"taxonomy":"category","embeddable":true,"href":"https:\/\/www.europesays.com\/fr\/wp-json\/wp\/v2\/categories?post=421568"},{"taxonomy":"post_tag","embeddable":true,"href":"https:\/\/www.europesays.com\/fr\/wp-json\/wp\/v2\/tags?post=421568"}],"curies":[{"name":"wp","href":"https:\/\/api.w.org\/{rel}","templated":true}]}}