{"id":421575,"date":"2025-09-27T14:32:30","date_gmt":"2025-09-27T14:32:30","guid":{"rendered":"https:\/\/www.europesays.com\/fr\/421575\/"},"modified":"2025-09-27T14:32:30","modified_gmt":"2025-09-27T14:32:30","slug":"la-maire-de-la-ville-allemande-appelle-a-la-solidarite","status":"publish","type":"post","link":"https:\/\/www.europesays.com\/fr\/421575\/","title":{"rendered":"La maire de la ville allemande appelle \u00e0 la solidarit\u00e9"},"content":{"rendered":"<p>Ce live est termin\u00e9<\/p>\n<p>Merci de l&rsquo;avoir suivi avec nous.<\/p>\n<p>Le pape Fran\u00e7ois a envoy\u00e9 samedi un t\u00e9l\u00e9gramme au pr\u00e9sident allemand<\/p>\n<p>Le pape Fran\u00e7ois a envoy\u00e9 samedi un t\u00e9l\u00e9gramme au pr\u00e9sident Steinmeier exprimant sa \u00ab\u00a0consternation\u00a0\u00bb. Il a exprim\u00e9 son soutien et sa compr\u00e9hension \u00ab\u00a0pour la douleur des personnes touch\u00e9es\u00a0\u00bb.<\/p>\n<p>La maire Simone Borris appelle \u00e0 la solidarit\u00e9<\/p>\n<p>La maire de Magdebourg, Simone Borris, a appel\u00e9 sa communaut\u00e9 \u00e0 rester solidaire malgr\u00e9 le choc. \u00ab\u00a0J\u2019esp\u00e8re que nous, en tant que soci\u00e9t\u00e9 urbaine, ne nous laisserons pas affecter par cela\u00a0\u00bb, a-t-elle d\u00e9clar\u00e9 \u00e0 la fin de la c\u00e9r\u00e9monie dans la cath\u00e9drale de Magdebourg. \u00ab\u00a0Que nous pleurons ensemble, que nous soutenons les victimes et les familles des victimes dans leur deuil et que la soci\u00e9t\u00e9 municipale reste solidaire\u00a0\u00bb, a-t-elle encore d\u00e9clar\u00e9. La maire a \u00e9galement remerci\u00e9 pour la sympathie que la ville avait re\u00e7ue. Elle a \u00e9galement rappel\u00e9 l\u2019aide et le d\u00e9ploiement des services d\u2019urgence, de la police et des h\u00f4pitaux. \u00ab\u00a0Vous ne pourrez probablement jamais effacer de votre m\u00e9moire ces images d\u2019hier\u00a0\u00bb, a-t-elle conclu.<\/p>\n<p>Les personnes gri\u00e8vement bless\u00e9es \u00e0 la clinique de Magdebourg sont hors de danger<\/p>\n<p>Les onze personnes gri\u00e8vement bless\u00e9es soign\u00e9es \u00e0 la clinique municipale de Magdebourg ne courent plus de danger mortel, selon un communiqu\u00e9 de presse la clinique, rapport\u00e9 par Die Zeit. 70 bless\u00e9s ont \u00e9t\u00e9 admis \u00e0 l\u2019h\u00f4pital vendredi. Ce samedi, onze autres personnes se sont rendues aux urgences. \u00ab\u00a0Certains patients ont d\u00fb subir une intervention chirurgicale d\u2019urgence, d\u2019autres se trouvent d\u00e9sormais en unit\u00e9 de soins intensifs\u00a0\u00bb, explique le Prof. J\u00f6rg Franke, directeur m\u00e9dical de la clinique, selon le communiqu\u00e9. \u00ab\u00a0La bonne nouvelle\u00a0: les onze personnes gri\u00e8vement bless\u00e9es sont d\u00e9sormais hors de danger.\u00a0\u00bb Les nombreux bless\u00e9s ont \u00e9t\u00e9 r\u00e9partis dans quinze h\u00f4pitaux diff\u00e9rents.<\/p>\n<p>Une manifestation organis\u00e9e par des mouvements d\u2019extr\u00eame droite<\/p>\n<p>Une manifestation organis\u00e9e par des mouvements d\u2019extr\u00eame droite se d\u00e9roule actuellement \u00e0 Magdebourg. Les manifestants, souvent cagoul\u00e9s, se dirigent vers le centre-ville, rapporte plusieurs journalistes allemands sur X.<\/p>\n<p class=\"mb-xxl@xs color-ultramarine font-weight-semi-bold@xs font-source-serif-pro heading-s@xs\">L\u2019acc\u00e8s \u00e0 ce contenu a \u00e9t\u00e9 bloqu\u00e9 afin de respecter votre choix de consentement<\/p>\n<p class=\"mb-m@xs text-l@xs\">En cliquant sur\u00ab J\u2019accepte \u00bb, vous acceptez le d\u00e9p\u00f4t de cookies par des services externes et aurez ainsi acc\u00e8s aux contenus de nos partenaires.<\/p>\n<p class=\"mb-xl@xs text-s@xs\">Plus d\u2019informations sur la page<a href=\"https:\/\/www.20minutes.fr\/gestion-cookies\" class=\"mx-xxs@xs color-ultramarine\" target=\"_blank\" rel=\"noopener\">Politique de gestion des cookies<\/a><\/p>\n<p>J\u2019accepteUne c\u00e9r\u00e9monie \u0153cum\u00e9nique en hommage aux victimes<\/p>\n<p>Un service \u0153cum\u00e9nique de comm\u00e9moration a commenc\u00e9 \u00e0 19\u00a0heures dans la cath\u00e9drale de Magdebourg, en pr\u00e9sence du chancelier allemand Olaf Scholz. Elle est retransmise sur des \u00e9crans install\u00e9s sur la place de la cath\u00e9drale devant un parterre comble. Le service religieux est diffus\u00e9 en direct sur la cha\u00eene allemande MDR et \u00e0 la radio sur MDR Kultur. Les cloches de toutes les \u00e9glises de Magdebourg ont retenti \u00e0 19h04, heure de l\u2019attentat qui a eu lieu ce vendredi, rapporte les m\u00e9dias allemands.<\/p>\n<p>Une minute de silence dans les stades en Allemagne<\/p>\n<p>Une minute de silence a \u00e9t\u00e9 respect\u00e9e au coup d\u2019envoi de tous les matchs de Bundesliga allemande. \u00ab\u00a0Nous observons une minute de silence en m\u00e9moire des victimes de l\u2019attentat perp\u00e9tr\u00e9 hier sur le march\u00e9 de No\u00ebl de Magdebourg. Nous pr\u00e9sentons nos sinc\u00e8res condol\u00e9ances \u00e0 tous les proches. Nous souhaitons un prompt et complet r\u00e9tablissement aux nombreux bless\u00e9s\u00a0\u00bb, \u00e9crit par exemple sur X le VfB Stuttgart.<\/p>\n<blockquote class=\"twitter-tweet\" align=\"center\" data-lang=\"fr_FR\">\n<p lang=\"de\" dir=\"ltr\">Wir gedenken der Opfer des gestrigen Anschlags auf dem Magdeburger Weihnachtsmarkt mit einer Schweigeminute. Unser tiefes Mitgef\u00fchl gilt allen Angeh\u00f6rigen. Den vielen Verletzten w\u00fcnschen wir eine rasche und vollst\u00e4ndige Genesung.<a href=\"https:\/\/twitter.com\/hashtag\/VfB?src=hash&amp;ref_src=twsrc%5Etfw\" target=\"_blank\" rel=\"noopener\">#VfB<\/a> | <a href=\"https:\/\/twitter.com\/hashtag\/Bundesliga?src=hash&amp;ref_src=twsrc%5Etfw\" target=\"_blank\" rel=\"noopener\">#Bundesliga<\/a> | <a href=\"https:\/\/twitter.com\/hashtag\/VfBFCSP?src=hash&amp;ref_src=twsrc%5Etfw\" target=\"_blank\" rel=\"noopener\">#VfBFCSP<\/a> <a href=\"https:\/\/t.co\/sEqqD7UbY6\">pic.twitter.com\/sEqqD7UbY6<\/a><\/p>\n<p>\u2014 VfB Stuttgart (@VfB) <a href=\"https:\/\/twitter.com\/VfB\/status\/1870478035981586518?ref_src=twsrc%5Etfw\" target=\"_blank\" rel=\"noopener\">December 21, 2024<\/a><\/p><\/blockquote>\n<p class=\"mb-xxl@xs color-ultramarine font-weight-semi-bold@xs font-source-serif-pro heading-s@xs\">L\u2019acc\u00e8s \u00e0 ce contenu a \u00e9t\u00e9 bloqu\u00e9 afin de respecter votre choix de consentement<\/p>\n<p class=\"mb-m@xs text-l@xs\">En cliquant sur\u00ab J\u2019accepte \u00bb, vous acceptez le d\u00e9p\u00f4t de cookies par des services externes et aurez ainsi acc\u00e8s aux contenus de nos partenaires.<\/p>\n<p class=\"mb-xl@xs text-s@xs\">Plus d\u2019informations sur la page<a href=\"https:\/\/www.20minutes.fr\/gestion-cookies\" class=\"mx-xxs@xs color-ultramarine\" target=\"_blank\" rel=\"noopener\">Politique de gestion des cookies<\/a><\/p>\n<p>J\u2019accepteJoe Biden d\u00e9nonce un acte \u00ab\u00a0abject\u00a0\u00bb<\/p>\n<p>Joe Biden a qualifi\u00e9 samedi d&rsquo;\u00ab abject et sombre \u00bb l&rsquo;attaque survenue la veille sur le march\u00e9 de No\u00ebl de Magdebourg en Allemagne, qui a fait cinq morts et 200 bless\u00e9s. \u00ab Aucune population &#8211; ni aucune famille &#8211; ne devrait endurer un tel \u00e9v\u00e8nement abject et sombre, en particulier quelques jours avant un jour de joie et de paix \u00bb, a d\u00e9clar\u00e9 le pr\u00e9sident am\u00e9ricain dans un communiqu\u00e9, adressant les \u00ab condol\u00e9ances sinc\u00e8res \u00bb des Etats-Unis \u00ab pour le peuple allemand en deuil apr\u00e8s cette terrible attaque \u00bb.<\/p>\n<p>Le suspect aurait \u00e9t\u00e9 \u00ab\u00a0m\u00e9content\u00a0\u00bb du traitement des r\u00e9fugi\u00e9s saoudiens en Allemagne<\/p>\n<p>L\u2019auteur pr\u00e9sum\u00e9 de l\u2019attaque meurtri\u00e8re \u00e0 la voiture-b\u00e9lier sur un march\u00e9 de No\u00ebl \u00e0 Magdebourg en Allemagne semble avoir \u00e9t\u00e9 \u00ab\u00a0m\u00e9content\u00a0\u00bb du traitement des r\u00e9fugi\u00e9s saoudiens dans le pays, ont indiqu\u00e9 samedi les autorit\u00e9s locales. Interrog\u00e9 sur les motivations de l\u2019auteur pr\u00e9sum\u00e9, un m\u00e9decin saoudien de 50 ans, le procureur local Horst Walter Nopens a dit que l\u2019enqu\u00eate \u00e9tait en cours, mais \u00ab\u00a0il semble que le crime pourrait avoir comme arri\u00e8re-plan un m\u00e9contentement \u00e0 l\u2019\u00e9gard de la mani\u00e8re dont les r\u00e9fugi\u00e9s d\u2019Arabie saoudite sont trait\u00e9s en Allemagne\u00a0\u00bb.<\/p>\n<p>En substance, il reprochait aux autorit\u00e9s allemandes de ne pas assez prot\u00e9ger les Saoudiens fuyant leur pays pour des raisons religieuses ou politiques, et de se montrer \u00e0 l\u2019inverse g\u00e9n\u00e9reuses \u00e0 l\u2019\u00e9gard de r\u00e9fugi\u00e9s musulmans venus du Moyen-Orient. En ao\u00fbt dernier, il \u00e9crivait sur son compte X\u00a0: \u00ab\u00a0Existe-t-il une voie vers la justice en Allemagne sans faire exploser une ambassade allemande ou \u00e9gorger au hasard des citoyens allemands\u00a0? Je cherche cette voie pacifique depuis janvier\u00a02019 et je ne l\u2019ai pas trouv\u00e9e\u00a0\u00bb.<\/p>\n<p>A Vienne, la police autrichienne renforce sa pr\u00e9sence sur le march\u00e9 de No\u00ebl<\/p>\n<p>La police viennoise a renforc\u00e9 samedi sa pr\u00e9sence sur les march\u00e9s de No\u00ebl de la capitale autrichienne, au lendemain de l&rsquo;attentat meurtrier \u00e0 la voiture b\u00e9lier qui a fait cinq morts et plus de 200 bless\u00e9s en Allemagne.<\/p>\n<p>\u00ab En raison de l&rsquo;incident survenu \u00e0 Magdebourg, qui n&rsquo;est en aucun cas li\u00e9 \u00e0 l&rsquo;Autriche, la d\u00e9cision a \u00e9t\u00e9 prise d&rsquo;intensifier la pr\u00e9sence polici\u00e8re \u00e0 Vienne, en se concentrant sur les march\u00e9s de No\u00ebl de la ville \u00e0 partir de samedi \u00bb, a d\u00e9clar\u00e9 David Pawlik, porte-parole de la police. Il a ajout\u00e9 qu&rsquo;il n&rsquo;y avait \u00ab aucune menace sp\u00e9cifique \u00bb \u00e0 Vienne, ajoutant que les autorit\u00e9s autrichiennes \u00e9taient en contact \u00e9troit avec leurs homologues en Allemagne.<\/p>\n<p>Le maire adjoint nie tout manquement \u00e0 la s\u00e9curit\u00e9<\/p>\n<p> \u00abIl n&rsquo;y a pas de bloc de b\u00e9ton \u00e0 la jonction avec la zone pi\u00e9tonne afin de laisser passer les camions de pompiers et les ambulances en cas de besoin \u00bb, clarifie-t-il face aux journalistes, qualifiant la voie d&rsquo;acc\u00e8s pompiers \u00ab in\u00e9vitable \u00bb pour la s\u00e9curit\u00e9 et l&rsquo;\u00e9vacuation du march\u00e9 du No\u00ebl.<\/p>\n<p>Le suspect a conduit lentement avant d&rsquo;arriver \u00e0 cette jonction, insiste le commissaire divisionnaire, et c&rsquo;est en tournant \u00ab que la vitesse augmente consid\u00e9rablement \u00bb.<\/p>\n<p>Le suspect n&rsquo;avait \u00ab\u00a0pas d&rsquo;ant\u00e9c\u00e9dents judiciaires en Allemagne\u00a0\u00bb<\/p>\n<p>Interrog\u00e9 sur le possible casier judiciaire du suspect, le procureur de Magdebourg a indiqu\u00e9 que la police n&rsquo;avait \u00ab pas connaissance d&rsquo;ant\u00e9c\u00e9dents judiciaires en Allemagne \u00bb.<\/p>\n<p>\u00ab\u00a0Il n&rsquo;y a qu&rsquo;un seul auteur, nous excluons toute complicit\u00e9\u00a0\u00bb<\/p>\n<p>Le commissaire divisionnaire et le procureur ont tous deux insist\u00e9 sur le caract\u00e8re \u00ab solitaire \u00bb du suspect. \u00ab Nous excluons toute complicit\u00e9. \u00bb Les motivations sont toujours floues.<\/p>\n<p>Le commissaire pr\u00e9cise le parcours de l&rsquo;attaque<\/p>\n<p> \u00abA 19h02, le directeur de la police de Magdebourg a recu le premier appel d&rsquo;alarme, qui a \u00e9t\u00e9 d\u00e9lcench\u00e9 par une personne qui pensait assister \u00e0 un accident. puis nous avons recu des dizaines d&rsquo;appels de personnes nous confirmant qu&rsquo;on se trouvait face \u00e0 un attentat \u00bb, indique le commissaire divisionnaire de Magdebourg.<\/p>\n<p>\u00ab Il a utilis\u00e9 les voies d&rsquo;acc\u00e8s pompiers en direction du march\u00e9 en roulant doucement, puis il a commenc\u00e9 \u00e0 acc\u00e9lerer sur cette voie, blessant d\u00e9j\u00e0 plusieurs personnes jusqu&rsquo;\u00e0 son arriv\u00e9e sur la place du vieux march\u00e9. Il a tourn\u00e9 \u00e0 droite vers la mairie, \u00e0 ce stade il fait une courbe puis fonce pour atteindre sa vitesse maximale. Il a de nouvau fait une boucle en utlisant la voie d&rsquo;acc\u00e8s pompiers pour faire demi-tour avant de se diriger vers la gare centrale, o\u00f9 il a gar\u00e9 son v\u00e9hicule. Les coll\u00e8gues pr\u00e9sents ont alors pu l&rsquo;interpeller. On parle d&rsquo;un espace-temps de 3 minutes. L&rsquo;interpellation a eu lieu \u00e0 19h05. \u00bb<\/p>\n<p>Le dispositif de s\u00e9curit\u00e9 avait \u00e9t\u00e9 renforc\u00e9<\/p>\n<p> \u00abNous sommes extr\u00eamement touch\u00e9s, nous sommes d\u00e9truits par ce qu&rsquo;il s&rsquo;est pass\u00e9. Le dispositif de s\u00e9curit\u00e9 avait \u00e9t\u00e9 renforc\u00e9 en novembre suite \u00e0 l&rsquo;attaque au couteau de Solingen. \u00bb<\/p>\n<p>\u00ab\u00a0Le bilan pourrait s&rsquo;alourdir\u00a0\u00bb<\/p>\n<p> \u00abIl y a 205 victimes dont 5 personnes bless\u00e9es, et un nombre fluctuant de personnes bless\u00e9es gravement. Donc le bilan pourrait s&rsquo;alourdir \u00bb, indique l&rsquo;adjoint au maire de Magdebourg.<\/p>\n<p>Le suspect se d\u00e9clarait \u00ab\u00a0ath\u00e9e\u00a0\u00bb<\/p>\n<p>L\u2019homme est issu d\u2019une famille chiite de la ville de Hofouf, dans la province majoritairement chiite d\u2019al-Ahsa, dans l\u2019est du royaume saoudien. Il est arriv\u00e9 en Allemagne en\u00a02006 et a obtenu le statut de r\u00e9fugi\u00e9 en\u00a02016, selon les m\u00e9dias allemands et un militant saoudien.<\/p>\n<p>Dans un entretien au m\u00e9dia allemand Frankfurter Rundschau il y a quelques ann\u00e9es, il affirmait avoir \u00e9t\u00e9 \u00ab\u00a0menac\u00e9 de mort pour apostasie de l\u2019islam\u00a0\u00bb, un argument souvent invoqu\u00e9 par plusieurs demandeurs d\u2019asile en Europe. En\u00a02022, dans un entretien avec l\u2019AFP, il s\u2019\u00e9tait pr\u00e9sent\u00e9 comme \u00ab\u00a0un Saoudien ath\u00e9e\u00a0\u00bb, affirmant que les \u00ab\u00a0jeunes saoudiens, en particulier les femmes, ne fuient pas seulement le r\u00e9gime saoudien, ils fuient aussi l\u2019islam\u00a0\u00bb. \u00ab\u00a0L\u2019\u00e9ducation islamique rigoureuse est la cause de tous les probl\u00e8mes des musulmans, en particulier des femmes\u00a0\u00bb, selon lui.<\/p>\n<p>Le compte X du suspect suspendu<\/p>\n<p>Le r\u00e9seau social X a suspendu le compte du suspect de l\u2019attentat de Magdebourg. Cela n\u2019emp\u00eache pas de nombreuses captures d\u2019\u00e9cran de ses publications de circuler, dans lesquelles il accuse notamment l\u2019Allemagne d\u2019\u00eatre responsable d\u2019une extension massive de l\u2019islam en Europe.<\/p>\n<p class=\"mb-xxl@xs color-ultramarine font-weight-semi-bold@xs font-source-serif-pro heading-s@xs\">L\u2019acc\u00e8s \u00e0 ce contenu a \u00e9t\u00e9 bloqu\u00e9 afin de respecter votre choix de consentement<\/p>\n<p class=\"mb-m@xs text-l@xs\">En cliquant sur\u00ab J\u2019accepte \u00bb, vous acceptez le d\u00e9p\u00f4t de cookies par des services externes et aurez ainsi acc\u00e8s aux contenus de nos partenaires.<\/p>\n<p class=\"mb-xl@xs text-s@xs\">Plus d\u2019informations sur la page<a href=\"https:\/\/www.20minutes.fr\/gestion-cookies\" class=\"mx-xxs@xs color-ultramarine\" target=\"_blank\" rel=\"noopener\">Politique de gestion des cookies<\/a><\/p>\n<p>J\u2019accepte<script async src=\"https:\/\/platform.twitter.com\/widgets.js\" charset=\"utf-8\"><\/script><\/p>\n","protected":false},"excerpt":{"rendered":"Ce live est termin\u00e9 Merci de l&rsquo;avoir suivi avec nous. Le pape Fran\u00e7ois a envoy\u00e9 samedi un t\u00e9l\u00e9gramme&hellip;\n","protected":false},"author":2,"featured_media":421576,"comment_status":"","ping_status":"","sticky":false,"template":"","format":"standard","meta":{"footnotes":""},"categories":[1587],"tags":[47,11,672,5581,1804,1805,1803,1777,674,118,1801,36053,74,12,15830,1802],"class_list":{"0":"post-421575","1":"post","2":"type-post","3":"status-publish","4":"format-standard","5":"has-post-thumbnail","7":"category-allemagne","8":"tag-actualite","9":"tag-actualites","10":"tag-allemagne","11":"tag-attentat","12":"tag-bundesrepublik-deutschland","13":"tag-de","14":"tag-deutschland","15":"tag-eu","16":"tag-europe","17":"tag-faits-divers","18":"tag-germany","19":"tag-marche-de-noel","20":"tag-monde","21":"tag-news","22":"tag-noel","23":"tag-republique-federale-dallemagne"},"share_on_mastodon":{"url":"https:\/\/pubeurope.com\/@fr\/115276752087181946","error":""},"_links":{"self":[{"href":"https:\/\/www.europesays.com\/fr\/wp-json\/wp\/v2\/posts\/421575","targetHints":{"allow":["GET"]}}],"collection":[{"href":"https:\/\/www.europesays.com\/fr\/wp-json\/wp\/v2\/posts"}],"about":[{"href":"https:\/\/www.europesays.com\/fr\/wp-json\/wp\/v2\/types\/post"}],"author":[{"embeddable":true,"href":"https:\/\/www.europesays.com\/fr\/wp-json\/wp\/v2\/users\/2"}],"replies":[{"embeddable":true,"href":"https:\/\/www.europesays.com\/fr\/wp-json\/wp\/v2\/comments?post=421575"}],"version-history":[{"count":0,"href":"https:\/\/www.europesays.com\/fr\/wp-json\/wp\/v2\/posts\/421575\/revisions"}],"wp:featuredmedia":[{"embeddable":true,"href":"https:\/\/www.europesays.com\/fr\/wp-json\/wp\/v2\/media\/421576"}],"wp:attachment":[{"href":"https:\/\/www.europesays.com\/fr\/wp-json\/wp\/v2\/media?parent=421575"}],"wp:term":[{"taxonomy":"category","embeddable":true,"href":"https:\/\/www.europesays.com\/fr\/wp-json\/wp\/v2\/categories?post=421575"},{"taxonomy":"post_tag","embeddable":true,"href":"https:\/\/www.europesays.com\/fr\/wp-json\/wp\/v2\/tags?post=421575"}],"curies":[{"name":"wp","href":"https:\/\/api.w.org\/{rel}","templated":true}]}}