{"id":421594,"date":"2025-09-27T14:44:13","date_gmt":"2025-09-27T14:44:13","guid":{"rendered":"https:\/\/www.europesays.com\/fr\/421594\/"},"modified":"2025-09-27T14:44:13","modified_gmt":"2025-09-27T14:44:13","slug":"notre-rythme-est-tres-lent","status":"publish","type":"post","link":"https:\/\/www.europesays.com\/fr\/421594\/","title":{"rendered":"Notre rythme est tr\u00e8s lent"},"content":{"rendered":"<p>C&rsquo;est une nouvelle fois un <a href=\"https:\/\/fr.motorsport.com\/driver\/fabio-quartararo\/109400\/\" target=\"_blank\" rel=\"noopener nofollow\">Fabio Quartararo<\/a> d\u00e9sabus\u00e9 qui s&rsquo;est pr\u00e9sent\u00e9 \u00e0 la presse apr\u00e8s la course sprint \u00e0 Motegi. Clairement lass\u00e9 d&rsquo;\u00eatre \u00e0 nouveau confront\u00e9 aux limites de sa Yamaha en rythme de course, le Fran\u00e7ais s&rsquo;est content\u00e9 de r\u00e9ponses br\u00e8ves trahissant son impuissance.<\/p>\n<p>En qualifications, Quartararo a encore une fois r\u00e9alis\u00e9 une belle performance en prenant la cinqui\u00e8me place, quand les autres pilotes Yamaha \u00e9taient r\u00e9unis entre la 14e et la 19e position. Lors du sprint, il a \u00e9t\u00e9 doubl\u00e9 par <a href=\"https:\/\/fr.motorsport.com\/driver\/franco-morbidelli\/109417\/\" target=\"_blank\" rel=\"noopener nofollow\">Franco Morbidelli<\/a> et a vu le top 5 s&rsquo;\u00e9chapper inexorablement, devant surtout contenir la meute derri\u00e8re lui, emmen\u00e9e par <a href=\"https:\/\/fr.motorsport.com\/driver\/luca-marini\/201098\/\" target=\"_blank\" rel=\"noopener nofollow\">Luca Marini<\/a>.<\/p>\n<p>\u00ab\u00a0Je ne peux pas attaquer, je dois me d\u00e9fendre\u00a0\u00bb, a r\u00e9sum\u00e9 Quartararo devant la presse internationale, dont <strong>Motorsport.com<\/strong>, apr\u00e8s cette sixi\u00e8me place. \u00ab\u00a0Une course assez difficile, je n&rsquo;avais aucune chance d&rsquo;\u00eatre plus rapide. J&rsquo;ai attaqu\u00e9 au maximum. Faire quelques tours en 1&rsquo;44 en d\u00e9but de course, c&rsquo;est assez rapide pour nous, mais on sait clairement que notre rythme n&rsquo;est pas suffisant pour se battre avec les leaders.\u00a0\u00bb<\/p>\n<p>\u00ab\u00a0Je sais que je freine fort et que Luca avait beaucoup plus de rythme que moi mais d\u00e9sol\u00e9, je dois d\u00e9fendre ma position !\u00a0\u00bb, a ajout\u00e9 Quartararo. \u00ab\u00a0J&rsquo;ai \u00e9t\u00e9 assez bon. Mais on aura plus de mal demain en course longue.\u00a0\u00bb<\/p>\n<p>   <img decoding=\"async\" draggable=\"false\" src=\"https:\/\/www.europesays.com\/fr\/wp-content\/uploads\/2025\/09\/1758984253_242_fabio-quartararo-yamaha-factor.jpg\" alt=\"Fabio Quartararo, Yamaha Factory Racing\" width=\"1200\" height=\"800\" loading=\"lazy\"\/> <\/p>\n<p class=\"title\">Fabio Quartararo<\/p>\n<p class=\"photographer\">Photo de: Gold and Goose Photography \/ LAT Images \/ via Getty Images<\/p>\n<p>Au micro de Canal +, Quartararo n&rsquo;a pu qu&rsquo;exprimer sa frustration. \u00ab\u00a0Je n&rsquo;ai pas d\u00e9marr\u00e9 lentement, c&rsquo;est juste qu&rsquo;on est lents\u00a0!\u00a0\u00bb, a-t-il indiqu\u00e9 pour expliquer l&rsquo;\u00e9cart qui s&rsquo;est vite creus\u00e9 avec les leaders. \u00ab\u00a0On voit \u00e0 quel point notre moto est en difficult\u00e9. On voit aussi les autres Yamaha [distanc\u00e9es]. Rien \u00e0 ajouter sur la course d&rsquo;aujourd&rsquo;hui.\u00a0\u00bb<\/p>\n<p>\u00ab\u00a0La conclusion, c&rsquo;est qu&rsquo;on reste tr\u00e8s, tr\u00e8s loin\u00a0\u00bb, a insist\u00e9 Quartararo de fa\u00e7on tout aussi laconique, cette fois aupr\u00e8s du site officiel du MotoGP. \u00ab\u00a0J&rsquo;ai fait de mon mieux, je n&rsquo;ai fait aucune erreur mais on voit que notre rythme est tr\u00e8s lent par rapport \u00e0 tous les autres. J&rsquo;essaye de faire de mon mieux et d&rsquo;am\u00e9liorer mon pilotage pour \u00eatre un meilleur pilote.\u00a0\u00bb<\/p>\n<p>Quartararo n&rsquo;esp\u00e8re aucun progr\u00e8s pour la course de dimanche, qui devrait selon lui encore plus exposer les difficult\u00e9s de la Yamaha\u00a0: \u00ab\u00a0Je ne pense pas qu&rsquo;on aura de meilleurs r\u00e9sultats parce que ce sera encore plus difficile en course longue.\u00a0\u00bb<\/p>\n<p>\u00ab\u00a0Je vais l&rsquo;aborder de la m\u00eame fa\u00e7on\u00a0: essayer de ne pas br\u00fbler les pneus\u00a0\u00bb, a-t-il pr\u00e9cis\u00e9. \u00ab\u00a0On sait que la course est beaucoup plus longue. Je vais essayer de faire la meilleure course possible. Rien de sp\u00e9cial.\u00a0\u00bb<\/p>\n<p style=\"text-align: right;\">Avec L\u00e9na Buffa<\/p>\n<p>Lire aussi :<\/p>\n","protected":false},"excerpt":{"rendered":"C&rsquo;est une nouvelle fois un Fabio Quartararo d\u00e9sabus\u00e9 qui s&rsquo;est pr\u00e9sent\u00e9 \u00e0 la presse apr\u00e8s la course sprint&hellip;\n","protected":false},"author":2,"featured_media":421595,"comment_status":"","ping_status":"","sticky":false,"template":"","format":"standard","meta":{"footnotes":""},"categories":[1413],"tags":[1680,1011,27,1581,1457,1456,1458,60,51359,55087,3796],"class_list":{"0":"post-421594","1":"post","2":"type-post","3":"status-publish","4":"format-standard","5":"has-post-thumbnail","7":"category-moto","8":"tag-fabio-quartararo","9":"tag-fr","10":"tag-france","11":"tag-gp-du-japon","12":"tag-moto","13":"tag-motocycle","14":"tag-motogp","15":"tag-sports","16":"tag-twin-ring-motegi","17":"tag-un-sprint-frustrant-pour-quartararou00a0-notre-rythme-est-tru00e8s-lent","18":"tag-yamaha-factory-racing"},"share_on_mastodon":{"url":"https:\/\/pubeurope.com\/@fr\/115276799841950266","error":""},"_links":{"self":[{"href":"https:\/\/www.europesays.com\/fr\/wp-json\/wp\/v2\/posts\/421594","targetHints":{"allow":["GET"]}}],"collection":[{"href":"https:\/\/www.europesays.com\/fr\/wp-json\/wp\/v2\/posts"}],"about":[{"href":"https:\/\/www.europesays.com\/fr\/wp-json\/wp\/v2\/types\/post"}],"author":[{"embeddable":true,"href":"https:\/\/www.europesays.com\/fr\/wp-json\/wp\/v2\/users\/2"}],"replies":[{"embeddable":true,"href":"https:\/\/www.europesays.com\/fr\/wp-json\/wp\/v2\/comments?post=421594"}],"version-history":[{"count":0,"href":"https:\/\/www.europesays.com\/fr\/wp-json\/wp\/v2\/posts\/421594\/revisions"}],"wp:featuredmedia":[{"embeddable":true,"href":"https:\/\/www.europesays.com\/fr\/wp-json\/wp\/v2\/media\/421595"}],"wp:attachment":[{"href":"https:\/\/www.europesays.com\/fr\/wp-json\/wp\/v2\/media?parent=421594"}],"wp:term":[{"taxonomy":"category","embeddable":true,"href":"https:\/\/www.europesays.com\/fr\/wp-json\/wp\/v2\/categories?post=421594"},{"taxonomy":"post_tag","embeddable":true,"href":"https:\/\/www.europesays.com\/fr\/wp-json\/wp\/v2\/tags?post=421594"}],"curies":[{"name":"wp","href":"https:\/\/api.w.org\/{rel}","templated":true}]}}