{"id":421596,"date":"2025-09-27T14:45:14","date_gmt":"2025-09-27T14:45:14","guid":{"rendered":"https:\/\/www.europesays.com\/fr\/421596\/"},"modified":"2025-09-27T14:45:14","modified_gmt":"2025-09-27T14:45:14","slug":"a-quoi-ressemble-la-grille-de-formule-3-pour-2026","status":"publish","type":"post","link":"https:\/\/www.europesays.com\/fr\/421596\/","title":{"rendered":"\u00c0 quoi ressemble la grille de Formule 3 pour 2026 ?"},"content":{"rendered":"<p>La saison de <a href=\"https:\/\/www.autohebdo.fr\/actualites\/monoplace\/formule-3\" data-internallinksmanager029f6b8e52c=\"62\" title=\"Formule 3\" target=\"_blank\" rel=\"noopener\">Formule 3<\/a> s\u2019est achev\u00e9e d\u00e9but septembre \u00e0 Monza sur le titre de Rafael C\u00e2mara, qui succ\u00e8de \u00e0 Leonardo Fornaroli chez les pilotes, et celui de Campos chez les \u00e9quipes. Le Br\u00e9silien fera ses d\u00e9buts en <a href=\"https:\/\/www.autohebdo.fr\/actualites\/monoplace\/formule-2\" data-internallinksmanager029f6b8e52c=\"14\" title=\"Formule 2\" target=\"_blank\" rel=\"noopener\">Formule 2<\/a> la saison prochaine, comme certains de ses acolytes, tandis que d\u2019autres resteront en Formule 3.\u00a0<\/p>\n<p>Par ailleursIl, certains vont monter depuis les cat\u00e9gories inf\u00e9rieures, notamment la FRECA, dont les co-leaders Matteo de Palo et Freddie Slater feront \u00e9quipe chez Trident avec Noah Stromsted. L\u2019\u00e9quipe italienne s\u2019est impos\u00e9e comme une r\u00e9f\u00e9rence en F3, remportant les trois derniers titres pilotes gr\u00e2ce \u00e0 Gabriel Bortoleto, Leonardo Fornaroli et Rafael C\u00e2mara.\u00a0<\/p>\n<p>\ufeff<br \/>Du c\u00f4t\u00e9 des Fran\u00e7ais, ils seront au moins deux sur la grille. Alessandro Giusti, soutenu par <a href=\"https:\/\/www.autohebdo.fr\/actualites\/ecurie\/williams-f1\" data-internallinksmanager029f6b8e52c=\"83\" title=\"Ecurie Williams F1 Team\" target=\"_blank\" rel=\"noopener\">Williams<\/a>, rempile pour une deuxi\u00e8me ann\u00e9e avec MP Motorsport. Il sera notamment accompagn\u00e9 de Brando Badoer, le fils de Luca, auteur d\u2019un passage \u00e9ph\u00e9m\u00e8re en <a href=\"https:\/\/www.autohebdo.fr\/actualites\/f1\" data-internallinksmanager029f6b8e52c=\"1\" title=\"F1\" target=\"_blank\" rel=\"noopener\">Formule 1<\/a> en 2009 en remplacement de Felipe Massa, bless\u00e9, apr\u00e8s avoir disput\u00e9 la majeure partie de sa carri\u00e8re dans les ann\u00e9es 1990.<\/p>\n<p>Pour le reste, Van Amersfoort Racing (VAR) a \u00e9galement lev\u00e9 le voile sur une partie de son trio de pilotes en confirmant les arriv\u00e9es du Japonais Hiyu Yamakoshi et du Mexicain Jesse Carrasquedo. Brad Benavides, auteur de la pole position \u00e0 Monza, poursuit pour une seconde saison chez AIX Racing.\u00a0<\/p>\n<p>L\u2019Am\u00e9ricain de 24 ans a un profil particulier : apr\u00e8s une saison en Formule 2 chez PHM en 2023 (22e), il est redescendu en Formule 3, o\u00f9 il avait d\u00e9but\u00e9 avec Carlin en 2022 (23e). Seulement 19e du classement cette ann\u00e9e, il tentera de faire mieux en 2026.\u00a0<\/p>\n<p><b>Formule 3<br \/><\/b><b>\u00c0 quoi ressemble la grille 2026 ?<\/b><\/p>\n<p><b>Campos : \ud83c\uddeb\ud83c\uddf7\u200b\u200b <\/b>Th\u00e9ophile Na\u00ebl \/ \u00c0 confirmer \/\u00a0 \u00c0 confirmer<br \/><b>Trident : \ud83c\udde9\ud83c\uddf0 <\/b>Noah Stromsted \/ Matteo de Palo \/ \u00c0 confirmer<br \/><b>MP Motorsport : \ud83c\uddeb\ud83c\uddf7\u200b\u200b <\/b>Alessandro Giusti \/ \u00c0 confirmer \/\u00a0 \u00c0 confirmer<br \/><b>ART GP :\u00a0 <\/b>\u00c0 confirmer \/\u00a0 \u00c0 confirmer \/\u00a0 \u00c0 confirmer<br \/><b>VAR : \ud83c\uddef\ud83c\uddf5\u200b <\/b>Hiyu Yamakoshi \/ \ud83c\uddf2\ud83c\uddfd\u200b\u200b Jesse Carrasquedo \/ \u00a0\u00c0 confirmer<br \/><b>Rodin : \ud83c\uddee\ud83c\uddf9 <\/b>Brando Badoer \/ \u00c0 confirmer \/\u00a0 \u00c0 confirmer<br \/><b>Prema :\u00a0<\/b> \u00c0 confirmer \/\u00a0 \u00c0 confirmer \/\u00a0 \u00c0 confirmer<br \/><b>Hitech :\u00a0 <\/b>\u00c0 confirmer \/\u00a0 \u00c0 confirmer \/\u00a0 \u00c0 confirmer<br \/><b>AIX Racing : \ud83c\uddfa\ud83c\uddf8\u200b <\/b>Brad Benavides \/ \u00c0 confirmer \/\u00a0 \u00c0 confirmer<br \/><b>DAMS :\u00a0<\/b> \u00c0 confirmer \/\u00a0 \u00c0 confirmer \/\u00a0 \u00c0 confirmer<\/p>\n","protected":false},"excerpt":{"rendered":"La saison de Formule 3 s\u2019est achev\u00e9e d\u00e9but septembre \u00e0 Monza sur le titre de Rafael C\u00e2mara, qui&hellip;\n","protected":false},"author":2,"featured_media":421597,"comment_status":"","ping_status":"","sticky":false,"template":"","format":"standard","meta":{"footnotes":""},"categories":[1412],"tags":[1451,1452,1453,1454,1455,1011,27,60],"class_list":{"0":"post-421596","1":"post","2":"type-post","3":"status-publish","4":"format-standard","5":"has-post-thumbnail","7":"category-f1","8":"tag-f1","9":"tag-formula-1","10":"tag-formula1","11":"tag-formule-1","12":"tag-formule1","13":"tag-fr","14":"tag-france","15":"tag-sports"},"share_on_mastodon":{"url":"https:\/\/pubeurope.com\/@fr\/115276803178804044","error":""},"_links":{"self":[{"href":"https:\/\/www.europesays.com\/fr\/wp-json\/wp\/v2\/posts\/421596","targetHints":{"allow":["GET"]}}],"collection":[{"href":"https:\/\/www.europesays.com\/fr\/wp-json\/wp\/v2\/posts"}],"about":[{"href":"https:\/\/www.europesays.com\/fr\/wp-json\/wp\/v2\/types\/post"}],"author":[{"embeddable":true,"href":"https:\/\/www.europesays.com\/fr\/wp-json\/wp\/v2\/users\/2"}],"replies":[{"embeddable":true,"href":"https:\/\/www.europesays.com\/fr\/wp-json\/wp\/v2\/comments?post=421596"}],"version-history":[{"count":0,"href":"https:\/\/www.europesays.com\/fr\/wp-json\/wp\/v2\/posts\/421596\/revisions"}],"wp:featuredmedia":[{"embeddable":true,"href":"https:\/\/www.europesays.com\/fr\/wp-json\/wp\/v2\/media\/421597"}],"wp:attachment":[{"href":"https:\/\/www.europesays.com\/fr\/wp-json\/wp\/v2\/media?parent=421596"}],"wp:term":[{"taxonomy":"category","embeddable":true,"href":"https:\/\/www.europesays.com\/fr\/wp-json\/wp\/v2\/categories?post=421596"},{"taxonomy":"post_tag","embeddable":true,"href":"https:\/\/www.europesays.com\/fr\/wp-json\/wp\/v2\/tags?post=421596"}],"curies":[{"name":"wp","href":"https:\/\/api.w.org\/{rel}","templated":true}]}}