{"id":421598,"date":"2025-09-27T14:46:13","date_gmt":"2025-09-27T14:46:13","guid":{"rendered":"https:\/\/www.europesays.com\/fr\/421598\/"},"modified":"2025-09-27T14:46:13","modified_gmt":"2025-09-27T14:46:13","slug":"ferrand-prevot-pas-dans-le-bon-groupe-suivez-le-final-de-la-course-en-ligne-feminine","status":"publish","type":"post","link":"https:\/\/www.europesays.com\/fr\/421598\/","title":{"rendered":"Ferrand-Pr\u00e9vot pas dans le bon groupe, suivez le final de la course en ligne f\u00e9minine"},"content":{"rendered":"<p>Qui succ\u00e8dera \u00e0 Lotte Kopecky ? La course en ligne f\u00e9minine des championnats du monde de cyclisme se tient ce samedi (12h05) au Rwanda.<\/p>\n<p>Sur un parcours exigeant (164,6 km, 3350m D+) taill\u00e9 pour les puncheuses et les grimpeuses autour de Kigali, la Fran\u00e7aise Pauline Ferrand-Pr\u00e9vot se place parmi les favorites.\u00a0<\/p>\n<p>C\u00e9drine Kerbaol,\u00a0Juliette Labous,\u00a0Ma\u00ebva Squiban,\u00a0L\u00e9a Curinier,\u00a0Marie Le Net\u00a0et\u00a0\u00c9vita Muzic l&rsquo;\u00e9paulent dans la qu\u00eate d&rsquo;un deuxi\u00e8me maillot arc-en-ciel, onze an apr\u00e8s avoir lev\u00e9 les bras sur les championnats du monde 2014.<\/p>\n<p><strong>Suivez la course en direct\u00a0:<\/strong><\/p>\n","protected":false},"excerpt":{"rendered":"Qui succ\u00e8dera \u00e0 Lotte Kopecky ? La course en ligne f\u00e9minine des championnats du monde de cyclisme se&hellip;\n","protected":false},"author":2,"featured_media":421599,"comment_status":"","ping_status":"","sticky":false,"template":"","format":"standard","meta":{"footnotes":""},"categories":[1411],"tags":[1154,207,3545,107,1701,1011,27,329,517,1947,60],"class_list":{"0":"post-421598","1":"post","2":"type-post","3":"status-publish","4":"format-standard","5":"has-post-thumbnail","7":"category-cyclisme","8":"tag-cycling","9":"tag-cyclisme","10":"tag-direct-sport","11":"tag-fil-info","12":"tag-fil-info-sport","13":"tag-fr","14":"tag-france","15":"tag-france-monde","16":"tag-sport","17":"tag-sport-national","18":"tag-sports"},"share_on_mastodon":{"url":"https:\/\/pubeurope.com\/@fr\/115276807187587928","error":""},"_links":{"self":[{"href":"https:\/\/www.europesays.com\/fr\/wp-json\/wp\/v2\/posts\/421598","targetHints":{"allow":["GET"]}}],"collection":[{"href":"https:\/\/www.europesays.com\/fr\/wp-json\/wp\/v2\/posts"}],"about":[{"href":"https:\/\/www.europesays.com\/fr\/wp-json\/wp\/v2\/types\/post"}],"author":[{"embeddable":true,"href":"https:\/\/www.europesays.com\/fr\/wp-json\/wp\/v2\/users\/2"}],"replies":[{"embeddable":true,"href":"https:\/\/www.europesays.com\/fr\/wp-json\/wp\/v2\/comments?post=421598"}],"version-history":[{"count":0,"href":"https:\/\/www.europesays.com\/fr\/wp-json\/wp\/v2\/posts\/421598\/revisions"}],"wp:featuredmedia":[{"embeddable":true,"href":"https:\/\/www.europesays.com\/fr\/wp-json\/wp\/v2\/media\/421599"}],"wp:attachment":[{"href":"https:\/\/www.europesays.com\/fr\/wp-json\/wp\/v2\/media?parent=421598"}],"wp:term":[{"taxonomy":"category","embeddable":true,"href":"https:\/\/www.europesays.com\/fr\/wp-json\/wp\/v2\/categories?post=421598"},{"taxonomy":"post_tag","embeddable":true,"href":"https:\/\/www.europesays.com\/fr\/wp-json\/wp\/v2\/tags?post=421598"}],"curies":[{"name":"wp","href":"https:\/\/api.w.org\/{rel}","templated":true}]}}