{"id":421602,"date":"2025-09-27T14:48:10","date_gmt":"2025-09-27T14:48:10","guid":{"rendered":"https:\/\/www.europesays.com\/fr\/421602\/"},"modified":"2025-09-27T14:48:10","modified_gmt":"2025-09-27T14:48:10","slug":"yann-barthes-etrangement-pru","status":"publish","type":"post","link":"https:\/\/www.europesays.com\/fr\/421602\/","title":{"rendered":"Yann Barth\u00e8s \u00e9trangement pru &#8230;"},"content":{"rendered":"<p>EN BREF<\/p>\n<ul class=\"bloc_resume_post_list\">\n<li>Le 16 septembre, Mediapart a publi\u00e9 une enqu\u00eate sur Anne<br \/>\nHidalgo, maire de Paris, concernant un manque de transparence sur<br \/>\nses notes de frais.<\/li>\n<li>Selon Marc Beaug\u00e9, les tickets de caisse indiquent qu\u00a0\u00bbon<br \/>\nfaisait des achats au nom de l&rsquo;\u00e9dile \u00e0 l&rsquo;heure o\u00f9 elle aurait d\u00fb<br \/>\n\u00eatre au conseil municipal.<\/li>\n<li>Yann Barth\u00e8s rappelle que rien ne certifie qu&rsquo;Anne<br \/>\nHidalgo se trouvait physiquement dans la boutique lors de<br \/>\nl&rsquo;achat.<\/li>\n<\/ul>\n<p class=\"p1\">\u00ab\u00a0Notes de frais\u00a0: <a href=\"https:\/\/www.telestar.fr\/people\/ah-non-non-non-marre-detre-confondue-avec-anne-hidalgo-une-star-de-la-tele-peste-contre-jordan-de-luxe-1686178\" target=\"_blank\" rel=\"noopener\"><br \/>\nAnne Hidalgo<\/a> toujours f\u00e2ch\u00e9e avec la transparence\u00a0\u00bb.<br \/>\nL&rsquo;enqu\u00eate fracassante publi\u00e9e par Mediapart le 16<br \/>\nseptembre dernier pointe les manquements de <a href=\"https:\/\/www.telestar.fr\/people\/anne-hidalgo-preparation-enregistrement-la-maire-de-paris-devoile-les-coulisses-d-au-tableau-329116\" target=\"_blank\" rel=\"noopener\"><br \/>\nla maire de Paris<\/a> \u00e0 l&rsquo;\u00e9gard de <strong>la transparence des \u00e9lus<br \/>\nde la R\u00e9publique<\/strong>. L&rsquo;\u00e9dile aurait refus\u00e9 \u00e0 plusieurs<br \/>\nreprises de communiquer les notes de frais et de d\u00e9placement<br \/>\nengag\u00e9s par la maire de Paris.<\/p>\n<p class=\"p1\">Consult\u00e9s par nos confr\u00e8res, les documents en<br \/>\nquestion chiffrent \u00e0 <strong>84\u00a0200 euros les frais de<br \/>\nrepr\u00e9sentation<\/strong> d&rsquo;Anne Hidalgo entre 2020 et 2024. L&rsquo;\u00e9lue<br \/>\nsocialiste a d\u00e9pens\u00e9 son enveloppe annuelle d\u2019environ 20\u00a0000<br \/>\neuros\u00a0dans <strong>des enseignes de luxe<\/strong>, telles que<br \/>\nBHV Marais, Repetto, Apostrophe, \u00c9ric Bompard ou G\u00e9rard Darel.<\/p>\n<p>Quotidien : ces absences point\u00e9es du doigt par un<br \/>\nchroniqueur<\/p>\n<p class=\"p1\">\u00ab\u00a0Ces derniers jours, on a appris des d\u00e9tails<br \/>\nqu&rsquo;on n&rsquo;avait pas la semaine derni\u00e8re, a annonc\u00e9 <a href=\"https:\/\/www.telestar.fr\/actu-tv\/fou-rire-dans-quotidien-maia-mazaurette-cree-le-malaise-en-faisant-des-avances-coquines-a-un-chroniqueur-569889\" target=\"_blank\" rel=\"noopener\"><br \/>\nMarc Beaug\u00e9<\/a> au terme de sa chronique <strong>dans<\/strong><br \/>\n<a href=\"https:\/\/www.telestar.fr\/societe\/honte-a-quotidien-un-avocat-mediatique-vent-debout-apres-laffaire-cedric-jubillar-1739426\" target=\"_blank\" rel=\"noopener\"><br \/>\nQuotidien<\/a> ce vendredi 26 avril 2025. En regardant<br \/>\n<strong>les tickets de caisse<\/strong> dans le d\u00e9tail, on a<br \/>\nconstat\u00e9 qu&rsquo;<strong>elle aurait d\u00fb \u00eatre au conseil municipal [\u00e0<br \/>\nl&rsquo;heure o\u00f9] elle \u00e9tait \u00e0 la boutique<\/strong>\u00ab\u00a0.<\/p>\n<p class=\"p1\">Un ticket de caisse du 14 mars 2023 indique ainsi un<br \/>\nachat effectu\u00e9 dans une boutique du 8e arrondissement \u00e0 18h36,<br \/>\nalors qu&rsquo;elle n&rsquo;\u00e9tait pas au conseil municipal. <strong>\u00ab\u00a0On<br \/>\nachetait certainement en son nom\u00a0\u00bb<\/strong>, a suppos\u00e9 le<br \/>\nchroniqueur, ajoutant : \u00ab\u00a0Les 20 000 euros par an, c&rsquo;est dans<br \/>\nles r\u00e8gles. S&rsquo;absenter pour aller faire du shopping, c&rsquo;est pas dans<br \/>\nles r\u00e8gles\u00a0\u00bb.<\/p>\n<p>Quotidien : la mise en garde de Yann<br \/>\nBarth\u00e8s<\/p>\n<p class=\"p1\">Le \u00ab\u00a0chic type\u00a0\u00bb de Quotidien a ensuite exhum\u00e9 une<br \/>\nsavoureuse archive. Les images captur\u00e9es en 2017, probablement lors<br \/>\nde la Fashion Week, montrent Anne Hidalgo r\u00e9pondre <strong>un<br \/>\n\u00ab\u00a0J&rsquo;adore\u00a0\u00bb fi\u00e9vreux \u00e0 la question \u00ab\u00a0Vous aimez la mode<br \/>\n?\u00a0\u00bb<\/strong>. Pour <a href=\"https:\/\/www.telestar.fr\/people\/yann-barthes-fan-de-blagues-de-prout-ambre-chalumeau-balance-1739575\" target=\"_blank\" rel=\"noopener\"><br \/>\nYann Barth\u00e8s<\/a>, la prudence reste de mise. <strong>\u00ab\u00a0Sachant<br \/>\nqu&rsquo;on n&rsquo;a pas la preuve que c&rsquo;est elle qui a achet\u00e9\u00a0\u00bb<\/strong>,<br \/>\na cadr\u00e9 prudemment l&rsquo;animateur du talk-show.<\/p>\n<p class=\"p1\">Et Marc Beaug\u00e9 d&rsquo;abonder : \u00ab\u00a0<strong>On n&rsquo;a pas<br \/>\nv\u00e9ritablement la preuve<\/strong> qu&rsquo;elle \u00e9tait l\u00e0 physiquement ,<br \/>\nmais elle \u00e9tait absente au conseil municipal\u00a0\u00bb. <a href=\"https:\/\/www.telestar.fr\/actu_tv\/quotidien-jean-michel-aphatie-court-circuite-en-plein-vol-yann-barthes-sen-mord-les-doigts-1738782\" target=\"_blank\" rel=\"noopener\"><br \/>\nJean-Michel Aphatie<\/a> a aussit\u00f4t pr\u00e9cis\u00e9 : <strong>\u00ab\u00a0La police<br \/>\nenqu\u00eate\u00a0\u00bb<\/strong>.\u00a0 Notamment \u00e0 partir des vid\u00e9os<br \/>\nenregistr\u00e9es par les cam\u00e9ras de surveillance. Le cabinet d&rsquo;Anne<br \/>\nHidalgo assure pour sa part dans les colonnes du Parisien<br \/>\nque \u00ab\u00a0ces d\u00e9penses sont pr\u00e9vues par le code de d\u00e9ontologie de la<br \/>\nVille\u00a0\u00bb.<\/p>\n","protected":false},"excerpt":{"rendered":"EN BREF Le 16 septembre, Mediapart a publi\u00e9 une enqu\u00eate sur Anne Hidalgo, maire de Paris, concernant un&hellip;\n","protected":false},"author":2,"featured_media":421603,"comment_status":"","ping_status":"","sticky":false,"template":"","format":"standard","meta":{"footnotes":""},"categories":[1359],"tags":[548,58,59,1011,27,973,1404,1405],"class_list":{"0":"post-421602","1":"post","2":"type-post","3":"status-publish","4":"format-standard","5":"has-post-thumbnail","7":"category-people","8":"tag-article-simple","9":"tag-divertissement","10":"tag-entertainment","11":"tag-fr","12":"tag-france","13":"tag-people","14":"tag-quotidien","15":"tag-yann-barthes"},"share_on_mastodon":{"url":"https:\/\/pubeurope.com\/@fr\/115276815752879806","error":""},"_links":{"self":[{"href":"https:\/\/www.europesays.com\/fr\/wp-json\/wp\/v2\/posts\/421602","targetHints":{"allow":["GET"]}}],"collection":[{"href":"https:\/\/www.europesays.com\/fr\/wp-json\/wp\/v2\/posts"}],"about":[{"href":"https:\/\/www.europesays.com\/fr\/wp-json\/wp\/v2\/types\/post"}],"author":[{"embeddable":true,"href":"https:\/\/www.europesays.com\/fr\/wp-json\/wp\/v2\/users\/2"}],"replies":[{"embeddable":true,"href":"https:\/\/www.europesays.com\/fr\/wp-json\/wp\/v2\/comments?post=421602"}],"version-history":[{"count":0,"href":"https:\/\/www.europesays.com\/fr\/wp-json\/wp\/v2\/posts\/421602\/revisions"}],"wp:featuredmedia":[{"embeddable":true,"href":"https:\/\/www.europesays.com\/fr\/wp-json\/wp\/v2\/media\/421603"}],"wp:attachment":[{"href":"https:\/\/www.europesays.com\/fr\/wp-json\/wp\/v2\/media?parent=421602"}],"wp:term":[{"taxonomy":"category","embeddable":true,"href":"https:\/\/www.europesays.com\/fr\/wp-json\/wp\/v2\/categories?post=421602"},{"taxonomy":"post_tag","embeddable":true,"href":"https:\/\/www.europesays.com\/fr\/wp-json\/wp\/v2\/tags?post=421602"}],"curies":[{"name":"wp","href":"https:\/\/api.w.org\/{rel}","templated":true}]}}