{"id":421604,"date":"2025-09-27T14:49:27","date_gmt":"2025-09-27T14:49:27","guid":{"rendered":"https:\/\/www.europesays.com\/fr\/421604\/"},"modified":"2025-09-27T14:49:27","modified_gmt":"2025-09-27T14:49:27","slug":"a-marrakech-les-10-meilleurs-musees-et-galeries-dart-a-ne-pas-rater","status":"publish","type":"post","link":"https:\/\/www.europesays.com\/fr\/421604\/","title":{"rendered":"\u00c0 Marrakech, les 10 meilleurs mus\u00e9es et galeries d\u2019art \u00e0 ne pas rater"},"content":{"rendered":"<p class=\"editor-content__paragraph\">Marhba (\u00ab\u00a0bienvenue\u00a0\u00bb en dialecte marocain)\u00a0! Derri\u00e8re <strong>ses murs ocre<\/strong>, sa l\u00e9gendaire place Jemaa el-Fna, sa vibrante <strong>m\u00e9dina<\/strong> et ses palmiers, <strong>Marrakech<\/strong> s\u2019est impos\u00e9e ces derni\u00e8res ann\u00e9es comme une<strong> capitale culturelle<\/strong> o\u00f9 mus\u00e9es, galeries et collections priv\u00e9es r\u00e9inventent sans cesse le dialogue entre tradition et modernit\u00e9.<\/p>\n<p class=\"editor-content__paragraph\">Entre <strong>somptueux palais<\/strong>, jardins mythiques et espaces d\u00e9di\u00e9s \u00e0 la <strong>photographie<\/strong> ou aux<strong> arts actuels<\/strong>, chaque adresse brosse \u00e0 sa mani\u00e8re le portrait d\u2019un <strong>Maroc ultra cr\u00e9atif et pluriel<\/strong>. Pr\u00eat pour un circuit artistique\u00a0? Yalla\u00a0!<\/p>\n<p>1. Macaal (mus\u00e9e d\u2019art contemporain africain Al Maaden)\u00a0: un continent nouveau<\/p>\n<p>    <img loading=\"lazy\" decoding=\"async\" class=\"image__img\" src=\"https:\/\/www.europesays.com\/fr\/wp-content\/uploads\/2025\/09\/web2-1-964x643.jpg\" alt=\"Le mus\u00e9e MACAAL\" width=\"964\" height=\"643\"\/><\/p>\n<p class=\"editor-content__paragraph\">C\u2019est un phare pour <strong>l\u2019art contemporain africain<\/strong> \u00e0 Marrakech\u00a0! Au c\u0153ur du quartier Al Maaden, ensemble touristique de r\u00e9sidences de luxe pour golfeurs \u00e0 quelques minutes du centre de la ville (prendre un taxi), le Macaal offre une programmation qui met \u00e0 l\u2019honneur des <strong>voix \u00e9tablies<\/strong> et des <strong>talents \u00e9mergents<\/strong> d\u2019Afrique, avec une place de choix pour les Marocains. Des artistes comme <strong>Mounir Fatmi<\/strong> ou <strong>Latifa Echakhch<\/strong> y c\u00f4toient une sc\u00e8ne panafricaine innovante dans une sc\u00e9nographie repens\u00e9e en 2025. Les r\u00e9sidences artistiques et ateliers participatifs font du Macaal un <strong>carrefour vivant et engag\u00e9<\/strong>, \u00e0 la crois\u00e9e des regards et des cultures.<\/p>\n<p class=\"annexe-content__infos\">Rue Al Ghazala \u2022 Marrakech<br \/><a href=\"https:\/\/macaal.org\/\" target=\"_blank\" rel=\"noopener\">macaal.org<\/a><\/p>\n<p>2. Jnane Elisabeth au Es Saadi\u00a0: le paradis d\u2019une collectionneuse<\/p>\n<p>    <img loading=\"lazy\" decoding=\"async\" class=\"image__img\" src=\"https:\/\/www.europesays.com\/fr\/wp-content\/uploads\/2025\/09\/webexterieur-964x853.jpg\" alt=\"Le palace Es Saadi\" width=\"964\" height=\"853\"\/><\/p>\n<p class=\"editor-content__paragraph\">Fond\u00e9 en 1952\u00a0par Jean Bauchet, ancien directeur visionnaire du Moulin-Rouge, le Es Saadi \u2013 \u00ab\u00a0le Bienheureux\u00a0\u00bb en arabe \u2013 est une<strong> institution historique<\/strong> de la Ville rouge. Transform\u00e9 en resort il y a quelques ann\u00e9es, il s\u2019\u00e9tend sur un <strong>luxuriant jardin<\/strong> de huit hectares, avec son palace, ses ksars et ses villas priv\u00e9es. La l\u00e9gendaire hospitalit\u00e9 marocaine s\u2019y perp\u00e9tue, sous la direction de la m\u00eame famille, qui en a fait au fil des ann\u00e9es un <strong>v\u00e9ritable \u00e9crin d\u2019art<\/strong> au c\u0153ur du <strong>quartier de l\u2019Hivernage<\/strong>. Pour s\u2019en convaincre, il suffit de franchir les portes du palace, <strong>tr\u00e9sor d\u2019artisanat marocain<\/strong> abrit\u00e9 sous une majestueuse coupole digne des Mille et Une Nuits\u00a0: du lobby aux chambres, en passant par les couloirs, se d\u00e9voile la <strong>collection personnelle des Bauchet-Bouhlal <\/strong>: des photographies, peintures et sculptures, chacune accompagn\u00e9e de son cartel.<\/p>\n<p>    <img loading=\"lazy\" decoding=\"async\" class=\"image__img\" src=\"https:\/\/www.europesays.com\/fr\/wp-content\/uploads\/2025\/09\/modahm_6690-964x643.jpg\" alt=\"Salle jaune de l\u2019espace Jnane Elisabeth au palace Es Saadi\" width=\"964\" height=\"643\"\/><\/p>\n<p>Salle jaune de l\u2019espace Jnane Elisabeth au palace Es Saadi<\/p>\n<p class=\"editor-content__paragraph\">Depuis 2025, les visiteurs peuvent aussi d\u00e9couvrir le <strong>Jnane Elisabeth<\/strong>, un espace qui pr\u00e9sente les <strong>coups de c\u0153ur d\u2019\u00c9lisabeth Bauchet-Bouhlal<\/strong>, collectionneuse passionn\u00e9e d\u2019art marocain. En mezzanine, <strong>l\u2019exposition \u00ab\u00a0From Marocco with Love\u00a0\u00bb<\/strong> r\u00e9unit pr\u00e8s de 130 \u0153uvres, de 1960 \u00e0 nos jours, sign\u00e9es par 65\u00a0artistes majeurs et retra\u00e7ant<strong> l\u2019\u00e9volution de l\u2019art marocain moderne et contemporain<\/strong>. On y contemple la modernit\u00e9 post-ind\u00e9pendance d\u2019Ahmed Cherkaoui et de Jilali Gharbaoui, la pop culture vibrante d\u2019<a href=\"https:\/\/www.beauxarts.com\/expos\/le-maroc-pop-dhassan-hajjaj\/\" target=\"_blank\" rel=\"noopener\">Hassan Hajjaj<\/a> ou encore l\u2019\u00e9nergie d\u2019une <strong>nouvelle g\u00e9n\u00e9ration<\/strong>, comme <a href=\"https:\/\/www.beauxarts.com\/expos\/entre-artisanat-et-art-dans-les-cosmogrammes-secrets-de-sara-ouhaddou\/\" target=\"_blank\" rel=\"noopener\">la Franco-Marocaine Sara Ouhaddou<\/a>, qui red\u00e9finit l\u2019identit\u00e9 artistique du pays.<\/p>\n<p>  Arrow<\/p>\n<p>From Morocco\u202f with Love<\/p>\n<p class=\"url-expo\"><a href=\"https:\/\/www.essaadi.com\/actualites\/morocco-with-love\/#:~:text=Au%20c%C5%93ur%20du%20Palace%20Es,de%20cr%C3%A9ation%20artistique%20au%20Maroc.\" target=\"_blank\" rel=\"noopener\">www.essaadi.com<\/a><\/p>\n<p class=\"annexe-content__infos\">Es Saadi \u2022 Marrakech<br \/><a href=\"https:\/\/www.essaadi.com\/\" target=\"_blank\" rel=\"noopener\">www.essaadi.com<\/a><\/p>\n<p>        \u00c0 lire aussi :<br \/>\n        <a class=\"renvoi-explicite__link\" href=\"https:\/\/www.beauxarts.com\/expos\/entre-artisanat-et-art-dans-les-cosmogrammes-secrets-de-sara-ouhaddou\/\" target=\"_blank\" rel=\"noopener\">Entre artisanat et art, dans les \u00ab\u00a0cosmogrammes \u00a0\u00bb secrets de Sara Ouhaddou<\/a><\/p>\n<p>3. Jardin Majorelle\u00a0: tout simplement mythique<\/p>\n<p>    <img loading=\"lazy\" decoding=\"async\" class=\"image__img\" src=\"https:\/\/www.europesays.com\/fr\/wp-content\/uploads\/2025\/09\/webef7a5153-964x643.jpg\" alt=\"Le Jardin Majorelle\" width=\"964\" height=\"643\"\/><\/p>\n<p class=\"editor-content__paragraph\">Cr\u00e9\u00e9 par le peintre <strong>Jacques Majorelle<\/strong> dans les ann\u00e9es 1930, ce<strong> jardin<\/strong>, avec son c\u00e9l\u00e8bre<strong> bleu Majorelle<\/strong>, ses<strong> plantes exotiques<\/strong>, ses fontaines et patios, est un <strong>patrimoine vivant<\/strong> qu\u2019il faut absolument voir si vous s\u00e9journez \u00e0 Marrakech. Vous ne serez pas seul, bien s\u00fbr\u00a0: \u00e9vitez donc la visite le matin et en d\u00e9but de soir\u00e9e, heures de forte affluence. Restaur\u00e9es et enrichies par le couturier Yves Saint Laurent et Pierre Berg\u00e9 dans les ann\u00e9es 1980, ses all\u00e9es respirent la <strong>douceur de vivre<\/strong>, croisant <strong>botanique, design et cr\u00e9ation artistique<\/strong>.<\/p>\n<p class=\"annexe-content__infos\">Rue Yves Saint Laurent \u2022 40000 Marrakech<br \/><a href=\"https:\/\/www.jardinmajorelle.com\/lejardinmajorelle\/\" target=\"_blank\" rel=\"noopener\">www.jardinmajorelle.com<\/a><\/p>\n<p>4. Mus\u00e9e Yves Saint Laurent\u00a0: une oasis haute couture<\/p>\n<p>    <img loading=\"lazy\" decoding=\"async\" class=\"image__img\" src=\"https:\/\/www.europesays.com\/fr\/wp-content\/uploads\/2025\/09\/web18-myslm-facade-est-fondation-jardin-majorelle-marrakech_photo-nicolas-matheus-2017-964x539.jpg\" alt=\"Le mus\u00e9e Yves Saint Laurent \u00e0 Marrakech\" width=\"964\" height=\"539\"\/><\/p>\n<p>Le mus\u00e9e Yves Saint Laurent \u00e0 Marrakech<\/p>\n<p class=\"editor-content__paragraph\">\u00c0 deux pas du jardin Majorelle, au bout de la bien-nomm\u00e9e <strong>rue Yves Saint Laurent<\/strong>, ce mus\u00e9e \u00e0 la <strong>parfaite silhouette ocre<\/strong>, \u0153uvre des architectes de Studio KO, a \u00e9t\u00e9 taill\u00e9 sur mesure pour le couturier passionn\u00e9 (et tr\u00e8s inspir\u00e9) par le Maroc. Au-del\u00e0 des <strong>collections de haute couture<\/strong>, l\u2019institution accroche de petites expositions temporaires. Des artistes y <strong>dialoguent avec l\u2019h\u00e9ritage du styliste<\/strong>, faisant du mus\u00e9e YSL de Marrakech un lieu o\u00f9 la mode et l\u2019esth\u00e9tique s\u2019entrem\u00ealent \u00e0 merveille.<\/p>\n<p>  Arrow<\/p>\n<p>Muse\u0301e Yves Saint Laurent Marrakech<\/p>\n<p class=\"annexe-content__infos\">Rue Yves Saint Laurent \u2022 40000 Marrakech<br \/><a href=\"https:\/\/www.museeyslmarrakech.com\/fr\/\" target=\"_blank\" rel=\"noopener\">www.museeyslmarrakech.com<\/a><\/p>\n<p>        \u00c0 lire aussi :<br \/>\n        <a class=\"renvoi-explicite__link\" href=\"https:\/\/www.beauxarts.com\/lifestyle\/le-musee-yves-saint-laurent-marrakech-une-oasis-haute-couture\/\" target=\"_blank\" rel=\"noopener\">Le mus\u00e9e Yves Saint Laurent de Marrakech, une oasis haute couture<\/a><\/p>\n<p>5. Monde des arts de la parure Marrakech\u00a0: un \u00e9crin pas accessoire<\/p>\n<p>    <img loading=\"lazy\" decoding=\"async\" class=\"image__img\" src=\"https:\/\/www.europesays.com\/fr\/wp-content\/uploads\/2025\/09\/web7-964x643.jpg\" alt=\"Le mus\u00e9e du Monde des Arts de la Parure\" width=\"964\" height=\"643\"\/><\/p>\n<p>Le mus\u00e9e du Monde des Arts de la Parure<\/p>\n<p class=\"editor-content__paragraph\">Plus que de simples parures, les <strong>bijoux<\/strong> sont, en particulier au Maroc, un langage. <strong>Au c\u0153ur de la m\u00e9dina<\/strong>, il est un lieu o\u00f9 colliers, boucles, fibules, en argent, en or ou en pierres, nous racontent des <strong>histoires ancestrales<\/strong>, tandis que des <strong>cr\u00e9ateurs contemporains<\/strong> r\u00e9interpr\u00e8tent ce savoir-faire mill\u00e9naire. Pr\u00e9sentant au public<strong> pr\u00e8s de 3\u00a0000\u00a0pi\u00e8ces<\/strong> (sur les 7\u00a0000), la collection assembl\u00e9e par Marl\u00e8ne et Paolo Gallone, et expos\u00e9e au Monde des arts de la parure, r\u00e9v\u00e8le <strong>ornements, bijoux, textiles<\/strong> et autres objets riches en symboles, port\u00e9s \u00e0 travers les \u00e2ges et par le monde, de l\u2019Afrique \u00e0 l\u2019Asie, en passant par l\u2019Europe.<\/p>\n<p>  Arrow<\/p>\n<p>Monde des Arts de la Parure &#8211; MAP Marrakech<\/p>\n<p class=\"annexe-content__infos\">39 Rue Touareg \u2022 40000 Marrakech<br \/><a href=\"https:\/\/www.lemapmarrakech.com\/\" target=\"_blank\" rel=\"noopener\">www.lemapmarrakech.com<\/a><\/p>\n<p>6. Loft Art Gallery\u00a0: la cr\u00e8me de l\u2019art contemporain<\/p>\n<p>    <img loading=\"lazy\" decoding=\"async\" class=\"image__img\" src=\"https:\/\/www.europesays.com\/fr\/wp-content\/uploads\/2025\/09\/webc.ayoubelbardii__12-964x643.jpg\" alt=\"Loft Art Gallery\" width=\"964\" height=\"643\"\/><\/p>\n<p class=\"editor-content__paragraph\">Quel \u0153il\u00a0! Avec une programmation audacieuse et \u00e9clectique, alternant <strong>peinture, photographie et installation<\/strong>, cette galerie, ouverte dans le <strong>quartier de Gu\u00e9liz<\/strong> apr\u00e8s le succ\u00e8s d\u2019une premi\u00e8re adresse \u00e0 Casablanca, offre un regard aiguis\u00e9 sur la <strong>vitalit\u00e9 cr\u00e9ative marocaine<\/strong>. Loft Art Gallery met en lumi\u00e8re des artistes qui explorent les identit\u00e9s multiples du Maroc contemporain, des exub\u00e9rants clich\u00e9s du photographe <a href=\"https:\/\/www.beauxarts.com\/vu\/le-maroc-pop-et-ultra-modeux-et-de-mous-lamrabat-sexpose-a-toulouse\/\" target=\"_blank\" rel=\"noopener\"><strong>Mous Lamrabat<\/strong><\/a> \u00e0 la palette introspective d\u2019<strong>Amina Rezki<\/strong>. Sans oublier <strong>Amina Agueznay<\/strong>, appr\u00e9ci\u00e9e pour son travail qui tisse des liens avec les artisans, choisie en 2026\u00a0pour investir le premier pavillon marocain \u00e0 la 61e Biennale de Venise.<\/p>\n<p>  Arrow<\/p>\n<p>Loft Art Gallery Marrakech<\/p>\n<p class=\"annexe-content__infos\">60 Boulevard el Mansour Eddahbi \u2022 40000 Marrakech<br \/><a href=\"https:\/\/www.loftartgallery.net\/\" target=\"_blank\" rel=\"noopener\">www.loftartgallery.net<\/a><\/p>\n<p>7. Mus\u00e9e des Confluences\u00a0: le cachet de Dar el Bacha<\/p>\n<p>    <img loading=\"lazy\" decoding=\"async\" class=\"image__img\" src=\"https:\/\/www.europesays.com\/fr\/wp-content\/uploads\/2025\/09\/webmusee-dar-el-bacha_3-964x643.jpg\" alt=\"Le mus\u00e9e des Confluences\" width=\"964\" height=\"643\"\/><\/p>\n<p>Le mus\u00e9e des Confluences<\/p>\n<p class=\"editor-content__paragraph\">Dans le <strong>somptueux palais historique<\/strong> de Dar el Bacha, le mus\u00e9e des Confluences est un <strong>carrefour culturel<\/strong> o\u00f9 <strong>art, anthropologie et histoire<\/strong> se font \u00e9cho. Entre patios inond\u00e9s de lumi\u00e8re, zelliges et boiseries finement sculpt\u00e9es, ses \u00e9l\u00e9gantes salles d\u00e9voilent un parcours \u00e9clectique, m\u00ealant <strong>objets traditionnels, art d\u00e9coratif, pi\u00e8ces ethnographiques<\/strong> et cr\u00e9ations contemporaines. Le visiteur y d\u00e9couvre comment Marrakech s\u2019est enrichie, au fil des si\u00e8cles, d\u2019influences venues de M\u00e9diterran\u00e9e, d\u2019Afrique subsaharienne et du monde arabe, dans un <strong>dialogue constant entre h\u00e9ritage et modernit\u00e9<\/strong>.<\/p>\n<p>  Arrow<\/p>\n<p>Mus\u00e9e des Confluences Dar el Bacha<\/p>\n<p class=\"annexe-content__infos\">Rue Fatima Zahra \u2022 40000 Marrakech<br \/><a href=\"https:\/\/fnm.ma\/musees-ouverts\/musee-des-confluences-dar-el-bacha\/\" target=\"_blank\" rel=\"noopener\">fnm.ma<\/a><\/p>\n<p>8. Comptoir des mines\u00a0: une fabrique d\u2019artistes<\/p>\n<p>    <img loading=\"lazy\" decoding=\"async\" class=\"image__img\" src=\"https:\/\/www.europesays.com\/fr\/wp-content\/uploads\/2025\/09\/pacomptoir-des-mines-galerie-2-964x890.jpg\" alt=\"La galerie Comptoir des mines\" width=\"964\" height=\"890\"\/><\/p>\n<p>La galerie Comptoir des mines<\/p>\n<p class=\"editor-content__paragraph\">Install\u00e9 dans un <strong>ancien b\u00e2timent industriel<\/strong> au cachet pr\u00e9serv\u00e9 de <strong>Gu\u00e9liz<\/strong> (la partie moderne de Marrakech), le Comptoir des mines est l\u2019\u00e9crin d\u2019expositions croisant <strong>peinture, installation, performance<\/strong> et arts visuels. Ce lieu singulier d\u00e9fend des <strong>artistes engag\u00e9s<\/strong>, tels que Mohamed El Baz, qui triture la m\u00e9moire collective marocaine \u00e0 travers des dispositifs puissants, ou Soufiane Ababri, aux \u0153uvres m\u00ealant intimit\u00e9 et r\u00e9flexion sociopolitique. Plus qu\u2019un lieu d\u2019exposition, le Comptoir des mines se veut laboratoire\u00a0: il accueille <strong>ateliers, rencontres et r\u00e9sidences<\/strong>, cr\u00e9ant une effervescence qui place Marrakech au c\u0153ur des enjeux artistiques contemporains.<\/p>\n<p>  Arrow<\/p>\n<p>Comptoir des Mines \u2013 Marrakech<\/p>\n<p class=\"annexe-content__infos\">Rue de la Libert\u00e9 \u2022 40000 Marrakech<br \/><a href=\"https:\/\/cmgmarrakech.com\/\" target=\"_blank\" rel=\"noopener\">cmgmarrakech.com<\/a><\/p>\n<p>9. La Maison de la photographie\u00a0: le Maroc en images<\/p>\n<p>    <img loading=\"lazy\" decoding=\"async\" class=\"image__img\" src=\"https:\/\/www.europesays.com\/fr\/wp-content\/uploads\/2025\/09\/webimg-20250513-wa0018-964x1126.jpg\" alt=\"La Maison de la photographie de Marrakech\" width=\"964\" height=\"1126\"\/><\/p>\n<p>La Maison de la photographie de Marrakech<\/p>\n<p class=\"editor-content__paragraph\">Flashez\u00a0! Nich\u00e9e dans un riad de la m\u00e9dina depuis 2009, la Maison de la photographie invite \u00e0 un <strong>voyage \u00e0 travers le Maroc<\/strong> entre 1860\u00a0et 1960 \u00e0 travers des <strong>centaines de clich\u00e9s<\/strong>, t\u00e9moins pr\u00e9cieux du Maroc d\u2019hier. Parmi les photographes pr\u00e9sents, Jean-Pierre \u00c9vrard, Nicol\u00e1s Muller ou Rosine Mazin d\u00e9livrent un <strong>t\u00e9moignage unique<\/strong> sur la vie quotidienne, les paysages et le peuple marocain. Pour un surplus de magie, gagnez sa terrasse, \u00e0 la <strong>vue imprenable sur l\u2019Atlas<\/strong> aux sommets enneig\u00e9s en hiver.<\/p>\n<p>  Arrow<\/p>\n<p>Maison de la Photographie &#8211; Marrakech<\/p>\n<p class=\"annexe-content__infos\">46 Rue Bin Lafnadek \u2022 40030 Marrakech<br \/><a href=\"https:\/\/maisondelaphotographie.ma\/\" target=\"_blank\" rel=\"noopener\">maisondelaphotographie.ma<\/a><\/p>\n<p>10.\tMCC Gallery\u00a0: entre h\u00e9ritage et avant-garde<\/p>\n<p>    <img loading=\"lazy\" decoding=\"async\" class=\"image__img\" src=\"https:\/\/www.europesays.com\/fr\/wp-content\/uploads\/2025\/09\/webimg_0032-964x723.jpg\" alt=\"MCC Gallery\" width=\"964\" height=\"723\"\/><\/p>\n<p class=\"editor-content__paragraph\">Dans le quartier de <strong>Sidi Ghanem<\/strong>, o\u00f9 les concept stores ont pouss\u00e9 comme des champignons, la MCC Gallery soutient la <strong>sc\u00e8ne contemporaine locale et internationale<\/strong>. On y d\u00e9couvre une <strong>s\u00e9lection d\u2019artistes confirm\u00e9s et \u00e9mergents<\/strong>, m\u00ealant peintures, sculptures et arts visuels, comme <strong>Mustapha Azeroual,<\/strong>  laur\u00e9at <b>en 2004<\/b> du <b>Prix BMW Art Makers<\/b>, d\u00e9di\u00e9 aux arts visuels et \u00e0 l\u2019image contemporaine, ou encore <strong>Mo Baala<\/strong>, artiste originaire de Taroudant qui travaille aussi bien la peinture que l\u2019installation et la vid\u00e9o. \u00c0 travers ces choix exigeants, MCC contribue \u00e0 affirmer Marrakech comme une capitale culturelle incontournable, tournant son regard \u00e0 la fois <strong>vers l\u2019h\u00e9ritage et l\u2019avant-garde<\/strong>.<\/p>\n<p class=\"annexe-content__infos\">281 Rue Principale \u2022 40000 Marrakech<br \/><a href=\"https:\/\/www.mcc-gallery.com\/\" target=\"_blank\" rel=\"noopener\">www.mcc-gallery.com<\/a><\/p>\n<p>        \u00c0 lire aussi :<br \/>\n        <a class=\"renvoi-explicite__link\" href=\"https:\/\/www.beauxarts.com\/reportages\/le-maroc-la-nouvelle-place-forte-des-arts\/\" target=\"_blank\" rel=\"noopener\">Le Maroc, la nouvelle place forte des arts<\/a><\/p>\n","protected":false},"excerpt":{"rendered":"Marhba (\u00ab\u00a0bienvenue\u00a0\u00bb en dialecte marocain)\u00a0! Derri\u00e8re ses murs ocre, sa l\u00e9gendaire place Jemaa el-Fna, sa vibrante m\u00e9dina et&hellip;\n","protected":false},"author":2,"featured_media":421605,"comment_status":"","ping_status":"","sticky":false,"template":"","format":"standard","meta":{"footnotes":""},"categories":[1358],"tags":[1348,1384,1385,55095,1386,58,59,55091,1011,27,7455,55088,55093,55090,55096,2223,55097,55092,55094,55089,7107],"class_list":{"0":"post-421604","1":"post","2":"type-post","3":"status-publish","4":"format-standard","5":"has-post-thumbnail","7":"category-arts-et-design","8":"tag-arts","9":"tag-arts-and-design","10":"tag-arts-et-design","11":"tag-comptoir-des-mines-marrakech","12":"tag-design","13":"tag-divertissement","14":"tag-entertainment","15":"tag-es-saadi","16":"tag-fr","17":"tag-france","18":"tag-galeries","19":"tag-jardin-majorelle","20":"tag-loft-art-gallery-marrakech","21":"tag-macaal","22":"tag-maison-de-la-photographie-marrakech","23":"tag-maroc","24":"tag-mcc-gallery","25":"tag-monde-des-arts-de-la-parure-map-marrakech","26":"tag-musee-des-confluences-dar-el-bacha","27":"tag-musee-yves-saint-laurent-marrakech","28":"tag-musees"},"share_on_mastodon":{"url":"https:\/\/pubeurope.com\/@fr\/115276819282151960","error":""},"_links":{"self":[{"href":"https:\/\/www.europesays.com\/fr\/wp-json\/wp\/v2\/posts\/421604","targetHints":{"allow":["GET"]}}],"collection":[{"href":"https:\/\/www.europesays.com\/fr\/wp-json\/wp\/v2\/posts"}],"about":[{"href":"https:\/\/www.europesays.com\/fr\/wp-json\/wp\/v2\/types\/post"}],"author":[{"embeddable":true,"href":"https:\/\/www.europesays.com\/fr\/wp-json\/wp\/v2\/users\/2"}],"replies":[{"embeddable":true,"href":"https:\/\/www.europesays.com\/fr\/wp-json\/wp\/v2\/comments?post=421604"}],"version-history":[{"count":0,"href":"https:\/\/www.europesays.com\/fr\/wp-json\/wp\/v2\/posts\/421604\/revisions"}],"wp:featuredmedia":[{"embeddable":true,"href":"https:\/\/www.europesays.com\/fr\/wp-json\/wp\/v2\/media\/421605"}],"wp:attachment":[{"href":"https:\/\/www.europesays.com\/fr\/wp-json\/wp\/v2\/media?parent=421604"}],"wp:term":[{"taxonomy":"category","embeddable":true,"href":"https:\/\/www.europesays.com\/fr\/wp-json\/wp\/v2\/categories?post=421604"},{"taxonomy":"post_tag","embeddable":true,"href":"https:\/\/www.europesays.com\/fr\/wp-json\/wp\/v2\/tags?post=421604"}],"curies":[{"name":"wp","href":"https:\/\/api.w.org\/{rel}","templated":true}]}}