{"id":421608,"date":"2025-09-27T14:51:10","date_gmt":"2025-09-27T14:51:10","guid":{"rendered":"https:\/\/www.europesays.com\/fr\/421608\/"},"modified":"2025-09-27T14:51:10","modified_gmt":"2025-09-27T14:51:10","slug":"marie-garet-secret-story-va-se-marier","status":"publish","type":"post","link":"https:\/\/www.europesays.com\/fr\/421608\/","title":{"rendered":"Marie Garet (Secret Story) va se marier"},"content":{"rendered":"<p>      R\u00e9sum\u00e9<\/p>\n<p>Marie Garet, ancienne participante de Secret Story, annonce son mariage pr\u00e9vu en octobre, marquant une nouvelle \u00e9tape apr\u00e8s un parcours sentimental tumultueux.<\/p>\n<p>        Sommaire<\/p>\n<p>Apr\u00e8s avoir connu bien des \u00e9pisodes difficiles, Marie Garet semble aller mieux. En effet, comme r\u00e9v\u00e9l\u00e9 par Sam Zirah et Greg Yega ce jeudi 26 septembre, <strong>la gagnante de la saison 5 de Secret Story va bient\u00f4t se marier<\/strong>. La f\u00eate aura lieu en octobre prochain, et l&rsquo;heureux \u00e9lu n&rsquo;est pas connu. Il ne s&rsquo;agira s\u00fbrement pas de <a href=\"https:\/\/www.public.fr\/il-serait-pret-a-vendre-pere-et-mere-marie-garet-plus-de-dix-ans-apres-sa-rupture-avec-geoffrey-elle-latomise-sur-tiktok\" target=\"_blank\" rel=\"noopener\">Geoffrey<\/a>, avec lequel elle avait particip\u00e9 \u00e0 l&rsquo;\u00e9mission qui l&rsquo;a popularis\u00e9e il y a d\u00e9j\u00e0 quatorze ans&#8230; <\/p>\n<p>La vie sentimentale de Marie Garet n&rsquo;a jamais \u00e9t\u00e9 facile. La jeune femme a r\u00e9guli\u00e8rement \u00e9voqu\u00e9 dans ses interviews les \u00e9pisodes d&#8217;emprise et de violence psychologiques qu&rsquo;elle a subis\u2026 <strong>Victime de comportements abusifs et d&rsquo;ex toxiques<\/strong>, <a href=\"https:\/\/www.public.fr\/si-jamais-je-suis-tuee-racketee-et-en-danger-de-mort-marie-garet-lance-un-appel-a-l-aide-inquietant-sur-les-reseaux-sociaux\" target=\"_blank\" rel=\"noopener\">elle a r\u00e9v\u00e9l\u00e9 avoir v\u00e9cu \u00ab\u00a0l&rsquo;enfer\u00a0\u00bb<\/a> sur le plateau de TPMP People.<\/p>\n<p>Un passif sentimental compliqu\u00e9<\/p>\n<p>Parmi ses ex compagnons, l&rsquo;un d&rsquo;eux avait \u00e9t\u00e9 <strong>incarc\u00e9r\u00e9 deux mois apr\u00e8s le d\u00e9but de leur relation<\/strong>. Elle r\u00e9v\u00e9lait s&rsquo;\u00eatre sentie trahie en apprenant la nouvelle, surtout que l&rsquo;homme ne lui avait jamais r\u00e9v\u00e9l\u00e9 les circonstances claires de son incarc\u00e9ration\u2026 Elle a ensuite partag\u00e9 la vie d&rsquo;un d\u00e9nomm\u00e9 Yann, mais leur s\u00e9paration s&rsquo;est r\u00e9v\u00e9l\u00e9e tr\u00e8s douloureuse. <strong>L&rsquo;homme l&rsquo;aurait mise \u00e0 la porte de son domicile, et aurait jet\u00e9 ses affaires personnelles<\/strong>, dont des objets de valeur. Elle avait alert\u00e9 ses abonn\u00e9s sur les r\u00e9seaux sociaux, et l&rsquo;homme aurait ripost\u00e9 en la mena\u00e7ant de diffuser des pages de son journal intime.<\/p>\n<p>En septembre 2020, <a href=\"https:\/\/www.public.fr\/marie-garet-hospitalisee-et-declaree-morte-son-compagnon-sort-du-silence-et-livre-sa-version-des-faits\" target=\"_blank\" rel=\"noopener\">Marie Garet avait \u00e9t\u00e9 hospitalis\u00e9e<\/a>, apr\u00e8s avoir \u00e9t\u00e9 victime de violences \u00e0 Montpellier. Elle avait post\u00e9 plusieurs clich\u00e9s d&rsquo;elle le visage tum\u00e9fi\u00e9. Rapidement, les r\u00e9seaux sociaux \u00e9voquent la possibilit\u00e9 d&rsquo;un compagnon violent\u2026 <strong>Mais Marie Garet assurait alors avoir \u00e9t\u00e9 victime d&rsquo;un accident<\/strong>. Quelques jours plus tard, elle reconna\u00eet \u00eatre victime d&rsquo;une relation toxique et destructrice \u00e0 bien des niveaux.<\/p>\n<p>Marie Garet va mieux<\/p>\n<p>Mais depuis lors, la vie de Marie Garet semble s&rsquo;\u00eatre stabilis\u00e9e. Il y a quelques mois, elle affirmait \u00eatre en couple avec <strong>un homme s\u00e9rieux, p\u00e8re de trois enfants et chef d&rsquo;entreprise<\/strong>. Est-ce avec lui que Marie Garet va se marier ? Nul ne le sait\u2026 Une chose est s\u00fbre : <a href=\"https:\/\/www.public.fr\/greg-yega-les-marseillais-agresse-et-mis-k-o-en-pleine-rue-les-images-font-le-tour-de-la-toile\" target=\"_blank\" rel=\"noopener\">Greg Yega<\/a> pourrait \u00eatre de la partie. En effet, au micro de Sam Zirah, le jeune homme a r\u00e9v\u00e9l\u00e9 avoir \u00e9t\u00e9 convi\u00e9 par son amie, pour chanter pendant le bal ! <strong>Va-t-il r\u00e9pondre favorablement \u00e0 l&rsquo;invitation ? <\/strong>R\u00e9ponse dans quelques semaines.<\/p>\n<p>      Mentionn\u00e9s dans cet article<\/p>\n<p>      Sur le m\u00eame sujet<\/p>\n","protected":false},"excerpt":{"rendered":"R\u00e9sum\u00e9 Marie Garet, ancienne participante de Secret Story, annonce son mariage pr\u00e9vu en octobre, marquant une nouvelle \u00e9tape&hellip;\n","protected":false},"author":2,"featured_media":421609,"comment_status":"","ping_status":"","sticky":false,"template":"","format":"standard","meta":{"footnotes":""},"categories":[1356],"tags":[58,59,1011,27,49485,1930,10748,6652,29901,252,1364],"class_list":{"0":"post-421608","1":"post","2":"type-post","3":"status-publish","4":"format-standard","5":"has-post-thumbnail","7":"category-television","8":"tag-divertissement","9":"tag-entertainment","10":"tag-fr","11":"tag-france","12":"tag-greg-yega","13":"tag-mariage","14":"tag-marie-garet","15":"tag-sam-zirah","16":"tag-secret-story","17":"tag-television","18":"tag-tv"},"share_on_mastodon":{"url":"https:\/\/pubeurope.com\/@fr\/115276827522400330","error":""},"_links":{"self":[{"href":"https:\/\/www.europesays.com\/fr\/wp-json\/wp\/v2\/posts\/421608","targetHints":{"allow":["GET"]}}],"collection":[{"href":"https:\/\/www.europesays.com\/fr\/wp-json\/wp\/v2\/posts"}],"about":[{"href":"https:\/\/www.europesays.com\/fr\/wp-json\/wp\/v2\/types\/post"}],"author":[{"embeddable":true,"href":"https:\/\/www.europesays.com\/fr\/wp-json\/wp\/v2\/users\/2"}],"replies":[{"embeddable":true,"href":"https:\/\/www.europesays.com\/fr\/wp-json\/wp\/v2\/comments?post=421608"}],"version-history":[{"count":0,"href":"https:\/\/www.europesays.com\/fr\/wp-json\/wp\/v2\/posts\/421608\/revisions"}],"wp:featuredmedia":[{"embeddable":true,"href":"https:\/\/www.europesays.com\/fr\/wp-json\/wp\/v2\/media\/421609"}],"wp:attachment":[{"href":"https:\/\/www.europesays.com\/fr\/wp-json\/wp\/v2\/media?parent=421608"}],"wp:term":[{"taxonomy":"category","embeddable":true,"href":"https:\/\/www.europesays.com\/fr\/wp-json\/wp\/v2\/categories?post=421608"},{"taxonomy":"post_tag","embeddable":true,"href":"https:\/\/www.europesays.com\/fr\/wp-json\/wp\/v2\/tags?post=421608"}],"curies":[{"name":"wp","href":"https:\/\/api.w.org\/{rel}","templated":true}]}}