{"id":421617,"date":"2025-09-27T14:56:12","date_gmt":"2025-09-27T14:56:12","guid":{"rendered":"https:\/\/www.europesays.com\/fr\/421617\/"},"modified":"2025-09-27T14:56:12","modified_gmt":"2025-09-27T14:56:12","slug":"le-fils-de-gisele-halimi-fustige-le-choix-de-charlotte-gainsbourg-pour-jouer-sa-mere","status":"publish","type":"post","link":"https:\/\/www.europesays.com\/fr\/421617\/","title":{"rendered":"Le fils de Gis\u00e8le Halimi fustige le choix de Charlotte Gainsbourg pour jouer sa m\u00e8re"},"content":{"rendered":"<p>        <img decoding=\"async\" loading=\"lazy\" src=\"https:\/\/www.europesays.com\/fr\/wp-content\/uploads\/2025\/09\/471c9aa_1695133294918-gettyimages-1478834496.jpg\"  width=\"728\" height=\"410\" alt=\"Charlotte Gainsbourg a \u00e9t\u00e9 choisie pour jouer le r\u00f4le de Gis\u00e8le Halimi dans un film sur l\u2019affaire de Bobigny.\"\/>  <\/p>\n<p>Sylvain Lefevre \/ Getty Images<\/p>\n<p>Charlotte Gainsbourg a \u00e9t\u00e9 choisie pour jouer le r\u00f4le de Gis\u00e8le Halimi dans un film sur l\u2019affaire de Bobigny.<\/p>\n<p class=\"asset asset-text\">CIN\u00c9MA &#8211; Un casting qui fait pol\u00e9mique. Le fils de <a href=\"https:\/\/www.huffingtonpost.fr\/politique\/article\/l-entree-de-gisele-halimi-au-pantheon-marine-le-pen-est-fondamentalement-contre_215010.html\" target=\"_blank\" rel=\"noopener\">Gis\u00e8le Halimi <\/a>a contest\u00e9 ce vendredi 26\u00a0septembre le choix de<a href=\"https:\/\/www.huffingtonpost.fr\/culture\/article\/avec-la-maison-gainsbourg-charlotte-gainsbourg-a-enfin-fait-le-deuil-de-son-pere-serge-30-ans-apres-sa-mort-clx1_223286.html\" target=\"_blank\" rel=\"noopener\"> Charlotte Gainsbourg<\/a> pour interpr\u00e9ter le r\u00f4le de sa m\u00e8re dans le biopic qui lui est consacr\u00e9 et qui doit sortir courant 2026. Il pointe du doigt une tribune contre la reconnaissance de la Palestine par la France, sign\u00e9e par l\u2019actrice.<\/p>\n<p class=\"asset asset-text\">\u00ab\u00a0Elle aurait lu cette tribune collective avec d\u00e9go\u00fbt\u00a0\u00bb, a d\u00e9nonc\u00e9 Serge Halimi aupr\u00e8s du m\u00e9dia ind\u00e9pendant <a href=\"https:\/\/www.blast-info.fr\/articles\/2025\/serge-halimi-ma-mere-gisele-halimi-aurait-lu-cette-tribune-avec-degout-LhC7TPDMT-aL9Afdazvw5g\" target=\"_blank\" rel=\"noopener\" title=\"Nouvelle fen\u00eatre\">Blast<\/a>, regrettant que ce courrier ne mentionne pas \u00ab\u00a0les crimes de guerres isra\u00e9liens\u00a0\u00bb sur la bande de Gaza.<\/p>\n<p class=\"asset asset-text\">Vendredi 19\u00a0septembre, Charlotte Gainsbourg et plusieurs autres personnalit\u00e9s \u2013 dont l\u2019animateur Arthur ou Bernard-Henri L\u00e9vy \u2013 ont sign\u00e9 une lettre ouverte publi\u00e9e dans <a href=\"https:\/\/www.lefigaro.fr\/vox\/monde\/monsieur-le-president-vous-ne-pouvez-pas-reconnaitre-un-etat-palestinien-sans-conditions-prealables-l-appel-de-20-personnalites-20250919\" target=\"_blank\" rel=\"noopener\" title=\"Nouvelle fen\u00eatre\">Le Figaro<\/a>, demandant au pr\u00e9sident de la R\u00e9publique de conditionner la reconnaissance d\u2019un \u00c9tat palestinien \u00ab\u00a0\u00e0 la lib\u00e9ration des otages et au d\u00e9mant\u00e8lement du Hamas\u00a0\u00bb. \u00ab\u00a0C\u2019est \u00e0 ce prix, et \u00e0 ce prix seulement, que ce geste peut contribuer \u00e0 la paix. Ce serait sinon une capitulation morale face au terrorisme\u00a0\u00bb, poursuivait la lettre, publi\u00e9e quelques jours avant la reconnaissance de la Palestine, prononc\u00e9e par Emmanuel Macron \u00e0 l\u2019Assembl\u00e9e g\u00e9n\u00e9rale de l\u2019ONU.<\/p>\n<p>    Une p\u00e9tition en ligne    <\/p>\n<p class=\"asset asset-text\">Au-del\u00e0 de son combat pour le droit l\u2019avortement, ou encore pour l\u2019ind\u00e9pendance de l\u2019Alg\u00e9rie et de la Tunisie, Gis\u00e8le Halimi a toujours apport\u00e9 son soutien \u00e0 la cause palestinienne, rappelle son fils. Ce dernier souligne notamment son engagement pour le Tribunal Russel sur la Palestine, fond\u00e9 en 2009\u00a0pour \u00ab\u00a0mobiliser les opinions publiques\u00a0\u00bb sur le sort des Palestiniens. Elle a aussi assur\u00e9 la d\u00e9fense de Merwan Barghouti, membre du parti politique Fatah arr\u00eat\u00e9 par Isra\u00ebl et emprisonn\u00e9 depuis le d\u00e9but des ann\u00e9es 2000. Aupr\u00e8s du journal L\u2019Humanit\u00e9, elle avait \u00e9galement appel\u00e9 mettre \u00ab\u00a0fin \u00e0 l\u2019occupation isra\u00e9lienne\u00a0\u00bb.<\/p>\n<p class=\"asset asset-text\">Serge Halimi souligne par ailleurs qu\u2019il n\u2019a pas \u00e9t\u00e9 consult\u00e9 pour le choix de l\u2019actrice qui jouera le r\u00f4le de sa m\u00e8re, d\u00e9c\u00e9d\u00e9e en juillet\u00a02020\u00a0\u00e0 l\u2019\u00e2ge de 93\u00a0ans.<\/p>\n<p class=\"asset asset-text\">Il n\u2019est pas le seul \u00e0 contester ce choix puisqu\u2019une <a href=\"https:\/\/www.change.org\/p\/refusons-l-incarnation-falsifi%C3%A9e-de-gis%C3%A8le-halimi-par-charlotte-gainsbourg\" target=\"_blank\" rel=\"noopener\" title=\"Nouvelle fen\u00eatre\">p\u00e9tition<\/a> a \u00e9t\u00e9 lanc\u00e9e en ligne, appelant \u00e0 refuser \u00ab\u00a0l\u2019incarnation falsifi\u00e9e de Gis\u00e8le Halimi par Charlotte Gainsbourg\u00a0\u00bb. Elle cumule ce samedi pr\u00e8s de 8\u00a0700\u00a0signatures.<\/p>\n<p class=\"asset asset-text\">Le film qui doit sortir en 2026\u00a0se concentrera sur l\u2019affaire Marie Chevalier, que Gis\u00e8le Halimi a d\u00e9fendue dans le proc\u00e8s de Bobigny pour avortement ill\u00e9gal.<\/p>\n","protected":false},"excerpt":{"rendered":"Sylvain Lefevre \/ Getty Images Charlotte Gainsbourg a \u00e9t\u00e9 choisie pour jouer le r\u00f4le de Gis\u00e8le Halimi dans&hellip;\n","protected":false},"author":2,"featured_media":421618,"comment_status":"","ping_status":"","sticky":false,"template":"","format":"standard","meta":{"footnotes":""},"categories":[8],"tags":[10498,650,251,58,59,1011,27,39708,3518],"class_list":{"0":"post-421617","1":"post","2":"type-post","3":"status-publish","4":"format-standard","5":"has-post-thumbnail","7":"category-divertissement","8":"tag-charlotte-gainsbourg","9":"tag-cinema","10":"tag-culture","11":"tag-divertissement","12":"tag-entertainment","13":"tag-fr","14":"tag-france","15":"tag-gisele-halimi","16":"tag-palestine"},"share_on_mastodon":{"url":"https:\/\/pubeurope.com\/@fr\/115276846496552049","error":""},"_links":{"self":[{"href":"https:\/\/www.europesays.com\/fr\/wp-json\/wp\/v2\/posts\/421617","targetHints":{"allow":["GET"]}}],"collection":[{"href":"https:\/\/www.europesays.com\/fr\/wp-json\/wp\/v2\/posts"}],"about":[{"href":"https:\/\/www.europesays.com\/fr\/wp-json\/wp\/v2\/types\/post"}],"author":[{"embeddable":true,"href":"https:\/\/www.europesays.com\/fr\/wp-json\/wp\/v2\/users\/2"}],"replies":[{"embeddable":true,"href":"https:\/\/www.europesays.com\/fr\/wp-json\/wp\/v2\/comments?post=421617"}],"version-history":[{"count":0,"href":"https:\/\/www.europesays.com\/fr\/wp-json\/wp\/v2\/posts\/421617\/revisions"}],"wp:featuredmedia":[{"embeddable":true,"href":"https:\/\/www.europesays.com\/fr\/wp-json\/wp\/v2\/media\/421618"}],"wp:attachment":[{"href":"https:\/\/www.europesays.com\/fr\/wp-json\/wp\/v2\/media?parent=421617"}],"wp:term":[{"taxonomy":"category","embeddable":true,"href":"https:\/\/www.europesays.com\/fr\/wp-json\/wp\/v2\/categories?post=421617"},{"taxonomy":"post_tag","embeddable":true,"href":"https:\/\/www.europesays.com\/fr\/wp-json\/wp\/v2\/tags?post=421617"}],"curies":[{"name":"wp","href":"https:\/\/api.w.org\/{rel}","templated":true}]}}