{"id":421619,"date":"2025-09-27T14:57:10","date_gmt":"2025-09-27T14:57:10","guid":{"rendered":"https:\/\/www.europesays.com\/fr\/421619\/"},"modified":"2025-09-27T14:57:10","modified_gmt":"2025-09-27T14:57:10","slug":"resistance-autonomie-qualite-photo-que-vaut-liphone-air-le-premier-smartphone-fin-dapple","status":"publish","type":"post","link":"https:\/\/www.europesays.com\/fr\/421619\/","title":{"rendered":"R\u00e9sistance, autonomie, qualit\u00e9 photo&#8230; Que vaut l\u2019iPhone Air, le premier \u00absmartphone fin\u00bb d\u2019Apple\u00a0?"},"content":{"rendered":"<p><strong>REPORTAGE &#8211;<\/strong> Mesurant tout juste 5,6\u00a0mm d\u2019\u00e9paisseur, l\u2019iPhone Air \u00e9trenne une nouvelle \u00e8re pour la mobilit\u00e9 et pour le g\u00e9ant am\u00e9ricain.<\/p>\n<p class=\"fig-paragraph\">On croirait qu\u2019il en manque un bout\u00a0!\u00a0<a href=\"http:\/\/www.lefigaro.fr\/flash-eco\/apple-exhorte-l-ue-a-abandonner-sa-loi-phare-contre-les-abus-des-geants-de-la-tech-20250925\" target=\"_blank\" data-fig-type=\"NewsFlash\" rel=\"noopener\" data-gtm-custom-categorie=\"navigation\" data-gtm-custom-action=\"crossclick\" data-gtm-custom-label=\"Contextuel\" data-gtm-event=\"customEventSPE\" data-fig-domain=\"LEFIGARO\">Apple<\/a>\u00a0nous a habitu\u00e9s, depuis 2007, \u00e0 des mod\u00e8les aux designs \u00e9volutifs mais relativement similaires, except\u00e9 en ce qui concerne la taille. Cette fois, le constructeur am\u00e9ricain cr\u00e9e la surprise en faisant subir une cure de minceur drastique \u00e0 son nouveau smartphone. Baptis\u00e9 \u00ab\u00a0<a href=\"http:\/\/www.lefigaro.fr\/secteur\/high-tech\/avec-son-iphone-17-air-apple-se-met-au-regime-en-attendant-l-intelligence-artificielle-20250910\" target=\"_blank\" data-fig-type=\"Article\" rel=\"noopener\" data-gtm-custom-categorie=\"navigation\" data-gtm-custom-action=\"crossclick\" data-gtm-custom-label=\"Contextuel\" data-gtm-event=\"customEventSPE\" data-fig-domain=\"LEFIGARO\">iPhone Air<\/a>\u00a0\u00bb, \u00e0 la mani\u00e8re du MacBook Air, la version all\u00e9g\u00e9e de son ordinateur portable, il ne p\u00e8se que 165\u00a0g (contre 231\u00a0g pour l\u2019iPhone\u00a017 Pro Max) et ne mesure que 5,6\u00a0cm sur 80\u00a0% de son corps (8,75\u00a0cm pour le Pro Max), except\u00e9 un plateau sup\u00e9rieur concentrant l\u2019unique capteur et\u2026 toute l\u2019\u00e9lectronique. Le reste du bo\u00eetier ne contient en effet que la batterie. Malgr\u00e9 ce r\u00e9gime draconien, l\u2019iPhone conserve un \u00e9cran 6,3\u00a0pouces, ainsi qu\u2019une puissance et une autonomie comparables \u00e0 la g\u00e9n\u00e9ration pr\u00e9c\u00e9dente (27\u00a0heures en lecture vid\u00e9o, \u00e9quivalent \u00e0 l\u2019iPhone\u00a016 Pro). Une performance notable. En revanche, l\u2019unique capteur dorsal se voit contraint \u00e0 quelques compromis, qu\u2019il\u2026<\/p>\n<p class=\"fig-premium-paywall__infos\">\n        Cet article est r\u00e9serv\u00e9 aux abonn\u00e9s.        Il vous reste 85% \u00e0 d\u00e9couvrir.\n    <\/p>\n<p>                <img  data- alt=\"Le Figaro\" class=\"fig-img--complete fig-img\"\/><\/p>\n<p class=\"fig-premium-paywall__title\">Vous avez envie de lire la suite ?<\/p>\n<p class=\"fig-premium-paywall__subtitle\">D\u00e9bloquez tous les articles imm\u00e9diatement.<\/p>\n<p class=\"fig-premium-paywall__connect\">\n                D\u00e9j\u00e0 abonn\u00e9\u00a0?                <a class=\"fig-premium-paywall__connect-link\" href=\"https:\/\/connect.lefigaro.fr\/login?client=horizon_web&amp;type=main&amp;redirect_uri=https%3A%2F%2Fwww.lefigaro.fr%2Fsecteur%2Fhigh-tech%2Fresistance-autonomie-qualite-photo-que-vaut-l-iphone-air-le-premier-smartphone-fin-d-apple-20250927\" data-js-gtm=\"{&quot;customCategorie&quot;: &quot;conversion&quot;, &quot;customAction&quot;: &quot;before_Landing_Connexion_paywall_auto&quot;, &quot;customLabel&quot;: &quot;bGVmaWdhcm8uZnJfXzFmMDk5NjkxLTllYWQtNjVmZS1hZTRkLWEzNmJiZjk1M2YyZl9fQXJ0aWNsZQ==_R\u00e9sistance, autonomie, qualit\u00e9 photo... Que vaut l\u2019iPhone Air, le premier \u00absmartphone fin\u00bb d\u2019Apple\u00a0?_1000&quot;, &quot;customIDSPE&quot;: &quot;bGVmaWdhcm8uZnJfXzFmMDk5NjkxLTllYWQtNjVmZS1hZTRkLWEzNmJiZjk1M2YyZl9fQXJ0aWNsZQ==&quot;, &quot;event&quot;: &quot;customEventSPE&quot;}\" target=\"_blank\" rel=\"noopener\"><br \/>\n                    Connectez-vous<br \/>\n                <\/a>\n            <\/p>\n","protected":false},"excerpt":{"rendered":"REPORTAGE &#8211; Mesurant tout juste 5,6\u00a0mm d\u2019\u00e9paisseur, l\u2019iPhone Air \u00e9trenne une nouvelle \u00e8re pour la mobilit\u00e9 et pour&hellip;\n","protected":false},"author":2,"featured_media":421620,"comment_status":"","ping_status":"","sticky":false,"template":"","format":"standard","meta":{"footnotes":""},"categories":[7],"tags":[733,51,1011,27,655,962,1756,43,40,41,39,724,42,44],"class_list":{"0":"post-421619","1":"post","2":"type-post","3":"status-publish","4":"format-standard","5":"has-post-thumbnail","7":"category-sciences-et-technologies","8":"tag-apple","9":"tag-ecologie","10":"tag-fr","11":"tag-france","12":"tag-iphone","13":"tag-nouvelles-technologies","14":"tag-photographie","15":"tag-science","16":"tag-science-and-technology","17":"tag-sciences","18":"tag-sciences-et-technologies","19":"tag-smartphone","20":"tag-technologies","21":"tag-technology"},"share_on_mastodon":{"url":"https:\/\/pubeurope.com\/@fr\/115276850407381504","error":""},"_links":{"self":[{"href":"https:\/\/www.europesays.com\/fr\/wp-json\/wp\/v2\/posts\/421619","targetHints":{"allow":["GET"]}}],"collection":[{"href":"https:\/\/www.europesays.com\/fr\/wp-json\/wp\/v2\/posts"}],"about":[{"href":"https:\/\/www.europesays.com\/fr\/wp-json\/wp\/v2\/types\/post"}],"author":[{"embeddable":true,"href":"https:\/\/www.europesays.com\/fr\/wp-json\/wp\/v2\/users\/2"}],"replies":[{"embeddable":true,"href":"https:\/\/www.europesays.com\/fr\/wp-json\/wp\/v2\/comments?post=421619"}],"version-history":[{"count":0,"href":"https:\/\/www.europesays.com\/fr\/wp-json\/wp\/v2\/posts\/421619\/revisions"}],"wp:featuredmedia":[{"embeddable":true,"href":"https:\/\/www.europesays.com\/fr\/wp-json\/wp\/v2\/media\/421620"}],"wp:attachment":[{"href":"https:\/\/www.europesays.com\/fr\/wp-json\/wp\/v2\/media?parent=421619"}],"wp:term":[{"taxonomy":"category","embeddable":true,"href":"https:\/\/www.europesays.com\/fr\/wp-json\/wp\/v2\/categories?post=421619"},{"taxonomy":"post_tag","embeddable":true,"href":"https:\/\/www.europesays.com\/fr\/wp-json\/wp\/v2\/tags?post=421619"}],"curies":[{"name":"wp","href":"https:\/\/api.w.org\/{rel}","templated":true}]}}