{"id":421627,"date":"2025-09-27T15:02:10","date_gmt":"2025-09-27T15:02:10","guid":{"rendered":"https:\/\/www.europesays.com\/fr\/421627\/"},"modified":"2025-09-27T15:02:10","modified_gmt":"2025-09-27T15:02:10","slug":"incendies-a-saint-etienne-et-chazelles-sur-lyon-six-personnes-relogees-une-personne-hospitalisee","status":"publish","type":"post","link":"https:\/\/www.europesays.com\/fr\/421627\/","title":{"rendered":"Incendies \u00e0 Saint-\u00c9tienne\u00a0et Chazelles-sur-Lyon : six personnes relog\u00e9es, une personne hospitalis\u00e9e\u00a0"},"content":{"rendered":"<p>Deux incendies se sont d\u00e9clar\u00e9s presque simultan\u00e9ment ce samedi matin 27 septembre, dans des appartements situ\u00e9s \u00e0 Chazelles-sur-Lyon et \u00e0 Saint-\u00c9tienne. Au total, six personnes ont d\u00fb \u00eatre relog\u00e9es.<\/p>\n<p>Dans la matin\u00e9e de <b>ce samedi 27 septembre<\/b>, un incendie s&rsquo;est d\u00e9clar\u00e9 dans une habitation situ\u00e9e en centre-ville de <b>Chazelles-sur-Lyon<\/b>.<\/p>\n<p>Selon <a class=\"url\" href=\"https:\/\/c.leprogres.fr\/faits-divers-justice\/2025\/09\/27\/un-incendie-se-declare-dans-un-appartement-du-centre-ville\" target=\"_blank\" rel=\"noopener\">Le Progr\u00e8s<\/a>, le feu a touch\u00e9 le rez-de-chauss\u00e9e ainsi que le premier \u00e9tage du logement. Les sapeurs-pompiers sont parvenus \u00e0 ma\u00eetriser l&rsquo;incendie depuis l&rsquo;ext\u00e9rieur \u00e0 l&rsquo;aide d&rsquo;une lance \u00e0 incendie.<\/p>\n<p>Six personnes relog\u00e9es et une victime transport\u00e9e \u00e0 l&rsquo;h\u00f4pital\u00a0<\/p>\n<p>Le locataire, qui se trouvait \u00e0 l&rsquo;int\u00e9rieur du logement, a \u00e9t\u00e9 alert\u00e9 par un voisin qui l&rsquo;a aid\u00e9 \u00e0 quitter le b\u00e2timent. Pris en charge par les sapeurs-pompiers apr\u00e8s avoir inhal\u00e9 des fum\u00e9es, le bless\u00e9 a \u00e9t\u00e9 transport\u00e9 vers un centre hospitalier.<\/p>\n<p>Au total, vingt-sept sapeurs-pompiers ont particip\u00e9 aux op\u00e9rations de secours. La municipalit\u00e9 de Chazelles-sur-Lyon est charg\u00e9e du relogement du couple de locataires suite \u00e0 cet incendie.<\/p>\n<p><img loading=\"lazy\" decoding=\"async\" src=\"https:\/\/www.europesays.com\/fr\/wp-content\/uploads\/2025\/09\/1758985330_666_img\" width=\"350\" height=\"200\" border=\"0\" title=\"Un couple \u00c3\u00a2g\u00c3\u00a9\"\/><\/p>\n<p>\u25baSoci\u00e9t\u00e9<\/p>\n<p style=\"font-size: 22px;\"><b>Les secrets d&rsquo;un couple qui dure : notre coach love Cl\u00e9mentine Mermet-Mar\u00e9chal vous \u00e9claire<\/b><\/p>\n<p>Chaque semaine, la love coach de Radio SCOOP Cl\u00e9mentine&#8230;<\/p>\n<p><\/p>\n","protected":false},"excerpt":{"rendered":"Deux incendies se sont d\u00e9clar\u00e9s presque simultan\u00e9ment ce samedi matin 27 septembre, dans des appartements situ\u00e9s \u00e0 Chazelles-sur-Lyon&hellip;\n","protected":false},"author":2,"featured_media":421628,"comment_status":"","ping_status":"","sticky":false,"template":"","format":"standard","meta":{"footnotes":""},"categories":[9653],"tags":[1111,11,2430,55059,1777,674,1011,27,5480,1310,12,4775,25,4001],"class_list":{"0":"post-421627","1":"post","2":"type-post","3":"status-publish","4":"format-standard","5":"has-post-thumbnail","7":"category-saint-etienne","8":"tag-actu","9":"tag-actualites","10":"tag-auvergne-rhone-alpes","11":"tag-chazelles-sur-lyon","12":"tag-eu","13":"tag-europe","14":"tag-fr","15":"tag-france","16":"tag-immeuble","17":"tag-incendie","18":"tag-news","19":"tag-pompier","20":"tag-republique-francaise","21":"tag-saint-etienne"},"share_on_mastodon":{"url":"https:\/\/pubeurope.com\/@fr\/115276870489094888","error":""},"_links":{"self":[{"href":"https:\/\/www.europesays.com\/fr\/wp-json\/wp\/v2\/posts\/421627","targetHints":{"allow":["GET"]}}],"collection":[{"href":"https:\/\/www.europesays.com\/fr\/wp-json\/wp\/v2\/posts"}],"about":[{"href":"https:\/\/www.europesays.com\/fr\/wp-json\/wp\/v2\/types\/post"}],"author":[{"embeddable":true,"href":"https:\/\/www.europesays.com\/fr\/wp-json\/wp\/v2\/users\/2"}],"replies":[{"embeddable":true,"href":"https:\/\/www.europesays.com\/fr\/wp-json\/wp\/v2\/comments?post=421627"}],"version-history":[{"count":0,"href":"https:\/\/www.europesays.com\/fr\/wp-json\/wp\/v2\/posts\/421627\/revisions"}],"wp:featuredmedia":[{"embeddable":true,"href":"https:\/\/www.europesays.com\/fr\/wp-json\/wp\/v2\/media\/421628"}],"wp:attachment":[{"href":"https:\/\/www.europesays.com\/fr\/wp-json\/wp\/v2\/media?parent=421627"}],"wp:term":[{"taxonomy":"category","embeddable":true,"href":"https:\/\/www.europesays.com\/fr\/wp-json\/wp\/v2\/categories?post=421627"},{"taxonomy":"post_tag","embeddable":true,"href":"https:\/\/www.europesays.com\/fr\/wp-json\/wp\/v2\/tags?post=421627"}],"curies":[{"name":"wp","href":"https:\/\/api.w.org\/{rel}","templated":true}]}}