{"id":421631,"date":"2025-09-27T15:04:14","date_gmt":"2025-09-27T15:04:14","guid":{"rendered":"https:\/\/www.europesays.com\/fr\/421631\/"},"modified":"2025-09-27T15:04:14","modified_gmt":"2025-09-27T15:04:14","slug":"la-tour-panoramique-de-maxeville-fait-ses-adieux-en-beaute","status":"publish","type":"post","link":"https:\/\/www.europesays.com\/fr\/421631\/","title":{"rendered":"la tour panoramique de Max\u00e9ville fait ses adieux en beaut\u00e9"},"content":{"rendered":"<p>Dans une atmosph\u00e8re charg\u00e9e d\u2019\u00e9motion, la tour panoramique de Max\u00e9ville s\u2019est transform\u00e9e en sc\u00e8ne verticale pour un dernier hommage spectaculaire. Les pompiers ont impressionn\u00e9 le public par une d\u00e9monstration de sauvetage en conditions extr\u00eames : \u00e9vacuation depuis le toit, descente en rappel le long des fa\u00e7ades, illustrant leur ma\u00eetrise face aux d\u00e9fis des immeubles de grande hauteur. Suspendus aux murs, les danseurs ont offert une chor\u00e9graphie a\u00e9rienne bouleversante, m\u00ealant gr\u00e2ce et gravit\u00e9, sur la lecture de t\u00e9moignages d\u2019anciens r\u00e9sidants. Dans les yeux des nombreux spectateurs, riverains et curieux, se lisaient la nostalgie, la fiert\u00e9 et l\u2019\u00e9merveillement d\u2019un adieu hors du commun.<\/p>\n","protected":false},"excerpt":{"rendered":"Dans une atmosph\u00e8re charg\u00e9e d\u2019\u00e9motion, la tour panoramique de Max\u00e9ville s\u2019est transform\u00e9e en sc\u00e8ne verticale pour un dernier&hellip;\n","protected":false},"author":2,"featured_media":421632,"comment_status":"","ping_status":"","sticky":false,"template":"","format":"standard","meta":{"footnotes":""},"categories":[9635],"tags":[1111,11,1704,1777,674,107,1011,27,2798,775,10061,1702,12,2661,25,3140],"class_list":{"0":"post-421631","1":"post","2":"type-post","3":"status-publish","4":"format-standard","5":"has-post-thumbnail","7":"category-nancy","8":"tag-actu","9":"tag-actualites","10":"tag-edition-nancy-et-agglomeration","11":"tag-eu","12":"tag-europe","13":"tag-fil-info","14":"tag-fr","15":"tag-france","16":"tag-galerie-photo","17":"tag-grand-est","18":"tag-maxeville","19":"tag-nancy","20":"tag-news","21":"tag-patrimoine-culturel","22":"tag-republique-francaise","23":"tag-spectacle"},"share_on_mastodon":{"url":"https:\/\/pubeurope.com\/@fr\/115276878586983834","error":""},"_links":{"self":[{"href":"https:\/\/www.europesays.com\/fr\/wp-json\/wp\/v2\/posts\/421631","targetHints":{"allow":["GET"]}}],"collection":[{"href":"https:\/\/www.europesays.com\/fr\/wp-json\/wp\/v2\/posts"}],"about":[{"href":"https:\/\/www.europesays.com\/fr\/wp-json\/wp\/v2\/types\/post"}],"author":[{"embeddable":true,"href":"https:\/\/www.europesays.com\/fr\/wp-json\/wp\/v2\/users\/2"}],"replies":[{"embeddable":true,"href":"https:\/\/www.europesays.com\/fr\/wp-json\/wp\/v2\/comments?post=421631"}],"version-history":[{"count":0,"href":"https:\/\/www.europesays.com\/fr\/wp-json\/wp\/v2\/posts\/421631\/revisions"}],"wp:featuredmedia":[{"embeddable":true,"href":"https:\/\/www.europesays.com\/fr\/wp-json\/wp\/v2\/media\/421632"}],"wp:attachment":[{"href":"https:\/\/www.europesays.com\/fr\/wp-json\/wp\/v2\/media?parent=421631"}],"wp:term":[{"taxonomy":"category","embeddable":true,"href":"https:\/\/www.europesays.com\/fr\/wp-json\/wp\/v2\/categories?post=421631"},{"taxonomy":"post_tag","embeddable":true,"href":"https:\/\/www.europesays.com\/fr\/wp-json\/wp\/v2\/tags?post=421631"}],"curies":[{"name":"wp","href":"https:\/\/api.w.org\/{rel}","templated":true}]}}