{"id":421633,"date":"2025-09-27T15:05:17","date_gmt":"2025-09-27T15:05:17","guid":{"rendered":"https:\/\/www.europesays.com\/fr\/421633\/"},"modified":"2025-09-27T15:05:17","modified_gmt":"2025-09-27T15:05:17","slug":"basket-asvel-sluc-nancy-lyon-villeurbanne-a-reduit-la-voilure","status":"publish","type":"post","link":"https:\/\/www.europesays.com\/fr\/421633\/","title":{"rendered":"Basket. ASVEL &#8211; SLUC Nancy\u00a0: Lyon-Villeurbanne a r\u00e9duit la voilure"},"content":{"rendered":"<p>ASVEL &#8211; SLUC<\/p>\n<p>Ce dimanche (19 h)<\/p>\n<p>Engag\u00e9e avec un encadrement de sa masse salariale (qui a baiss\u00e9 de 30% par rapport \u00e0 la saison derni\u00e8re), l\u2019ASVEL de Tony Parker a encore r\u00e9duit la voilure. Moins puissant que par le pass\u00e9, moins clinquant que celui de Monaco ou Paris, l\u2019effectif villeurbannais va balancer entre une exp\u00e9rience bien tremp\u00e9e (Lighty, De Colo, Heurtel, Jackson) et un escadron de \u00ab\u00a0potentiels\u00a0\u00bb qui vont devoir prouver au plus haut niveau de la Betclic \u00c9lite et en Euroleague. \u00c0 l\u2019image de <a href=\"https:\/\/www.estrepublicain.fr\/sport\/2025\/09\/25\/avant-asvel-sluc-nancy-la-remarquable-ascension-de-bastien-vautier\" target=\"_blank\" rel=\"noopener\">l\u2019ancien Nanc\u00e9ien Bastien Vautier<\/a> (Cholet), du meneur US Glynn Watson (Gravelines-Dunkerque), ou encore des int\u00e9rieurs Bodian Massa (Manresa) et Zac Seljaas (Wurzburg).<\/p>\n<p>Malgr\u00e9 l\u2019absence de la recrue phare Thomas Heurtel (La Corogne) pendant la pr\u00e9paration (encore convalescent suite \u00e0 une blessure au mollet), l\u2019\u00e9quipe de Pierric Poupet a engrang\u00e9 des succ\u00e8s et de la confiance. De quoi arriver \u00e0 l\u2019heure aux premiers rendez-vous de la saison. Dans la foul\u00e9e de la r\u00e9ception du SLUC, ce dimanche \u00e0 l\u2019Astroballe, l\u2019ASVEL entamera sa campagne d\u2019Euroleague, le 1er \u00a0octobre face \u00e0 Valence, avant d\u2019accueillir Vitoria et un certain Cl\u00e9ment Frisch deux jours plus tard.<\/p>\n","protected":false},"excerpt":{"rendered":"ASVEL &#8211; SLUC Ce dimanche (19 h) Engag\u00e9e avec un encadrement de sa masse salariale (qui a baiss\u00e9&hellip;\n","protected":false},"author":2,"featured_media":421634,"comment_status":"","ping_status":"","sticky":false,"template":"","format":"standard","meta":{"footnotes":""},"categories":[9635],"tags":[1111,11,1791,1704,1777,674,107,1701,1011,27,775,1702,1703,12,25,11567,517,1700],"class_list":{"0":"post-421633","1":"post","2":"type-post","3":"status-publish","4":"format-standard","5":"has-post-thumbnail","7":"category-nancy","8":"tag-actu","9":"tag-actualites","10":"tag-basket-ball","11":"tag-edition-nancy-et-agglomeration","12":"tag-eu","13":"tag-europe","14":"tag-fil-info","15":"tag-fil-info-sport","16":"tag-fr","17":"tag-france","18":"tag-grand-est","19":"tag-nancy","20":"tag-nancy-ville-54b","21":"tag-news","22":"tag-republique-francaise","23":"tag-sluc","24":"tag-sport","25":"tag-sport-lorrain"},"share_on_mastodon":{"url":"https:\/\/pubeurope.com\/@fr\/115276881813907952","error":""},"_links":{"self":[{"href":"https:\/\/www.europesays.com\/fr\/wp-json\/wp\/v2\/posts\/421633","targetHints":{"allow":["GET"]}}],"collection":[{"href":"https:\/\/www.europesays.com\/fr\/wp-json\/wp\/v2\/posts"}],"about":[{"href":"https:\/\/www.europesays.com\/fr\/wp-json\/wp\/v2\/types\/post"}],"author":[{"embeddable":true,"href":"https:\/\/www.europesays.com\/fr\/wp-json\/wp\/v2\/users\/2"}],"replies":[{"embeddable":true,"href":"https:\/\/www.europesays.com\/fr\/wp-json\/wp\/v2\/comments?post=421633"}],"version-history":[{"count":0,"href":"https:\/\/www.europesays.com\/fr\/wp-json\/wp\/v2\/posts\/421633\/revisions"}],"wp:featuredmedia":[{"embeddable":true,"href":"https:\/\/www.europesays.com\/fr\/wp-json\/wp\/v2\/media\/421634"}],"wp:attachment":[{"href":"https:\/\/www.europesays.com\/fr\/wp-json\/wp\/v2\/media?parent=421633"}],"wp:term":[{"taxonomy":"category","embeddable":true,"href":"https:\/\/www.europesays.com\/fr\/wp-json\/wp\/v2\/categories?post=421633"},{"taxonomy":"post_tag","embeddable":true,"href":"https:\/\/www.europesays.com\/fr\/wp-json\/wp\/v2\/tags?post=421633"}],"curies":[{"name":"wp","href":"https:\/\/api.w.org\/{rel}","templated":true}]}}