{"id":421643,"date":"2025-09-27T15:11:11","date_gmt":"2025-09-27T15:11:11","guid":{"rendered":"https:\/\/www.europesays.com\/fr\/421643\/"},"modified":"2025-09-27T15:11:11","modified_gmt":"2025-09-27T15:11:11","slug":"cest-quoi-ce-nouveau-tapis-de-marche-avec-un-ecran-a-360-degres-inaugure-pres-de-rouen","status":"publish","type":"post","link":"https:\/\/www.europesays.com\/fr\/421643\/","title":{"rendered":"C&rsquo;est quoi ce nouveau tapis de marche avec un \u00e9cran \u00e0 360 degr\u00e9s inaugur\u00e9 pr\u00e8s de Rouen\u00a0?"},"content":{"rendered":"<p>            Par<br \/>\n        <strong><br \/>\n            <a href=\"https:\/\/actu.fr\/auteur\/laredaction\" title=\"Consulter tous les articles de R\u00e9daction Normandie\" rel=\"nofollow noopener\" target=\"_blank\">R\u00e9daction Normandie<\/a><br \/>\n        <\/strong><\/p>\n<p>        Publi\u00e9 le<\/p>\n<p>            27 sept. 2025 \u00e0 16h36        <\/p>\n<p>La <strong>haute technologie<\/strong> se met aussi au service des professionnels de sant\u00e9 et des patients. C\u2019est le cas au centre r\u00e9gional de m\u00e9decine physique et de r\u00e9adaptation Les Herbiers du groupe UGECAM (Union pour la gestion des \u00e9tablissements des caisses de l\u2019Assurance Maladie), \u00e0 <a href=\"https:\/\/actu.fr\/normandie\/bois-guillaume_76108\" rel=\"nofollow noopener\" target=\"_blank\">Bois-Guillaume<\/a> qui a r\u00e9cemment inaugur\u00e9 un tout nouveau dispositif.<\/p>\n<p>De nombreuses personnalit\u00e9s pr\u00e9sentes<\/p>\n<p class=\" wall-content\">Jeudi 18 septembre, en pr\u00e9sence d\u2019une brochette d\u2019\u00e9lus, le directeur g\u00e9n\u00e9ral UGECAM Normandie Julien Bordron a coup\u00e9 le ruban tricolore, afin d\u2019inaugurer le <strong>LAQM<\/strong> (laboratoire d\u2019analyse quantifi\u00e9e de la marche).<\/p>\n<p>    <img   decoding=\"async\" loading=\"lazy\" class=\"size-large\" src=\"https:\/\/www.europesays.com\/fr\/wp-content\/uploads\/2025\/09\/867fe3060dc867a7fe3060dc88e7fev-960x640.jpg\" alt=\"Bois Guillaume LAQM Les Herbiers\" width=\"960\" height=\"640\"\/><br \/>\n    De nombreux \u00e9lus sont venus couper le ruban du Laboratoire d\u2019analyse quantifi\u00e9e de la marche et du mouvement LAQM. \u00a9Le Bulletin<\/p>\n<p class=\" wall-content\">Ce laboratoire a pour objectif d\u2019offrir aux soignants et aux patients, \u00ab une analyse <strong>biom\u00e9canique de haute pr\u00e9cision<\/strong> et des programmes de r\u00e9\u00e9ducation personnalis\u00e9s gr\u00e2ce \u00e0 la r\u00e9alit\u00e9 virtuelle immersive et des technologies avanc\u00e9es \u00bb, a soulign\u00e9 Julien Bordron, pr\u00e9cisant que le LAQM s\u2019adresse \u00e0 tous types de patients : enfants, adultes, personnes \u00e2g\u00e9es, patients en fauteuil roulant ou atteints de pathologies neurologiques.<\/p>\n<p>La concr\u00e9tisation d\u2019une \u00ab id\u00e9e un peu folle \u00bb<\/p>\n<p class=\" wall-content\">\u00ab Ce laboratoire est parti d\u2019une id\u00e9e un peu folle de notre directeur coordinateur Yohann Delarue. Rien n\u2019est plus convaincant qu\u2019un m\u00e9decin convaincu que les innovations sont bonnes pour les patients. C\u2019est un projet unique en Normandie \u00bb, a ajout\u00e9 le directeur g\u00e9n\u00e9ral.<\/p>\n<blockquote class=\"ac-article-quote wall-content\">\n<p>Le principe de l\u2019outil est un tapis de marche asservi au sujet avec deux plateformes ind\u00e9pendantes, une immersion avec un \u00e9cran \u00e0 360\u00b0 et des cam\u00e9ras qui visent des marqueurs dans l\u2019espace.<\/p>\n<p>Docteur Gr\u00e9goire Prum<\/p><\/blockquote>\n<p class=\" wall-content\">Laur\u00e9at de l\u2019appel \u00e0 projet de la M\u00e9tropole Rouen Normandie, \u00ab Plateforme technologique de sant\u00e9 en 2023 \u00bb, et dot\u00e9 d\u2019une somme d\u2019un peu plus de 400 000 euros, \u00ab ce laboratoire vise \u00e0 renforcer la visibilit\u00e9 de l\u2019\u00e9tablissement dans l\u2019espace r\u00e9gional et national \u00bb, a compl\u00e9t\u00e9 Nicolas Mayer-Rossignol.<\/p>\n<p>Votre r\u00e9gion, votre actu !<\/p>\n<p>Recevez chaque jour les infos qui comptent pour vous.<\/p>\n<p>\t<a href=\"https:\/\/actu.fr\/newsletter\" class=\"ac-btn ac-btn--corner ac-btn--medium ac-btn--blue800\" rel=\"nofollow noopener\" target=\"_blank\">S&rsquo;incrire<\/a><\/p>\n<p>    <img   decoding=\"async\" loading=\"lazy\" class=\"size-large\" src=\"https:\/\/www.europesays.com\/fr\/wp-content\/uploads\/2025\/09\/e2a8b3060dc86d6a8b3060dc8eaa8bv-960x640.jpg\" alt=\"Bois Guillaume LAQM Les Herbiers\" width=\"960\" height=\"640\"\/><br \/>\n    Julien Bordron a indiqu\u00e9 que le dispositif est ouvert \u00e0 tous est unique en Normandie. \u00a9Le Bulletin<\/p>\n<p class=\" wall-content\">L\u2019inauguration s\u2019est poursuivie par une visite du laboratoire : \u00ab le principe de l\u2019outil est un tapis de marche asservi au sujet avec deux plateformes ind\u00e9pendantes, une immersion avec un \u00e9cran \u00e0 360\u00b0 et des cam\u00e9ras qui visent des marqueurs dans l\u2019espace. Le patient est s\u00e9curis\u00e9 par un harnais et dot\u00e9 de deux capteurs \u00e0 l\u2019avant et \u00e0 l\u2019arri\u00e8re pour enregistrer ses d\u00e9placements et sa stabilit\u00e9 \u00bb, a expliqu\u00e9 le Docteur Gr\u00e9goire Prum.<\/p>\n<p>Suivez l\u2019actualit\u00e9 de Rouen sur notre<a href=\"https:\/\/www.whatsapp.com\/channel\/0029VaKfnf99hXF2ddApFB1D\" rel=\"nofollow noopener\" target=\"_blank\"> cha\u00eene WhatsApp<\/a> et sur notre <a href=\"https:\/\/www.tiktok.com\/@76actu.fr?lang=fr\" rel=\"nofollow noopener\" target=\"_blank\">compte TikTok<\/a><\/p>\n<p class=\" wall-content\">Personnalisez votre actualit\u00e9 en ajoutant vos villes et m\u00e9dias en favori avec <a href=\"https:\/\/moncompte.actu.fr\" title=\"D\u00e9couvez Mon Actu\" rel=\"nofollow noopener\" data-trk=\"{&quot;cta&quot;:{&quot;action&quot;:&quot;https:\\\/\\\/moncompte.actu.fr&quot;,&quot;category&quot;:&quot;mon compte&quot;,&quot;from&quot;:&quot;article footer&quot;,&quot;name&quot;:&quot;Mon actu&quot;,&quot;type&quot;:&quot;cta&quot;}}\" target=\"_blank\">Mon Actu<\/a>.<\/p>\n<p>                    <script async src=\"\/\/www.tiktok.com\/embed.js\"><\/script><\/p>\n","protected":false},"excerpt":{"rendered":"Par R\u00e9daction Normandie Publi\u00e9 le 27 sept. 2025 \u00e0 16h36 La haute technologie se met aussi au service&hellip;\n","protected":false},"author":2,"featured_media":421644,"comment_status":"","ping_status":"","sticky":false,"template":"","format":"standard","meta":{"footnotes":""},"categories":[9587],"tags":[1111,11,1777,674,1011,27,12,5161,25,9590,71,104,2086],"class_list":{"0":"post-421643","1":"post","2":"type-post","3":"status-publish","4":"format-standard","5":"has-post-thumbnail","7":"category-rouen","8":"tag-actu","9":"tag-actualites","10":"tag-eu","11":"tag-europe","12":"tag-fr","13":"tag-france","14":"tag-news","15":"tag-normandie","16":"tag-republique-francaise","17":"tag-rouen","18":"tag-sante","19":"tag-societe","20":"tag-travaux"},"share_on_mastodon":{"url":"https:\/\/pubeurope.com\/@fr\/115276905593989824","error":""},"_links":{"self":[{"href":"https:\/\/www.europesays.com\/fr\/wp-json\/wp\/v2\/posts\/421643","targetHints":{"allow":["GET"]}}],"collection":[{"href":"https:\/\/www.europesays.com\/fr\/wp-json\/wp\/v2\/posts"}],"about":[{"href":"https:\/\/www.europesays.com\/fr\/wp-json\/wp\/v2\/types\/post"}],"author":[{"embeddable":true,"href":"https:\/\/www.europesays.com\/fr\/wp-json\/wp\/v2\/users\/2"}],"replies":[{"embeddable":true,"href":"https:\/\/www.europesays.com\/fr\/wp-json\/wp\/v2\/comments?post=421643"}],"version-history":[{"count":0,"href":"https:\/\/www.europesays.com\/fr\/wp-json\/wp\/v2\/posts\/421643\/revisions"}],"wp:featuredmedia":[{"embeddable":true,"href":"https:\/\/www.europesays.com\/fr\/wp-json\/wp\/v2\/media\/421644"}],"wp:attachment":[{"href":"https:\/\/www.europesays.com\/fr\/wp-json\/wp\/v2\/media?parent=421643"}],"wp:term":[{"taxonomy":"category","embeddable":true,"href":"https:\/\/www.europesays.com\/fr\/wp-json\/wp\/v2\/categories?post=421643"},{"taxonomy":"post_tag","embeddable":true,"href":"https:\/\/www.europesays.com\/fr\/wp-json\/wp\/v2\/tags?post=421643"}],"curies":[{"name":"wp","href":"https:\/\/api.w.org\/{rel}","templated":true}]}}