{"id":421645,"date":"2025-09-27T15:12:13","date_gmt":"2025-09-27T15:12:13","guid":{"rendered":"https:\/\/www.europesays.com\/fr\/421645\/"},"modified":"2025-09-27T15:12:13","modified_gmt":"2025-09-27T15:12:13","slug":"un-homme-escalade-une-grille-et-sintroduit-dans-une-ecole-de-rouen-pendant-les-cours","status":"publish","type":"post","link":"https:\/\/www.europesays.com\/fr\/421645\/","title":{"rendered":"Un homme escalade une grille et s&rsquo;introduit dans une \u00e9cole de Rouen pendant les cours"},"content":{"rendered":"<p>            Par<br \/>\n        <strong><br \/>\n            <a href=\"https:\/\/actu.fr\/auteur\/fmass\" title=\"Consulter tous les articles de Fabien Massin\" target=\"_blank\" rel=\"noopener\">Fabien Massin<\/a><br \/>\n        <\/strong><\/p>\n<p>        Publi\u00e9 le<\/p>\n<p>            27 sept. 2025 \u00e0 15h58<br \/>\n        ; mis \u00e0 jour le 27 sept. 2025 \u00e0 16h07    <\/p>\n<p><strong>On ne sait pas ce qu\u2019il venait faire l\u00e0 mais son intrusion suscite l\u2019inqui\u00e9tude<\/strong>. Vendredi 26 septembre 2025, un homme s\u2019est introduit dans une \u00e9cole \u00e9l\u00e9mentaire de<a href=\"https:\/\/actu.fr\/normandie\/rouen_76540\" target=\"_blank\" rel=\"noopener\"> Rouen (Seine-Maritime)<\/a>, Laurent de Bimorel, rue des Arpents dans le quartier Saint-Marc.\u00a0<\/p>\n<p>L\u2019information relay\u00e9e via l\u2019appli Educartable\u00a0<\/p>\n<p class=\" wall-content\">Les \u00e9l\u00e8ves \u00e9taient en classe et les portes de l\u2019\u00e9cole ferm\u00e9es. \u00ab\u00a0Il a escalad\u00e9 une grille, <strong>informe \u00c9lizabeth Labaye<\/strong>, adjointe aux \u00e9coles et \u00e0 la petite enfance \u00e0 la Ville de Rouen. La directrice et le responsable du p\u00e9riscolaire l\u2019ont fait sortir. \u00c0 ma connaissance, il n\u2019y a pas eu d\u2019autre faits r\u00e9cents de ce type dans cette \u00e9cole.\u00a0\u00bb<\/p>\n<p>    <a href=\"https:\/\/www.facebook.com\/plugins\/post.php?href=https%3A%2F%2Fwww.facebook.com%2Fgrimm.einherjar%2Fposts%2Fpfbid0NRuNSjiTNfbQNP8xa4Awnorjb7dZZAEEBYuqjYDuwkts5rY2G6Aku9QezBRywRXtl&amp;show_text=true&amp;width=350\" title=\"Ouvrie le lien\" target=\"_blank\" rel=\"noopener\">Cliquez ici pour visualiser le contenu<\/a><\/p>\n<p class=\" wall-content\">L\u2019information a \u00e9t\u00e9 relay\u00e9e aupr\u00e8s des parents via l\u2019application Educartable d\u00e8s le vendredi, afin d\u2019\u00e9viter toute fausse rumeur ou exag\u00e9ration.\u00a0<\/p>\n<p class=\" wall-content\">\u00ab\u00a0L\u2019\u00c9ducation nationale a \u00e9t\u00e9 inform\u00e9e et la police municipale va faire des rondes, pr\u00e9cise \u00c9lizabeth Labaye. Personnellement je vais aller \u00e0 l\u2019\u00e9cole en d\u00e9but de semaine. <strong>Nous prenons la mesure de la situation et comprenons l\u2019inqui\u00e9tude des parents<\/strong>.\u00a0\u00bb<\/p>\n<p>Suivez l\u2019actualit\u00e9 de Rouen sur notre <a href=\"https:\/\/www.whatsapp.com\/channel\/0029VaKfnf99hXF2ddApFB1D\" target=\"_blank\" rel=\"noopener\">cha\u00eene WhatsApp<\/a> et sur notre <a href=\"https:\/\/www.tiktok.com\/@76actu.fr?lang=fr\" target=\"_blank\" rel=\"noopener\">compte TikTok<\/a><\/p>\n<p class=\" wall-content\">Personnalisez votre actualit\u00e9 en ajoutant vos villes et m\u00e9dias en favori avec <a href=\"https:\/\/moncompte.actu.fr\" title=\"D\u00e9couvez Mon Actu\" rel=\"nofollow noopener\" data-trk=\"{&quot;cta&quot;:{&quot;action&quot;:&quot;https:\\\/\\\/moncompte.actu.fr&quot;,&quot;category&quot;:&quot;mon compte&quot;,&quot;from&quot;:&quot;article footer&quot;,&quot;name&quot;:&quot;Mon actu&quot;,&quot;type&quot;:&quot;cta&quot;}}\" target=\"_blank\">Mon Actu<\/a>.<\/p>\n<p>                    <script async src=\"\/\/www.tiktok.com\/embed.js\"><\/script><\/p>\n","protected":false},"excerpt":{"rendered":"Par Fabien Massin Publi\u00e9 le 27 sept. 2025 \u00e0 15h58 ; mis \u00e0 jour le 27 sept. 2025&hellip;\n","protected":false},"author":2,"featured_media":421646,"comment_status":"","ping_status":"","sticky":false,"template":"","format":"standard","meta":{"footnotes":""},"categories":[9587],"tags":[1111,11,1057,1777,674,118,1011,27,12,5161,25,9590],"class_list":{"0":"post-421645","1":"post","2":"type-post","3":"status-publish","4":"format-standard","5":"has-post-thumbnail","7":"category-rouen","8":"tag-actu","9":"tag-actualites","10":"tag-education","11":"tag-eu","12":"tag-europe","13":"tag-faits-divers","14":"tag-fr","15":"tag-france","16":"tag-news","17":"tag-normandie","18":"tag-republique-francaise","19":"tag-rouen"},"share_on_mastodon":{"url":"https:\/\/pubeurope.com\/@fr\/115276909499686536","error":""},"_links":{"self":[{"href":"https:\/\/www.europesays.com\/fr\/wp-json\/wp\/v2\/posts\/421645","targetHints":{"allow":["GET"]}}],"collection":[{"href":"https:\/\/www.europesays.com\/fr\/wp-json\/wp\/v2\/posts"}],"about":[{"href":"https:\/\/www.europesays.com\/fr\/wp-json\/wp\/v2\/types\/post"}],"author":[{"embeddable":true,"href":"https:\/\/www.europesays.com\/fr\/wp-json\/wp\/v2\/users\/2"}],"replies":[{"embeddable":true,"href":"https:\/\/www.europesays.com\/fr\/wp-json\/wp\/v2\/comments?post=421645"}],"version-history":[{"count":0,"href":"https:\/\/www.europesays.com\/fr\/wp-json\/wp\/v2\/posts\/421645\/revisions"}],"wp:featuredmedia":[{"embeddable":true,"href":"https:\/\/www.europesays.com\/fr\/wp-json\/wp\/v2\/media\/421646"}],"wp:attachment":[{"href":"https:\/\/www.europesays.com\/fr\/wp-json\/wp\/v2\/media?parent=421645"}],"wp:term":[{"taxonomy":"category","embeddable":true,"href":"https:\/\/www.europesays.com\/fr\/wp-json\/wp\/v2\/categories?post=421645"},{"taxonomy":"post_tag","embeddable":true,"href":"https:\/\/www.europesays.com\/fr\/wp-json\/wp\/v2\/tags?post=421645"}],"curies":[{"name":"wp","href":"https:\/\/api.w.org\/{rel}","templated":true}]}}