{"id":421649,"date":"2025-09-27T15:14:19","date_gmt":"2025-09-27T15:14:19","guid":{"rendered":"https:\/\/www.europesays.com\/fr\/421649\/"},"modified":"2025-09-27T15:14:19","modified_gmt":"2025-09-27T15:14:19","slug":"grenoble-rate-une-belle-occasion-0-0","status":"publish","type":"post","link":"https:\/\/www.europesays.com\/fr\/421649\/","title":{"rendered":"Grenoble rate une belle occasion (0-0)"},"content":{"rendered":"<p itemprop=\"description\"><strong>C&rsquo;est l&rsquo;histoire d&rsquo;un match qui aurait du rapporter trois points au GF38.<\/strong><\/p>\n<p>Ce vendredi soir, les footballeurs is\u00e9rois n&rsquo;ont pu faire que match nul (0-0) face \u00e0 Bastia \u00e0 domicile.<\/p>\n<p>Une rencontre rageante, mais tellement symbolique des lacunes de l&rsquo;\u00e9quipe grenobloise, incapable de battre des Corses r\u00e9duits \u00e0 10 d\u00e8s la 41e minute apr\u00e8s l&rsquo;expulsion de J\u00e9r\u00e9my Sebas.<\/p>\n<p>Grenoble n&rsquo;a pas su quoi faire de sa forte possession de balle, car sur ses 10 tirs, seulement 3 ont \u00e9t\u00e9 cadr\u00e9s, tandis que Bastia n&rsquo;en cadrait pas un seul\u2026<\/p>\n<p>Ce duel de mal class\u00e9 n&rsquo;arrange personne. Bastia devient lanterne rouge, tandis que Grenoble occupe une inqui\u00e9tante 16e place.<\/p>\n<p>Le d\u00e9placement \u00e0 Reims la semaine prochaine sonne d\u00e9j\u00e0 comme un match \u00e0 haut risque.<\/p>\n","protected":false},"excerpt":{"rendered":"C&rsquo;est l&rsquo;histoire d&rsquo;un match qui aurait du rapporter trois points au GF38. Ce vendredi soir, les footballeurs is\u00e9rois&hellip;\n","protected":false},"author":2,"featured_media":421650,"comment_status":"","ping_status":"","sticky":false,"template":"","format":"standard","meta":{"footnotes":""},"categories":[9566],"tags":[1111,11,7733,8279,2430,7736,650,7734,2889,2263,1777,674,1011,27,2731,8280,6417,1114,108,4662,12,3725,1825,25,7737],"class_list":{"0":"post-421649","1":"post","2":"type-post","3":"status-publish","4":"format-standard","5":"has-post-thumbnail","7":"category-grenoble","8":"tag-actu","9":"tag-actualites","10":"tag-alpes","11":"tag-alpes1","12":"tag-auvergne-rhone-alpes","13":"tag-cds","14":"tag-cinema","15":"tag-ecoute","16":"tag-emission","17":"tag-equipe","18":"tag-eu","19":"tag-europe","20":"tag-fr","21":"tag-france","22":"tag-grenoble","23":"tag-haute","24":"tag-information","25":"tag-infos","26":"tag-isere","27":"tag-journal","28":"tag-news","29":"tag-podcast","30":"tag-radio","31":"tag-republique-francaise","32":"tag-winamp"},"share_on_mastodon":{"url":"https:\/\/pubeurope.com\/@fr\/115276917171456287","error":""},"_links":{"self":[{"href":"https:\/\/www.europesays.com\/fr\/wp-json\/wp\/v2\/posts\/421649","targetHints":{"allow":["GET"]}}],"collection":[{"href":"https:\/\/www.europesays.com\/fr\/wp-json\/wp\/v2\/posts"}],"about":[{"href":"https:\/\/www.europesays.com\/fr\/wp-json\/wp\/v2\/types\/post"}],"author":[{"embeddable":true,"href":"https:\/\/www.europesays.com\/fr\/wp-json\/wp\/v2\/users\/2"}],"replies":[{"embeddable":true,"href":"https:\/\/www.europesays.com\/fr\/wp-json\/wp\/v2\/comments?post=421649"}],"version-history":[{"count":0,"href":"https:\/\/www.europesays.com\/fr\/wp-json\/wp\/v2\/posts\/421649\/revisions"}],"wp:featuredmedia":[{"embeddable":true,"href":"https:\/\/www.europesays.com\/fr\/wp-json\/wp\/v2\/media\/421650"}],"wp:attachment":[{"href":"https:\/\/www.europesays.com\/fr\/wp-json\/wp\/v2\/media?parent=421649"}],"wp:term":[{"taxonomy":"category","embeddable":true,"href":"https:\/\/www.europesays.com\/fr\/wp-json\/wp\/v2\/categories?post=421649"},{"taxonomy":"post_tag","embeddable":true,"href":"https:\/\/www.europesays.com\/fr\/wp-json\/wp\/v2\/tags?post=421649"}],"curies":[{"name":"wp","href":"https:\/\/api.w.org\/{rel}","templated":true}]}}